{"id":65179,"date":"2015-12-24T14:45:23","date_gmt":"2015-12-24T17:45:23","guid":{"rendered":"http:\/\/www.eltrabajo.cl\/portal\/?p=65179"},"modified":"2015-12-24T14:45:23","modified_gmt":"2015-12-24T17:45:23","slug":"perros-reducen-a-mordidas-a-delincuente-que-ingreso-a-robar","status":"publish","type":"post","link":"https:\/\/eltrabajo.cl\/portal\/perros-reducen-a-mordidas-a-delincuente-que-ingreso-a-robar\/","title":{"rendered":"Perros reducen a mordidas a delincuente que ingres\u00f3 a robar"},"content":{"rendered":"<figure id=\"attachment_65180\" aria-describedby=\"caption-attachment-65180\" style=\"width: 300px\" class=\"wp-caption alignleft\"><img data-recalc-dims=\"1\" loading=\"lazy\" decoding=\"async\" class=\"wp-image-65180 size-medium\" src=\"https:\/\/i0.wp.com\/www.eltrabajo.cl\/portal\/wp-content\/uploads\/2015\/12\/raul-uribe-300x198.jpg?resize=300%2C198\" alt=\"El antisocial identificado como Ra\u00fal Uribe Mella, fue reducido por perros guardianes cuando intentaba cometer robo de especies.\" width=\"300\" height=\"198\" srcset=\"https:\/\/i0.wp.com\/eltrabajo.cl\/portal\/wp-content\/uploads\/2015\/12\/raul-uribe.jpg?resize=300%2C198&amp;ssl=1 300w, https:\/\/i0.wp.com\/eltrabajo.cl\/portal\/wp-content\/uploads\/2015\/12\/raul-uribe.jpg?resize=200%2C132&amp;ssl=1 200w, https:\/\/i0.wp.com\/eltrabajo.cl\/portal\/wp-content\/uploads\/2015\/12\/raul-uribe.jpg?resize=228%2C150&amp;ssl=1 228w, https:\/\/i0.wp.com\/eltrabajo.cl\/portal\/wp-content\/uploads\/2015\/12\/raul-uribe.jpg?resize=400%2C263&amp;ssl=1 400w, https:\/\/i0.wp.com\/eltrabajo.cl\/portal\/wp-content\/uploads\/2015\/12\/raul-uribe.jpg?w=530&amp;ssl=1 530w\" sizes=\"auto, (max-width: 300px) 100vw, 300px\" \/><figcaption id=\"caption-attachment-65180\" class=\"wp-caption-text\">El antisocial identificado como Ra\u00fal Uribe Mella, fue reducido por perros guardianes cuando intentaba cometer robo de especies.<\/figcaption><\/figure>\n<p>El antisocial de 27 a\u00f1os de edad qued\u00f3 tendido en el piso tras el ataque de los canes que acompa\u00f1an a un guardia que denunci\u00f3 los hechos a Carabineros, logrando la detenci\u00f3n del individuo que pretend\u00eda robar especies.<\/p>\n<p>Con heridas menos graves en su pierna izquierda, result\u00f3 un antisocial de 27 a\u00f1os de edad que fue reducido a mordidas por perros guardianes que se encontraban en el interior de la ex Escuela Hogar de calle Duc\u00f3 1050, colindante a la villa Industrial de San Felipe.<br \/>\nLos animales impidieron el delito que pretend\u00eda cometer este sujeto que qued\u00f3 literalmente inmovilizado por el dolor.<br \/>\nSeg\u00fan Carabineros, los hechos se habr\u00edan originado a eso de las 06:55 horas de la ma\u00f1ana de este mi\u00e9rcoles, cuando un guardia de 71 a\u00f1os de edad que efectuaba labores de vigilancia en el sitio del suceso, llam\u00f3 a nivel 133 requiriendo presencia policial para denunciar la irrupci\u00f3n de un desconocido que fue atacado por los canes.<br \/>\nEl testigo se\u00f1al\u00f3 a la polic\u00eda que se percat\u00f3 de la situaci\u00f3n tras los intensos ladridos de los perros que lo acompa\u00f1an en sus turnos durante la noche, observando al sujeto inmovilizado por las heridas producidas por las mordeduras de los animales.<br \/>\nAl concurrir al establecimiento, Carabineros individualiz\u00f3 al antisocial como Ra\u00fal Alejandro Uribe Mella de 27 a\u00f1os de edad, quien posee antecedentes delictuales, descartando la sustracci\u00f3n de especies en el sitio del suceso.<br \/>\nDebido a sus lesiones, el imputado fue conducido hasta el Hospital San Camilo para asistir las heridas en su pierna izquierda que fueron diagnosticadas por el m\u00e9dico como menos grave.<br \/>\nLa detenci\u00f3n de este sujeto fue controlada en el Juzgado de Garant\u00eda de San Felipe para ser formalizado por la Fiscal\u00eda por el delito de violaci\u00f3n de morada. El Tribunal resolvi\u00f3 fijar una nueva fecha para audiencia de juicio simplificado, concedi\u00e9ndole posteriormente su libertad.<br \/>\n<strong>Pablo Salinas Sald\u00edas<\/strong><\/p>\n","protected":false},"excerpt":{"rendered":"<p>El antisocial de 27 a\u00f1os de edad qued\u00f3 tendido en el piso tras el ataque de los canes que acompa\u00f1an a un guardia que denunci\u00f3 los hechos a Carabineros, logrando la detenci\u00f3n&#8230;<\/p>\n","protected":false},"author":482,"featured_media":65180,"comment_status":"open","ping_status":"open","sticky":false,"template":"","format":"standard","meta":{"advanced_seo_description":"","jetpack_seo_html_title":"","jetpack_seo_noindex":false,"_jetpack_memberships_contains_paid_content":false,"footnotes":""},"categories":[21],"tags":[],"class_list":["post-65179","post","type-post","status-publish","format-standard","has-post-thumbnail","hentry","category-policial"],"jetpack_featured_media_url":"https:\/\/i0.wp.com\/eltrabajo.cl\/portal\/wp-content\/uploads\/2015\/12\/raul-uribe.jpg?fit=530%2C349&ssl=1","jetpack_sharing_enabled":true,"jetpack_likes_enabled":true,"jetpack-related-posts":[],"_links":{"self":[{"href":"https:\/\/eltrabajo.cl\/portal\/wp-json\/wp\/v2\/posts\/65179","targetHints":{"allow":["GET"]}}],"collection":[{"href":"https:\/\/eltrabajo.cl\/portal\/wp-json\/wp\/v2\/posts"}],"about":[{"href":"https:\/\/eltrabajo.cl\/portal\/wp-json\/wp\/v2\/types\/post"}],"author":[{"embeddable":true,"href":"https:\/\/eltrabajo.cl\/portal\/wp-json\/wp\/v2\/users\/482"}],"replies":[{"embeddable":true,"href":"https:\/\/eltrabajo.cl\/portal\/wp-json\/wp\/v2\/comments?post=65179"}],"version-history":[{"count":0,"href":"https:\/\/eltrabajo.cl\/portal\/wp-json\/wp\/v2\/posts\/65179\/revisions"}],"wp:featuredmedia":[{"embeddable":true,"href":"https:\/\/eltrabajo.cl\/portal\/wp-json\/wp\/v2\/media\/65180"}],"wp:attachment":[{"href":"https:\/\/eltrabajo.cl\/portal\/wp-json\/wp\/v2\/media?parent=65179"}],"wp:term":[{"taxonomy":"category","embeddable":true,"href":"https:\/\/eltrabajo.cl\/portal\/wp-json\/wp\/v2\/categories?post=65179"},{"taxonomy":"post_tag","embeddable":true,"href":"https:\/\/eltrabajo.cl\/portal\/wp-json\/wp\/v2\/tags?post=65179"}],"curies":[{"name":"wp","href":"https:\/\/api.w.org\/{rel}","templated":true}]}}