{"id":65186,"date":"2015-12-28T14:31:04","date_gmt":"2015-12-28T17:31:04","guid":{"rendered":"http:\/\/www.eltrabajo.cl\/portal\/?p=65186"},"modified":"2015-12-28T14:31:04","modified_gmt":"2015-12-28T17:31:04","slug":"natalia-duco-elegida-como-la-mejor-atleta-del-pais-durante-el-2015","status":"publish","type":"post","link":"https:\/\/eltrabajo.cl\/portal\/natalia-duco-elegida-como-la-mejor-atleta-del-pais-durante-el-2015\/","title":{"rendered":"Natalia Duc\u00f3 elegida como la mejor atleta del pa\u00eds durante el 2015"},"content":{"rendered":"<figure id=\"attachment_65187\" aria-describedby=\"caption-attachment-65187\" style=\"width: 300px\" class=\"wp-caption alignleft\"><img data-recalc-dims=\"1\" loading=\"lazy\" decoding=\"async\" class=\"wp-image-65187 size-medium\" src=\"https:\/\/i0.wp.com\/www.eltrabajo.cl\/portal\/wp-content\/uploads\/2015\/12\/natalia-duco-300x198.jpg?resize=300%2C198\" alt=\"La balista sanfelipe\u00f1a Natalia Duc\u00f3 fue distinguida como la mejor atleta de Chile durante el 2015.\" width=\"300\" height=\"198\" srcset=\"https:\/\/i0.wp.com\/eltrabajo.cl\/portal\/wp-content\/uploads\/2015\/12\/natalia-duco.jpg?resize=300%2C198&amp;ssl=1 300w, https:\/\/i0.wp.com\/eltrabajo.cl\/portal\/wp-content\/uploads\/2015\/12\/natalia-duco.jpg?resize=200%2C132&amp;ssl=1 200w, https:\/\/i0.wp.com\/eltrabajo.cl\/portal\/wp-content\/uploads\/2015\/12\/natalia-duco.jpg?resize=228%2C150&amp;ssl=1 228w, https:\/\/i0.wp.com\/eltrabajo.cl\/portal\/wp-content\/uploads\/2015\/12\/natalia-duco.jpg?resize=400%2C263&amp;ssl=1 400w, https:\/\/i0.wp.com\/eltrabajo.cl\/portal\/wp-content\/uploads\/2015\/12\/natalia-duco.jpg?w=530&amp;ssl=1 530w\" sizes=\"auto, (max-width: 300px) 100vw, 300px\" \/><figcaption id=\"caption-attachment-65187\" class=\"wp-caption-text\">La balista sanfelipe\u00f1a Natalia Duc\u00f3 fue distinguida como la mejor atleta de Chile durante el 2015.<\/figcaption><\/figure>\n<p>La lanzadora de la Bala sanfelipe\u00f1a, Natalia Duc\u00f3 (26), fue elegida por el c\u00edrculo de periodistas deportivos como la Mejor Atleta de Chile durante el 2015.<br \/>\nLa deportista aconcag\u00fcina fue distinguida con el galard\u00f3n que desde el a\u00f1o 1951 hace entrega la agrupaci\u00f3n que re\u00fane a los profesionales de la prensa que cubren la actividad deportiva del pa\u00eds.<br \/>\nNatalia Duc\u00f3 recibi\u00f3 el premio en la ceremonia que el martes pasado se efectu\u00f3 en el aula magna de la Escuela de Investigaciones de Chile, mismo lugar donde el portero de la selecci\u00f3n chilena de f\u00fatbol, Claudio Bravo, recibi\u00f3 el premio al Mejor de los Mejores.<br \/>\nEl hito m\u00e1s importante de Natalia Duc\u00f3 durante este a\u00f1o, fue la obtenci\u00f3n de la medalla de bronce en los Juegos Panamericanos de Montreal en Canad\u00e1- la primera que consigue en una justa Panamericana- con un registro de 18.01 metros, marca que le permiti\u00f3 clasificar de manera directa a los Juegos Ol\u00edmpicos de R\u00edo de Janeiro del a\u00f1o entrante, logros que pesaron fuertemente a la hora de elegirla como la Mejor Atleta de Chile de la temporada.<\/p>\n","protected":false},"excerpt":{"rendered":"<p>La lanzadora de la Bala sanfelipe\u00f1a, Natalia Duc\u00f3 (26), fue elegida por el c\u00edrculo de periodistas deportivos como la Mejor Atleta de Chile durante el 2015. La deportista aconcag\u00fcina fue distinguida con&#8230;<\/p>\n","protected":false},"author":482,"featured_media":65187,"comment_status":"open","ping_status":"open","sticky":false,"template":"","format":"standard","meta":{"advanced_seo_description":"","jetpack_seo_html_title":"","jetpack_seo_noindex":false,"_jetpack_memberships_contains_paid_content":false,"footnotes":""},"categories":[19],"tags":[],"class_list":["post-65186","post","type-post","status-publish","format-standard","has-post-thumbnail","hentry","category-deportes"],"jetpack_featured_media_url":"https:\/\/i0.wp.com\/eltrabajo.cl\/portal\/wp-content\/uploads\/2015\/12\/natalia-duco.jpg?fit=530%2C349&ssl=1","jetpack_sharing_enabled":true,"jetpack_likes_enabled":true,"jetpack-related-posts":[],"_links":{"self":[{"href":"https:\/\/eltrabajo.cl\/portal\/wp-json\/wp\/v2\/posts\/65186","targetHints":{"allow":["GET"]}}],"collection":[{"href":"https:\/\/eltrabajo.cl\/portal\/wp-json\/wp\/v2\/posts"}],"about":[{"href":"https:\/\/eltrabajo.cl\/portal\/wp-json\/wp\/v2\/types\/post"}],"author":[{"embeddable":true,"href":"https:\/\/eltrabajo.cl\/portal\/wp-json\/wp\/v2\/users\/482"}],"replies":[{"embeddable":true,"href":"https:\/\/eltrabajo.cl\/portal\/wp-json\/wp\/v2\/comments?post=65186"}],"version-history":[{"count":0,"href":"https:\/\/eltrabajo.cl\/portal\/wp-json\/wp\/v2\/posts\/65186\/revisions"}],"wp:featuredmedia":[{"embeddable":true,"href":"https:\/\/eltrabajo.cl\/portal\/wp-json\/wp\/v2\/media\/65187"}],"wp:attachment":[{"href":"https:\/\/eltrabajo.cl\/portal\/wp-json\/wp\/v2\/media?parent=65186"}],"wp:term":[{"taxonomy":"category","embeddable":true,"href":"https:\/\/eltrabajo.cl\/portal\/wp-json\/wp\/v2\/categories?post=65186"},{"taxonomy":"post_tag","embeddable":true,"href":"https:\/\/eltrabajo.cl\/portal\/wp-json\/wp\/v2\/tags?post=65186"}],"curies":[{"name":"wp","href":"https:\/\/api.w.org\/{rel}","templated":true}]}}