{"id":65190,"date":"2015-12-28T14:34:13","date_gmt":"2015-12-28T17:34:13","guid":{"rendered":"http:\/\/www.eltrabajo.cl\/portal\/?p=65190"},"modified":"2015-12-28T14:34:13","modified_gmt":"2015-12-28T17:34:13","slug":"quintuplicaron-capacidad-de-atencion-de-complejo-fronterizo-los-libertadores-en-periodo-estival","status":"publish","type":"post","link":"https:\/\/eltrabajo.cl\/portal\/quintuplicaron-capacidad-de-atencion-de-complejo-fronterizo-los-libertadores-en-periodo-estival\/","title":{"rendered":"Quintuplicaron capacidad de atenci\u00f3n de Complejo Fronterizo Los Libertadores en periodo estival"},"content":{"rendered":"<figure id=\"attachment_65191\" aria-describedby=\"caption-attachment-65191\" style=\"width: 300px\" class=\"wp-caption alignleft\"><img data-recalc-dims=\"1\" loading=\"lazy\" decoding=\"async\" class=\"wp-image-65191 size-medium\" src=\"https:\/\/i0.wp.com\/www.eltrabajo.cl\/portal\/wp-content\/uploads\/2015\/12\/Paso-Los-Libertadores-300x197.jpg?resize=300%2C197\" alt=\"Se espera que m\u00e1s de 30 mil argentinos busquen cruzar la frontera para pasar el a\u00f1o nuevo en nuestro pa\u00eds (Foto Alejandro Cort\u00e9s Piffaut).\" width=\"300\" height=\"197\" srcset=\"https:\/\/i0.wp.com\/eltrabajo.cl\/portal\/wp-content\/uploads\/2015\/12\/Paso-Los-Libertadores.jpg?resize=300%2C197&amp;ssl=1 300w, https:\/\/i0.wp.com\/eltrabajo.cl\/portal\/wp-content\/uploads\/2015\/12\/Paso-Los-Libertadores.jpg?resize=200%2C131&amp;ssl=1 200w, https:\/\/i0.wp.com\/eltrabajo.cl\/portal\/wp-content\/uploads\/2015\/12\/Paso-Los-Libertadores.jpg?resize=228%2C150&amp;ssl=1 228w, https:\/\/i0.wp.com\/eltrabajo.cl\/portal\/wp-content\/uploads\/2015\/12\/Paso-Los-Libertadores.jpg?resize=400%2C263&amp;ssl=1 400w, https:\/\/i0.wp.com\/eltrabajo.cl\/portal\/wp-content\/uploads\/2015\/12\/Paso-Los-Libertadores.jpg?w=530&amp;ssl=1 530w\" sizes=\"auto, (max-width: 300px) 100vw, 300px\" \/><figcaption id=\"caption-attachment-65191\" class=\"wp-caption-text\">Se espera que m\u00e1s de 30 mil argentinos busquen cruzar la frontera para pasar el a\u00f1o nuevo en nuestro pa\u00eds (Foto Alejandro Cort\u00e9s Piffaut).<\/figcaption><\/figure>\n<ul>\n<li><strong>El objetivo de esta iniciativa es mejorar los tiempos de espera en la frontera<\/strong><\/li>\n<\/ul>\n<p><strong>LOS ANDES<\/strong>.- Debido a los altos flujos vehiculares registrados hasta la fecha y el aumento en la proyecci\u00f3n de autom\u00f3viles que ingresar\u00e1n a nuestro pa\u00eds durante el verano por el complejo fronterizo Los Libertadores, la Unidad de Pasos Fronterizos junto con la gobernaci\u00f3n provincial de Los Andes, desarrollan un plan de trabajo que busca quintuplicar la dotaci\u00f3n de funcionarios y casetas externas ubicadas en una zona de operaciones aleda\u00f1a al complejo de 700 metros cuadrados habilitada especialmente para estas operaciones durante el periodo estival.<br \/>\nEl objetivo de esta iniciativa es mejorar los tiempos de espera en la frontera y disminuir las filas de autom\u00f3viles que se han venido registrando este \u00faltimo tiempo.<br \/>\nLa primera fase de esta iniciativa comenz\u00f3 este jueves 24 de diciembre con la habilitaci\u00f3n de 12 puntos de atenci\u00f3n para veh\u00edculos particulares. Para la implementaci\u00f3n de estas acciones, los servicios p\u00fablicos chilenos de SAG, Aduanas y la PDI, junto a Migraciones y AFIP de Argentina reforzar\u00e1n sus dotaciones durante todo el verano.<br \/>\nUna segunda fase de la iniciativa se desarrollar\u00e1 en el mes de enero, la que consistir\u00e1 en agregar cuatro nuevos puntos de atenci\u00f3n para veh\u00edculos particulares, con ello, se lograr\u00e1 quintuplicar la capacidad de atenci\u00f3n, considerando el aumento de flujos que podr\u00eda registrarse en el mes de febrero.<br \/>\nEl Jefe de la Unidad de Pasos Fronterizos, Reginaldo Flores, manifest\u00f3 que \u201cdurante este verano llegaremos a contar con 20 puntos de atenci\u00f3n aumentando considerablemente la capacidad de respuesta respecto de lo disponible en el verano reci\u00e9n pasado\u201d.<br \/>\nFlores agreg\u00f3 que estas acciones de mejoramiento en la capacidad de atenci\u00f3n en el complejo fronterizo se mantendr\u00e1n durante todo el verano. \u201cCon esta nueva habilitaci\u00f3n de puntos de atenci\u00f3n y aumento en la dotaci\u00f3n, funcionaremos a m\u00e1xima capacidad para poder brindarle un mejor servicio a nuestros usuarios, mejorando los tiempos de atenci\u00f3n para que puedan realizar sus controles migratorios con mayor comodidad\u201d, manifest\u00f3.<br \/>\nAdem\u00e1s, se\u00f1ala que \u201cjunto con ello, otros servicios p\u00fablicos, como Carabineros de Chile, Onemi y personal de salud, se encontrar\u00e1n disponibles los fines de semana con mayor flujo vehicular para apoyar la gesti\u00f3n de los servicios, considerando las situaciones excepcionales que puedan producirse derivados del aumento en el n\u00famero de usuarios\u201d.<\/p>\n","protected":false},"excerpt":{"rendered":"<p>El objetivo de esta iniciativa es mejorar los tiempos de espera en la frontera LOS ANDES.- Debido a los altos flujos vehiculares registrados hasta la fecha y el aumento en la proyecci\u00f3n&#8230;<\/p>\n","protected":false},"author":482,"featured_media":65191,"comment_status":"open","ping_status":"open","sticky":false,"template":"","format":"standard","meta":{"advanced_seo_description":"","jetpack_seo_html_title":"","jetpack_seo_noindex":false,"_jetpack_memberships_contains_paid_content":false,"footnotes":""},"categories":[1],"tags":[],"class_list":["post-65190","post","type-post","status-publish","format-standard","has-post-thumbnail","hentry","category-cronica"],"jetpack_featured_media_url":"https:\/\/i0.wp.com\/eltrabajo.cl\/portal\/wp-content\/uploads\/2015\/12\/Paso-Los-Libertadores.jpg?fit=530%2C348&ssl=1","jetpack_sharing_enabled":true,"jetpack_likes_enabled":true,"jetpack-related-posts":[],"_links":{"self":[{"href":"https:\/\/eltrabajo.cl\/portal\/wp-json\/wp\/v2\/posts\/65190","targetHints":{"allow":["GET"]}}],"collection":[{"href":"https:\/\/eltrabajo.cl\/portal\/wp-json\/wp\/v2\/posts"}],"about":[{"href":"https:\/\/eltrabajo.cl\/portal\/wp-json\/wp\/v2\/types\/post"}],"author":[{"embeddable":true,"href":"https:\/\/eltrabajo.cl\/portal\/wp-json\/wp\/v2\/users\/482"}],"replies":[{"embeddable":true,"href":"https:\/\/eltrabajo.cl\/portal\/wp-json\/wp\/v2\/comments?post=65190"}],"version-history":[{"count":0,"href":"https:\/\/eltrabajo.cl\/portal\/wp-json\/wp\/v2\/posts\/65190\/revisions"}],"wp:featuredmedia":[{"embeddable":true,"href":"https:\/\/eltrabajo.cl\/portal\/wp-json\/wp\/v2\/media\/65191"}],"wp:attachment":[{"href":"https:\/\/eltrabajo.cl\/portal\/wp-json\/wp\/v2\/media?parent=65190"}],"wp:term":[{"taxonomy":"category","embeddable":true,"href":"https:\/\/eltrabajo.cl\/portal\/wp-json\/wp\/v2\/categories?post=65190"},{"taxonomy":"post_tag","embeddable":true,"href":"https:\/\/eltrabajo.cl\/portal\/wp-json\/wp\/v2\/tags?post=65190"}],"curies":[{"name":"wp","href":"https:\/\/api.w.org\/{rel}","templated":true}]}}