{"id":65202,"date":"2015-12-28T14:46:13","date_gmt":"2015-12-28T17:46:13","guid":{"rendered":"http:\/\/www.eltrabajo.cl\/portal\/?p=65202"},"modified":"2015-12-28T14:46:13","modified_gmt":"2015-12-28T17:46:13","slug":"estudiante-andino-logro-puntaje-nacional-en-la-psu-de-matematicas","status":"publish","type":"post","link":"https:\/\/eltrabajo.cl\/portal\/estudiante-andino-logro-puntaje-nacional-en-la-psu-de-matematicas\/","title":{"rendered":"Estudiante andino logr\u00f3 puntaje nacional en la PSU de matem\u00e1ticas"},"content":{"rendered":"<figure id=\"attachment_65203\" aria-describedby=\"caption-attachment-65203\" style=\"width: 300px\" class=\"wp-caption alignleft\"><img data-recalc-dims=\"1\" loading=\"lazy\" decoding=\"async\" class=\"wp-image-65203 size-medium\" src=\"https:\/\/i0.wp.com\/www.eltrabajo.cl\/portal\/wp-content\/uploads\/2015\/12\/Sebastian-Montenegro-300x198.jpg?resize=300%2C198\" alt=\"Sebasti\u00e1n Montenegro, puntaje nacional en la PSU agradeci\u00f3 el apoyo de sus padres, polola y amigos.\" width=\"300\" height=\"198\" srcset=\"https:\/\/i0.wp.com\/eltrabajo.cl\/portal\/wp-content\/uploads\/2015\/12\/Sebastian-Montenegro.jpg?resize=300%2C198&amp;ssl=1 300w, https:\/\/i0.wp.com\/eltrabajo.cl\/portal\/wp-content\/uploads\/2015\/12\/Sebastian-Montenegro.jpg?resize=200%2C132&amp;ssl=1 200w, https:\/\/i0.wp.com\/eltrabajo.cl\/portal\/wp-content\/uploads\/2015\/12\/Sebastian-Montenegro.jpg?resize=228%2C150&amp;ssl=1 228w, https:\/\/i0.wp.com\/eltrabajo.cl\/portal\/wp-content\/uploads\/2015\/12\/Sebastian-Montenegro.jpg?resize=400%2C263&amp;ssl=1 400w, https:\/\/i0.wp.com\/eltrabajo.cl\/portal\/wp-content\/uploads\/2015\/12\/Sebastian-Montenegro.jpg?w=530&amp;ssl=1 530w\" sizes=\"auto, (max-width: 300px) 100vw, 300px\" \/><figcaption id=\"caption-attachment-65203\" class=\"wp-caption-text\">Sebasti\u00e1n Montenegro, puntaje nacional en la PSU agradeci\u00f3 el apoyo de sus padres, polola y amigos.<\/figcaption><\/figure>\n<ul>\n<li><strong>Sebasti\u00e1n Montenegro Mansilla dijo que su prioridad ser\u00e1 estudiar Ingenier\u00eda en la Universidad de Chile.<\/strong><\/li>\n<\/ul>\n<p><strong>LOS ANDES.-<\/strong> El alumno del Instituto Chacabuco de Los Andes, Sebasti\u00e1n Ricardo Montenegro Mansilla logr\u00f3 puntaje nacional en la Prueba de Selecci\u00f3n Universitaria (PSU) 2015.<br \/>\nSebasti\u00e1n obtuvo 815 puntos en la PSU de matem\u00e1ticas y seg\u00fan nos confidenci\u00f3, su prioridad ser\u00e1 estudiar Ingenier\u00eda plan com\u00fan en la Universidad de Chile.<br \/>\nEl joven manifest\u00f3 que esto refleja el esfuerzo de toda una vida y agradeci\u00f3 a sus padres por haberlo apoyado en todo, as\u00ed como tambi\u00e9n a su polola, \u201ca mis compa\u00f1eros, al colegio, al preuniversitario y a toda la gente que puso sus fichas en m\u00ed\u201d.<br \/>\n\u201cA futuro yo me veo como un profesional y me encanta mucho la idea de tener una profesi\u00f3n , son ambicioso en ese sentido y lo m\u00e1s importante para lograr esto es el esfuerzo y tener muy claro cu\u00e1les son las metas y la ayuda es fundamental\u201d, expres\u00f3 Sebasti\u00e1n.<br \/>\nEl estudiante del ICH reconoci\u00f3 que no esperaba ser puntaje nacional en la PSU, \u201cpero sab\u00eda que me hab\u00eda ido bien en la prueba, a pesar que uno siempre se equivoca en puras tonteras, pero cuando recib\u00ed el llamado al principio pens\u00e9 que era una broma o algo, pero despu\u00e9s cuando me llamaron muchas personas y muchas instituciones ya confirme que era verdad\u201d.<\/p>\n<p><strong>ACCESO A LA GRATUIDAD<\/strong><br \/>\nSebasti\u00e1n ser\u00e1 uno de los alumnos que podr\u00e1 acceder a la gratuidad universal en la educaci\u00f3n superior a partir del a\u00f1o 2016.<br \/>\nPor esta raz\u00f3n se mostr\u00f3 a\u00fan m\u00e1s feliz por este derecho, \u201cpues en un principio yo estaba muy ajeno a todo esto, pensaba que no iba ser posible la gratuidad porque se iba a perder la calidad de la educaci\u00f3n o que era un tema a medias, pero esperemos que no sea as\u00ed, esperemos que la educaci\u00f3n sea gratuita para todos porque es un derecho para todas las personas\u201d, acot\u00f3.<\/p>\n","protected":false},"excerpt":{"rendered":"<p>Sebasti\u00e1n Montenegro Mansilla dijo que su prioridad ser\u00e1 estudiar Ingenier\u00eda en la Universidad de Chile. LOS ANDES.- El alumno del Instituto Chacabuco de Los Andes, Sebasti\u00e1n Ricardo Montenegro Mansilla logr\u00f3 puntaje nacional&#8230;<\/p>\n","protected":false},"author":482,"featured_media":65203,"comment_status":"open","ping_status":"open","sticky":false,"template":"","format":"standard","meta":{"advanced_seo_description":"","jetpack_seo_html_title":"","jetpack_seo_noindex":false,"_jetpack_memberships_contains_paid_content":false,"footnotes":""},"categories":[1],"tags":[],"class_list":["post-65202","post","type-post","status-publish","format-standard","has-post-thumbnail","hentry","category-cronica"],"jetpack_featured_media_url":"https:\/\/i0.wp.com\/eltrabajo.cl\/portal\/wp-content\/uploads\/2015\/12\/Sebastian-Montenegro.jpg?fit=530%2C349&ssl=1","jetpack_sharing_enabled":true,"jetpack_likes_enabled":true,"jetpack-related-posts":[],"_links":{"self":[{"href":"https:\/\/eltrabajo.cl\/portal\/wp-json\/wp\/v2\/posts\/65202","targetHints":{"allow":["GET"]}}],"collection":[{"href":"https:\/\/eltrabajo.cl\/portal\/wp-json\/wp\/v2\/posts"}],"about":[{"href":"https:\/\/eltrabajo.cl\/portal\/wp-json\/wp\/v2\/types\/post"}],"author":[{"embeddable":true,"href":"https:\/\/eltrabajo.cl\/portal\/wp-json\/wp\/v2\/users\/482"}],"replies":[{"embeddable":true,"href":"https:\/\/eltrabajo.cl\/portal\/wp-json\/wp\/v2\/comments?post=65202"}],"version-history":[{"count":0,"href":"https:\/\/eltrabajo.cl\/portal\/wp-json\/wp\/v2\/posts\/65202\/revisions"}],"wp:featuredmedia":[{"embeddable":true,"href":"https:\/\/eltrabajo.cl\/portal\/wp-json\/wp\/v2\/media\/65203"}],"wp:attachment":[{"href":"https:\/\/eltrabajo.cl\/portal\/wp-json\/wp\/v2\/media?parent=65202"}],"wp:term":[{"taxonomy":"category","embeddable":true,"href":"https:\/\/eltrabajo.cl\/portal\/wp-json\/wp\/v2\/categories?post=65202"},{"taxonomy":"post_tag","embeddable":true,"href":"https:\/\/eltrabajo.cl\/portal\/wp-json\/wp\/v2\/tags?post=65202"}],"curies":[{"name":"wp","href":"https:\/\/api.w.org\/{rel}","templated":true}]}}