{"id":65205,"date":"2015-12-28T14:47:34","date_gmt":"2015-12-28T17:47:34","guid":{"rendered":"http:\/\/www.eltrabajo.cl\/portal\/?p=65205"},"modified":"2015-12-28T14:47:34","modified_gmt":"2015-12-28T17:47:34","slug":"autoridades-muestran-preocupacion-por-lentitud-en-construccion-de-la-nueva-ruta-60-ch-tramo-panquehue","status":"publish","type":"post","link":"https:\/\/eltrabajo.cl\/portal\/autoridades-muestran-preocupacion-por-lentitud-en-construccion-de-la-nueva-ruta-60-ch-tramo-panquehue\/","title":{"rendered":"Autoridades muestran preocupaci\u00f3n por lentitud en construcci\u00f3n de la nueva ruta 60 CH tramo Panquehue"},"content":{"rendered":"<figure id=\"attachment_65206\" aria-describedby=\"caption-attachment-65206\" style=\"width: 300px\" class=\"wp-caption alignleft\"><img data-recalc-dims=\"1\" loading=\"lazy\" decoding=\"async\" class=\"wp-image-65206 size-medium\" src=\"https:\/\/i0.wp.com\/www.eltrabajo.cl\/portal\/wp-content\/uploads\/2015\/12\/Luis-Pradenas-300x198.jpg?resize=300%2C198\" alt=\"Luis Pradenas, alcalde de Panquehue.\" width=\"300\" height=\"198\" srcset=\"https:\/\/i0.wp.com\/eltrabajo.cl\/portal\/wp-content\/uploads\/2015\/12\/Luis-Pradenas.jpg?resize=300%2C198&amp;ssl=1 300w, https:\/\/i0.wp.com\/eltrabajo.cl\/portal\/wp-content\/uploads\/2015\/12\/Luis-Pradenas.jpg?resize=200%2C132&amp;ssl=1 200w, https:\/\/i0.wp.com\/eltrabajo.cl\/portal\/wp-content\/uploads\/2015\/12\/Luis-Pradenas.jpg?resize=228%2C150&amp;ssl=1 228w, https:\/\/i0.wp.com\/eltrabajo.cl\/portal\/wp-content\/uploads\/2015\/12\/Luis-Pradenas.jpg?resize=400%2C263&amp;ssl=1 400w, https:\/\/i0.wp.com\/eltrabajo.cl\/portal\/wp-content\/uploads\/2015\/12\/Luis-Pradenas.jpg?w=530&amp;ssl=1 530w\" sizes=\"auto, (max-width: 300px) 100vw, 300px\" \/><figcaption id=\"caption-attachment-65206\" class=\"wp-caption-text\">Luis Pradenas, alcalde de Panquehue.<\/figcaption><\/figure>\n<ul>\n<li><strong>Si bien desde hace un par de meses, se percib\u00eda un gran movimiento de obras en el trazado de la nueva 60 CH, en las \u00faltimas semanas los trabajos se han visto considerablemente disminuidos.<\/strong><\/li>\n<\/ul>\n<p><strong>PANQUEHUE<\/strong>.- Un llamado a las autoridades de Gobierno, con el fin de informar los motivos por la disminuci\u00f3n de las obras en la construcci\u00f3n de la nueva ruta CH 60, tramo Panquehue, realiz\u00f3 el alcalde Luis Pradenas.<br \/>\nLa autoridad comunal indic\u00f3 que si bien hace un par de meses, era notorio el movimiento de camiones y de obras en el mencionado tramo, sin embargo durante este mes, se han visto considerablemente disminuidos, por lo que insto al gobernador de San Felipe, Eduardo le\u00f3n y al secretario regional ministerial de Obras P\u00fablicas, Miguel Saavedra, a informar los motivos.<br \/>\n\u201cEl llamado que hago tanto al Gobernador de San Felipe como al Seremi del MOP es que agilicen los trabajos, porque para que se produzca una disminuci\u00f3n en las obras de la nueva 60 CH, debe haber una explicaci\u00f3n\u201d.<br \/>\nEl tramo 2 de la ruta 60 CH consta de 24,5 km. y forma parte del corredor bioce\u00e1nico que une Argentina con los principales puertos de la regi\u00f3n.<br \/>\nPara este tramo de la autopista licitada el a\u00f1o 2002 y detenido en el a\u00f1o 2007 por indefinici\u00f3n de su emplazamiento, y actualmente en desarrollo, se presenta una nueva revisi\u00f3n del proyecto de extracci\u00f3n para el suministro de los materiales en la obra e incorpora los \u00faltimos alcances que no fue posible atender en la Adenda Complementaria del proyecto anterior de marzo del 2014 y desistido en julio de este a\u00f1o.<br \/>\nPara el desarrollo de las obras, lo que hasta ahora ha generado un poco de preocupaci\u00f3n a la empresa OHL \u2013ejecutora de la obra- es la disponibilidad de material de \u00e1ridos, situaci\u00f3n que se ver\u00e1 resuelta, una vez aprobada la resoluci\u00f3n de evaluaci\u00f3n ambiental, para extraer un volumen total de 2,2 millones de M\u00b3 de \u00e1ridos desde el cauce del r\u00edo Aconcagua de manera mecanizada por un periodo de 15 meses, sin afectar el normal desarrollo de las actividades sociales, agr\u00edcolas y ganaderas, cuidando los componentes ambientales en su \u00e1rea de influencia para su extracci\u00f3n desde el r\u00edo Aconcagua.<\/p>\n","protected":false},"excerpt":{"rendered":"<p>Si bien desde hace un par de meses, se percib\u00eda un gran movimiento de obras en el trazado de la nueva 60 CH, en las \u00faltimas semanas los trabajos se han visto&#8230;<\/p>\n","protected":false},"author":482,"featured_media":65206,"comment_status":"open","ping_status":"open","sticky":false,"template":"","format":"standard","meta":{"advanced_seo_description":"","jetpack_seo_html_title":"","jetpack_seo_noindex":false,"_jetpack_memberships_contains_paid_content":false,"footnotes":""},"categories":[1],"tags":[],"class_list":["post-65205","post","type-post","status-publish","format-standard","has-post-thumbnail","hentry","category-cronica"],"jetpack_featured_media_url":"https:\/\/i0.wp.com\/eltrabajo.cl\/portal\/wp-content\/uploads\/2015\/12\/Luis-Pradenas.jpg?fit=530%2C349&ssl=1","jetpack_sharing_enabled":true,"jetpack_likes_enabled":true,"jetpack-related-posts":[],"_links":{"self":[{"href":"https:\/\/eltrabajo.cl\/portal\/wp-json\/wp\/v2\/posts\/65205","targetHints":{"allow":["GET"]}}],"collection":[{"href":"https:\/\/eltrabajo.cl\/portal\/wp-json\/wp\/v2\/posts"}],"about":[{"href":"https:\/\/eltrabajo.cl\/portal\/wp-json\/wp\/v2\/types\/post"}],"author":[{"embeddable":true,"href":"https:\/\/eltrabajo.cl\/portal\/wp-json\/wp\/v2\/users\/482"}],"replies":[{"embeddable":true,"href":"https:\/\/eltrabajo.cl\/portal\/wp-json\/wp\/v2\/comments?post=65205"}],"version-history":[{"count":0,"href":"https:\/\/eltrabajo.cl\/portal\/wp-json\/wp\/v2\/posts\/65205\/revisions"}],"wp:featuredmedia":[{"embeddable":true,"href":"https:\/\/eltrabajo.cl\/portal\/wp-json\/wp\/v2\/media\/65206"}],"wp:attachment":[{"href":"https:\/\/eltrabajo.cl\/portal\/wp-json\/wp\/v2\/media?parent=65205"}],"wp:term":[{"taxonomy":"category","embeddable":true,"href":"https:\/\/eltrabajo.cl\/portal\/wp-json\/wp\/v2\/categories?post=65205"},{"taxonomy":"post_tag","embeddable":true,"href":"https:\/\/eltrabajo.cl\/portal\/wp-json\/wp\/v2\/tags?post=65205"}],"curies":[{"name":"wp","href":"https:\/\/api.w.org\/{rel}","templated":true}]}}