{"id":65211,"date":"2015-12-28T14:53:47","date_gmt":"2015-12-28T17:53:47","guid":{"rendered":"http:\/\/www.eltrabajo.cl\/portal\/?p=65211"},"modified":"2015-12-28T14:53:47","modified_gmt":"2015-12-28T17:53:47","slug":"capturan-a-sujetos-armados-que-pretendian-robar-en-una-agricola","status":"publish","type":"post","link":"https:\/\/eltrabajo.cl\/portal\/capturan-a-sujetos-armados-que-pretendian-robar-en-una-agricola\/","title":{"rendered":"Capturan a sujetos armados que pretend\u00edan robar en una agr\u00edcola"},"content":{"rendered":"<figure id=\"attachment_65212\" aria-describedby=\"caption-attachment-65212\" style=\"width: 300px\" class=\"wp-caption alignleft\"><img data-recalc-dims=\"1\" loading=\"lazy\" decoding=\"async\" class=\"wp-image-65212 size-medium\" src=\"https:\/\/i0.wp.com\/www.eltrabajo.cl\/portal\/wp-content\/uploads\/2015\/12\/Asaltantes-agricola-300x198.jpg?resize=300%2C198\" alt=\"Ambos asaltantes poseen antecedentes delictuales que incluyen condenas de 10 y 8 a\u00f1os por robo.\" width=\"300\" height=\"198\" srcset=\"https:\/\/i0.wp.com\/eltrabajo.cl\/portal\/wp-content\/uploads\/2015\/12\/Asaltantes-agricola.jpg?resize=300%2C198&amp;ssl=1 300w, https:\/\/i0.wp.com\/eltrabajo.cl\/portal\/wp-content\/uploads\/2015\/12\/Asaltantes-agricola.jpg?resize=200%2C132&amp;ssl=1 200w, https:\/\/i0.wp.com\/eltrabajo.cl\/portal\/wp-content\/uploads\/2015\/12\/Asaltantes-agricola.jpg?resize=227%2C150&amp;ssl=1 227w, https:\/\/i0.wp.com\/eltrabajo.cl\/portal\/wp-content\/uploads\/2015\/12\/Asaltantes-agricola.jpg?resize=400%2C264&amp;ssl=1 400w, https:\/\/i0.wp.com\/eltrabajo.cl\/portal\/wp-content\/uploads\/2015\/12\/Asaltantes-agricola.jpg?w=530&amp;ssl=1 530w\" sizes=\"auto, (max-width: 300px) 100vw, 300px\" \/><figcaption id=\"caption-attachment-65212\" class=\"wp-caption-text\">Ambos asaltantes poseen antecedentes delictuales que incluyen condenas de 10 y 8 a\u00f1os por robo.<\/figcaption><\/figure>\n<ul>\n<li><strong>Antisociales que se movilizaban en una motocicleta quer\u00edan apoderarse de 11 millones de pesos destinados al pago de los trabajadores.<\/strong><\/li>\n<\/ul>\n<p><strong>SAN ESTEBAN<\/strong>.- Tras una breve persecuci\u00f3n de infanter\u00eda por unos parronales, personal de Carabineros de la Tenencia de San Esteban logr\u00f3 la captura de los delincuentes que premunidos de armas de fuego pretend\u00edan asaltar una agr\u00edcola y apoderarse de 11 millones de pesos que estaban destinados al pago de los trabajadores.<br \/>\nEl hecho se registr\u00f3 aproximadamente a las 11:15 horas de este jueves, cuando los antisociales llegaron a bordo de una motocicleta hasta la parte posterior de la agr\u00edcola Zenteno ubicada en la calle El Molino de esa comuna.<br \/>\nLa actitud sospechosa de los maleantes, sumado a que a esa hora se pagaban los sueldos de los trabajadores hizo que testigos llamaran a Carabineros.<br \/>\nEl Jefe de la Tenencia de San Esteban, Teniente Marco Cornejo Mendoza, indic\u00f3 que una vez recepcionado el llamado telef\u00f3nico, de inmediato un carro de la unidad se dirigi\u00f3 hasta ese lugar sorprendiendo a los antisociales a bordo de la moto.<br \/>\nAl verse descubiertos los maleantes se dieron a la fuga por unos parronales del mismo fundo siendo perseguidos por los uniformados quienes finalmente les dieron alcance y los redujeron.<br \/>\nEn poder de los antisociales se encontr\u00f3 una escopeta recortada con cinco cartuchos en su interior, adem\u00e1s de una pistola a fogueo con seis cartuchos en su rec\u00e1mara.<\/p>\n<figure id=\"attachment_65213\" aria-describedby=\"caption-attachment-65213\" style=\"width: 300px\" class=\"wp-caption alignright\"><img data-recalc-dims=\"1\" loading=\"lazy\" decoding=\"async\" class=\"wp-image-65213 size-medium\" src=\"https:\/\/i0.wp.com\/www.eltrabajo.cl\/portal\/wp-content\/uploads\/2015\/12\/Asaltantes-arma-300x198.jpg?resize=300%2C198\" alt=\"Los asaltantes se movilizaban en una motocicleta y estaban fuertemente armados.\" width=\"300\" height=\"198\" srcset=\"https:\/\/i0.wp.com\/eltrabajo.cl\/portal\/wp-content\/uploads\/2015\/12\/Asaltantes-arma.jpg?resize=300%2C198&amp;ssl=1 300w, https:\/\/i0.wp.com\/eltrabajo.cl\/portal\/wp-content\/uploads\/2015\/12\/Asaltantes-arma.jpg?resize=200%2C132&amp;ssl=1 200w, https:\/\/i0.wp.com\/eltrabajo.cl\/portal\/wp-content\/uploads\/2015\/12\/Asaltantes-arma.jpg?resize=227%2C150&amp;ssl=1 227w, https:\/\/i0.wp.com\/eltrabajo.cl\/portal\/wp-content\/uploads\/2015\/12\/Asaltantes-arma.jpg?resize=400%2C264&amp;ssl=1 400w, https:\/\/i0.wp.com\/eltrabajo.cl\/portal\/wp-content\/uploads\/2015\/12\/Asaltantes-arma.jpg?w=530&amp;ssl=1 530w\" sizes=\"auto, (max-width: 300px) 100vw, 300px\" \/><figcaption id=\"caption-attachment-65213\" class=\"wp-caption-text\">Los asaltantes se movilizaban en una motocicleta y estaban fuertemente armados.<\/figcaption><\/figure>\n<p>Adem\u00e1s en un banano manten\u00edan 10 cartuchos de escopeta calibre 12 y una caja de 38 cartuchos de salvas sin percutar.<br \/>\nEn la revisi\u00f3n de los documentos de la moto se estableci\u00f3 que \u00e9sta presentaba encargo por robo desde el d\u00eda 15 de diciembre en la comuna de Santa Mar\u00eda.<br \/>\nLos detenidos en esta exitosa diligencia policial fueron identificados como Luis David Flores Mu\u00f1oz, de 36 a\u00f1os y Gustavo Adolfo Leiva Gonz\u00e1lez, de 27, ambos domiciliados en la comuna de San Felipe y poseedores de nutrido prontuario delictual que incluyen condenas de 10 y 8 a\u00f1os por robo.<br \/>\nLos antisociales quedaron a disposici\u00f3n del Ministerio P\u00fablico por el delito de robo frustrado, tenencia ilegal de armas de fuego y receptaci\u00f3n de especies.<br \/>\nTras ser formalizados quedaron en prisi\u00f3n preventiva por ser considerados un peligro para la seguridad de la sociedad.<\/p>\n","protected":false},"excerpt":{"rendered":"<p>Antisociales que se movilizaban en una motocicleta quer\u00edan apoderarse de 11 millones de pesos destinados al pago de los trabajadores. SAN ESTEBAN.- Tras una breve persecuci\u00f3n de infanter\u00eda por unos parronales, personal&#8230;<\/p>\n","protected":false},"author":482,"featured_media":65212,"comment_status":"open","ping_status":"open","sticky":false,"template":"","format":"standard","meta":{"advanced_seo_description":"","jetpack_seo_html_title":"","jetpack_seo_noindex":false,"_jetpack_memberships_contains_paid_content":false,"footnotes":""},"categories":[21],"tags":[],"class_list":["post-65211","post","type-post","status-publish","format-standard","has-post-thumbnail","hentry","category-policial"],"jetpack_featured_media_url":"https:\/\/i0.wp.com\/eltrabajo.cl\/portal\/wp-content\/uploads\/2015\/12\/Asaltantes-agricola.jpg?fit=530%2C350&ssl=1","jetpack_sharing_enabled":true,"jetpack_likes_enabled":true,"jetpack-related-posts":[],"_links":{"self":[{"href":"https:\/\/eltrabajo.cl\/portal\/wp-json\/wp\/v2\/posts\/65211","targetHints":{"allow":["GET"]}}],"collection":[{"href":"https:\/\/eltrabajo.cl\/portal\/wp-json\/wp\/v2\/posts"}],"about":[{"href":"https:\/\/eltrabajo.cl\/portal\/wp-json\/wp\/v2\/types\/post"}],"author":[{"embeddable":true,"href":"https:\/\/eltrabajo.cl\/portal\/wp-json\/wp\/v2\/users\/482"}],"replies":[{"embeddable":true,"href":"https:\/\/eltrabajo.cl\/portal\/wp-json\/wp\/v2\/comments?post=65211"}],"version-history":[{"count":0,"href":"https:\/\/eltrabajo.cl\/portal\/wp-json\/wp\/v2\/posts\/65211\/revisions"}],"wp:featuredmedia":[{"embeddable":true,"href":"https:\/\/eltrabajo.cl\/portal\/wp-json\/wp\/v2\/media\/65212"}],"wp:attachment":[{"href":"https:\/\/eltrabajo.cl\/portal\/wp-json\/wp\/v2\/media?parent=65211"}],"wp:term":[{"taxonomy":"category","embeddable":true,"href":"https:\/\/eltrabajo.cl\/portal\/wp-json\/wp\/v2\/categories?post=65211"},{"taxonomy":"post_tag","embeddable":true,"href":"https:\/\/eltrabajo.cl\/portal\/wp-json\/wp\/v2\/tags?post=65211"}],"curies":[{"name":"wp","href":"https:\/\/api.w.org\/{rel}","templated":true}]}}