{"id":65221,"date":"2015-12-28T15:06:51","date_gmt":"2015-12-28T18:06:51","guid":{"rendered":"http:\/\/www.eltrabajo.cl\/portal\/?p=65221"},"modified":"2015-12-28T15:06:51","modified_gmt":"2015-12-28T18:06:51","slug":"incendio-arruino-navidad-a-familia-de-carabinero-calcinando-parte-de-su-vivienda","status":"publish","type":"post","link":"https:\/\/eltrabajo.cl\/portal\/incendio-arruino-navidad-a-familia-de-carabinero-calcinando-parte-de-su-vivienda\/","title":{"rendered":"Incendio arruin\u00f3 navidad a familia de carabinero calcinando parte de su vivienda."},"content":{"rendered":"<figure id=\"attachment_65222\" aria-describedby=\"caption-attachment-65222\" style=\"width: 300px\" class=\"wp-caption alignleft\"><img data-recalc-dims=\"1\" loading=\"lazy\" decoding=\"async\" class=\"wp-image-65222 size-medium\" src=\"https:\/\/i0.wp.com\/www.eltrabajo.cl\/portal\/wp-content\/uploads\/2015\/12\/incendio-1-1-300x198.jpg?resize=300%2C198\" alt=\"Las llamas consumieron en su totalidad unas de las habitaciones de la vivienda en villa Las Palmeras de San Felipe, registr\u00e1ndose da\u00f1os considerables hacia otras dependencias del segundo piso. (Fotograf\u00eda: Gabriela Oyarz\u00fan).\" width=\"300\" height=\"198\" srcset=\"https:\/\/i0.wp.com\/eltrabajo.cl\/portal\/wp-content\/uploads\/2015\/12\/incendio-1-1.jpg?resize=300%2C198&amp;ssl=1 300w, https:\/\/i0.wp.com\/eltrabajo.cl\/portal\/wp-content\/uploads\/2015\/12\/incendio-1-1.jpg?resize=200%2C132&amp;ssl=1 200w, https:\/\/i0.wp.com\/eltrabajo.cl\/portal\/wp-content\/uploads\/2015\/12\/incendio-1-1.jpg?resize=227%2C150&amp;ssl=1 227w, https:\/\/i0.wp.com\/eltrabajo.cl\/portal\/wp-content\/uploads\/2015\/12\/incendio-1-1.jpg?resize=400%2C264&amp;ssl=1 400w, https:\/\/i0.wp.com\/eltrabajo.cl\/portal\/wp-content\/uploads\/2015\/12\/incendio-1-1.jpg?w=530&amp;ssl=1 530w\" sizes=\"auto, (max-width: 300px) 100vw, 300px\" \/><figcaption id=\"caption-attachment-65222\" class=\"wp-caption-text\">Las llamas consumieron en su totalidad unas de las habitaciones de la vivienda en villa Las Palmeras de San Felipe, registr\u00e1ndose da\u00f1os considerables hacia otras dependencias del segundo piso. (Fotograf\u00eda: Gabriela Oyarz\u00fan).<\/figcaption><\/figure>\n<ul>\n<li><strong>El fuego se desat\u00f3 a pocas horas de celebrar la venida del Viejito Pascuero, resultando da\u00f1ada por las poderosas llamas una vivienda de la villa Las Palmeras de San Felipe. El siniestro fue controlado en minutos por Bomberos que investiga su origen.<\/strong><\/li>\n<\/ul>\n<p>Gran consternaci\u00f3n y p\u00e1nico gener\u00f3 entre los habitantes de la villa Las Palmeras de San Felipe, un incendio de proporciones que se produjo en una vivienda perteneciente al Sargento de Carabineros Carlos Salinas Sald\u00edas quien reside ah\u00ed junto a su esposa, tres hijos y una nieta de tres a\u00f1os de edad. Los afectados, angustiados por la situaci\u00f3n, presenciaron como las llamas calcinaron parcialmente el segundo nivel de su hogar a pocas horas de celebrar la navidad este jueves 24.<br \/>\nLos vecinos del sector inmediatamente prestaron colaboraci\u00f3n a estos residentes, utilizando las propias mangueras de sus jardines para tratar de extinguir el fuego que arremet\u00eda con furia contra la vivienda, fuego que hizo su aparici\u00f3n por las ventanas de una habitaci\u00f3n que estallaron debido a las altas temperaturas.<br \/>\nPero afortunadamente al mismo tiempo, Bomberos se encontraba a metros del siniestro, cuando uno de los carros se desplazaba por esas arterias acompa\u00f1ando la tradicional visita del Viejito Pascuero a todos los ni\u00f1os de esta comuna. Ante el llamado de emergencia, los hombres del fuego concurrieron en cuesti\u00f3n de segundos al lugar, comenzando las maniobras para aplacar las llamas que fueron reducidas, evitando la propagaci\u00f3n hacia otras viviendas.<br \/>\nLuego del arduo trabajo de las cuatro compa\u00f1\u00edas de Bomberos, familiares y un grupo de vecinos comenzaron a extraer parte de los enseres tales como muebles, equipos electr\u00f3nicos y vestuario entre otros hasta la vivienda vecina a fin de disminuir los da\u00f1os ya ocasionados.<\/p>\n<p><strong>INESCRUPULOSOS SAQUEOS<\/strong><br \/>\nSin importar la desgracia ajena, se registraron algunos saqueos por parte de inescrupulosos que escaparon con algunos enseres de la vivienda afectada en medio de esta emergencia, debiendo intervenir el personal de Carabineros que se apost\u00f3 en el sitio del suceso.<br \/>\nEn tanto, el Comandante de Bomberos Juan Carlos Herrera Lillo, inform\u00f3 a Diario El Trabajo que los da\u00f1os alcanzaron p\u00e9rdidas en un 80%, desconoci\u00e9ndose hasta el momento el origen del fuego que deber\u00e1 ser determinado por el Departamento T\u00e9cnico de esta instituci\u00f3n tras las pericias que se ejecutaron en el sitio del suceso.<br \/>\n\u201cEl fuego afect\u00f3 casi todo el segundo piso, adem\u00e1s del agua arrojada que afect\u00f3 el primer piso, los da\u00f1os fueron considerables. Afortunadamente los bomberos justo andaban por esa poblaci\u00f3n con la fiesta navide\u00f1a en el paseo del Viejo Pascuero y la central lo despach\u00f3 inmediatamente. Fue un trabajo r\u00e1pido y se evit\u00f3 la propagaci\u00f3n porque son casas pareadas. Sobre el origen del incendio a\u00fan es materia de investigaci\u00f3n, el da\u00f1o principal fue en uno de los dormitorios. No tenemos ninguna hip\u00f3tesis de lo que podr\u00eda haber sucedido hasta el momento, estamos a la espera del informe del Departamento T\u00e9cnico de Bomberos\u201d.<\/p>\n<p><strong>MILLONARIAS P\u00c9RDIDAS<\/strong><br \/>\nDiario El Trabajo estuvo presente al momento de este lamentable hecho, entrevistando posteriormente al funcionario de Carabineros, Carlos Salinas Sald\u00edas, quien se refiri\u00f3 a este lamentable episodio justo en v\u00edsperas de navidad, destacando que su familia no result\u00f3 herida producto de este incendio, avaluando las p\u00e9rdidas en un monto superior a los 20 millones de pesos.<br \/>\n\u201cEstamos afectados como familia, pero agradecidos de todos los vecinos que nos cooperaron en esta desgracia, hasta personas an\u00f3nimas que se han acercado a apoyarnos, el fuego afect\u00f3 a gran parte del segundo piso y en el primer nivel hay da\u00f1os producto del agua. Hemos recibido el apoyo de parte de Carabineros como tambi\u00e9n la de nuestros familiares cercanos que fueron fundamentales en esta fecha de navidad\u201d, afirm\u00f3 el propietario de la vivienda.<\/p>\n<div class=\"tiled-gallery type-rectangular tiled-gallery-unresized\" data-original-width=\"640\" data-carousel-extra='null' itemscope itemtype=\"http:\/\/schema.org\/ImageGallery\" > <div class=\"gallery-row\" style=\"width: 640px; height: 283px;\" data-original-width=\"640\" data-original-height=\"283\" > <div class=\"gallery-group images-1\" style=\"width: 428px; height: 283px;\" data-original-width=\"428\" data-original-height=\"283\" > <div class=\"tiled-gallery-item tiled-gallery-item-large\" itemprop=\"associatedMedia\" itemscope itemtype=\"http:\/\/schema.org\/ImageObject\"> <a href=\"https:\/\/eltrabajo.cl\/portal\/incendio-arruino-navidad-a-familia-de-carabinero-calcinando-parte-de-su-vivienda\/incendio-3-9\/\" border=\"0\" itemprop=\"url\"> <meta itemprop=\"width\" content=\"424\"> <meta itemprop=\"height\" content=\"279\"> <img decoding=\"async\" class=\"\" data-attachment-id=\"65224\" data-orig-file=\"https:\/\/eltrabajo.cl\/portal\/wp-content\/uploads\/2015\/12\/incendio-3.jpg\" data-orig-size=\"530,349\" data-comments-opened=\"1\" data-image-meta=\"{&quot;aperture&quot;:&quot;0&quot;,&quot;credit&quot;:&quot;&quot;,&quot;camera&quot;:&quot;&quot;,&quot;caption&quot;:&quot;&quot;,&quot;created_timestamp&quot;:&quot;0&quot;,&quot;copyright&quot;:&quot;&quot;,&quot;focal_length&quot;:&quot;0&quot;,&quot;iso&quot;:&quot;0&quot;,&quot;shutter_speed&quot;:&quot;0&quot;,&quot;title&quot;:&quot;&quot;,&quot;orientation&quot;:&quot;0&quot;}\" data-image-title=\"incendio 3\" data-image-description=\"&lt;p&gt;Bomberos control\u00f3 el incendio gracias a la intervenci\u00f3n de cuatro compa\u00f1\u00edas.&lt;\/p&gt; \" data-medium-file=\"https:\/\/i0.wp.com\/eltrabajo.cl\/portal\/wp-content\/uploads\/2015\/12\/incendio-3.jpg?fit=300%2C198&#038;ssl=1\" data-large-file=\"https:\/\/i0.wp.com\/eltrabajo.cl\/portal\/wp-content\/uploads\/2015\/12\/incendio-3.jpg?fit=530%2C349&#038;ssl=1\" src=\"https:\/\/i0.wp.com\/eltrabajo.cl\/portal\/wp-content\/uploads\/2015\/12\/incendio-3.jpg?w=424&#038;h=279&#038;ssl=1\" srcset=\"https:\/\/i0.wp.com\/eltrabajo.cl\/portal\/wp-content\/uploads\/2015\/12\/incendio-3.jpg?w=530&amp;ssl=1 530w, https:\/\/i0.wp.com\/eltrabajo.cl\/portal\/wp-content\/uploads\/2015\/12\/incendio-3.jpg?resize=200%2C132&amp;ssl=1 200w, https:\/\/i0.wp.com\/eltrabajo.cl\/portal\/wp-content\/uploads\/2015\/12\/incendio-3.jpg?resize=300%2C198&amp;ssl=1 300w, https:\/\/i0.wp.com\/eltrabajo.cl\/portal\/wp-content\/uploads\/2015\/12\/incendio-3.jpg?resize=228%2C150&amp;ssl=1 228w, https:\/\/i0.wp.com\/eltrabajo.cl\/portal\/wp-content\/uploads\/2015\/12\/incendio-3.jpg?resize=400%2C263&amp;ssl=1 400w\" width=\"424\" height=\"279\" loading=\"lazy\" data-original-width=\"424\" data-original-height=\"279\" itemprop=\"http:\/\/schema.org\/image\" title=\"incendio 3\" alt=\"Bomberos control\u00f3 el incendio gracias a la intervenci\u00f3n de cuatro compa\u00f1\u00edas.\" style=\"width: 424px; height: 279px;\" \/> <\/a> <div class=\"tiled-gallery-caption\" itemprop=\"caption description\"> Bomberos control\u00f3 el incendio gracias a la intervenci\u00f3n de cuatro compa\u00f1\u00edas. <\/div> <\/div> <\/div> <!-- close group --> <div class=\"gallery-group images-2\" style=\"width: 212px; height: 283px;\" data-original-width=\"212\" data-original-height=\"283\" > <div class=\"tiled-gallery-item tiled-gallery-item-small\" itemprop=\"associatedMedia\" itemscope itemtype=\"http:\/\/schema.org\/ImageObject\"> <a href=\"https:\/\/eltrabajo.cl\/portal\/incendio-arruino-navidad-a-familia-de-carabinero-calcinando-parte-de-su-vivienda\/incendio-2-14\/\" border=\"0\" itemprop=\"url\"> <meta itemprop=\"width\" content=\"208\"> <meta itemprop=\"height\" content=\"138\"> <img decoding=\"async\" class=\"\" data-attachment-id=\"65223\" data-orig-file=\"https:\/\/eltrabajo.cl\/portal\/wp-content\/uploads\/2015\/12\/Incendio-2.jpg\" data-orig-size=\"530,350\" data-comments-opened=\"1\" data-image-meta=\"{&quot;aperture&quot;:&quot;0&quot;,&quot;credit&quot;:&quot;&quot;,&quot;camera&quot;:&quot;&quot;,&quot;caption&quot;:&quot;&quot;,&quot;created_timestamp&quot;:&quot;0&quot;,&quot;copyright&quot;:&quot;&quot;,&quot;focal_length&quot;:&quot;0&quot;,&quot;iso&quot;:&quot;0&quot;,&quot;shutter_speed&quot;:&quot;0&quot;,&quot;title&quot;:&quot;&quot;,&quot;orientation&quot;:&quot;0&quot;}\" data-image-title=\"Incendio 2\" data-image-description=\"&lt;p&gt;Los vecinos r\u00e1pidamente intervinieron con sus mangueras a la espera de Bomberos que concurri\u00f3 a los pocos minutos al lugar. &lt;\/p&gt; \" data-medium-file=\"https:\/\/i0.wp.com\/eltrabajo.cl\/portal\/wp-content\/uploads\/2015\/12\/Incendio-2.jpg?fit=300%2C198&#038;ssl=1\" data-large-file=\"https:\/\/i0.wp.com\/eltrabajo.cl\/portal\/wp-content\/uploads\/2015\/12\/Incendio-2.jpg?fit=530%2C350&#038;ssl=1\" src=\"https:\/\/i0.wp.com\/eltrabajo.cl\/portal\/wp-content\/uploads\/2015\/12\/Incendio-2.jpg?w=208&#038;h=138&#038;ssl=1\" srcset=\"https:\/\/i0.wp.com\/eltrabajo.cl\/portal\/wp-content\/uploads\/2015\/12\/Incendio-2.jpg?w=530&amp;ssl=1 530w, https:\/\/i0.wp.com\/eltrabajo.cl\/portal\/wp-content\/uploads\/2015\/12\/Incendio-2.jpg?resize=200%2C132&amp;ssl=1 200w, https:\/\/i0.wp.com\/eltrabajo.cl\/portal\/wp-content\/uploads\/2015\/12\/Incendio-2.jpg?resize=300%2C198&amp;ssl=1 300w, https:\/\/i0.wp.com\/eltrabajo.cl\/portal\/wp-content\/uploads\/2015\/12\/Incendio-2.jpg?resize=227%2C150&amp;ssl=1 227w, https:\/\/i0.wp.com\/eltrabajo.cl\/portal\/wp-content\/uploads\/2015\/12\/Incendio-2.jpg?resize=400%2C264&amp;ssl=1 400w\" width=\"208\" height=\"138\" loading=\"lazy\" data-original-width=\"208\" data-original-height=\"138\" itemprop=\"http:\/\/schema.org\/image\" title=\"Incendio 2\" alt=\"Los vecinos r\u00e1pidamente intervinieron con sus mangueras a la espera de Bomberos que concurri\u00f3 a los pocos minutos al lugar.\" style=\"width: 208px; height: 138px;\" \/> <\/a> <div class=\"tiled-gallery-caption\" itemprop=\"caption description\"> Los vecinos r\u00e1pidamente intervinieron con sus mangueras a la espera de Bomberos que concurri\u00f3 a los pocos minutos al lugar. <\/div> <\/div> <div class=\"tiled-gallery-item tiled-gallery-item-small\" itemprop=\"associatedMedia\" itemscope itemtype=\"http:\/\/schema.org\/ImageObject\"> <a href=\"https:\/\/eltrabajo.cl\/portal\/incendio-arruino-navidad-a-familia-de-carabinero-calcinando-parte-de-su-vivienda\/incendio-4-5\/\" border=\"0\" itemprop=\"url\"> <meta itemprop=\"width\" content=\"208\"> <meta itemprop=\"height\" content=\"137\"> <img decoding=\"async\" class=\"\" data-attachment-id=\"65225\" data-orig-file=\"https:\/\/eltrabajo.cl\/portal\/wp-content\/uploads\/2015\/12\/incendio-4.jpg\" data-orig-size=\"530,350\" data-comments-opened=\"1\" data-image-meta=\"{&quot;aperture&quot;:&quot;0&quot;,&quot;credit&quot;:&quot;&quot;,&quot;camera&quot;:&quot;&quot;,&quot;caption&quot;:&quot;&quot;,&quot;created_timestamp&quot;:&quot;0&quot;,&quot;copyright&quot;:&quot;&quot;,&quot;focal_length&quot;:&quot;0&quot;,&quot;iso&quot;:&quot;0&quot;,&quot;shutter_speed&quot;:&quot;0&quot;,&quot;title&quot;:&quot;&quot;,&quot;orientation&quot;:&quot;0&quot;}\" data-image-title=\"incendio 4\" data-image-description=\"&lt;p&gt;Una de las habitaciones completamente calcinadas por el fuego.&lt;\/p&gt; \" data-medium-file=\"https:\/\/i0.wp.com\/eltrabajo.cl\/portal\/wp-content\/uploads\/2015\/12\/incendio-4.jpg?fit=300%2C198&#038;ssl=1\" data-large-file=\"https:\/\/i0.wp.com\/eltrabajo.cl\/portal\/wp-content\/uploads\/2015\/12\/incendio-4.jpg?fit=530%2C350&#038;ssl=1\" src=\"https:\/\/i0.wp.com\/eltrabajo.cl\/portal\/wp-content\/uploads\/2015\/12\/incendio-4.jpg?w=208&#038;h=137&#038;ssl=1\" srcset=\"https:\/\/i0.wp.com\/eltrabajo.cl\/portal\/wp-content\/uploads\/2015\/12\/incendio-4.jpg?w=530&amp;ssl=1 530w, https:\/\/i0.wp.com\/eltrabajo.cl\/portal\/wp-content\/uploads\/2015\/12\/incendio-4.jpg?resize=200%2C132&amp;ssl=1 200w, https:\/\/i0.wp.com\/eltrabajo.cl\/portal\/wp-content\/uploads\/2015\/12\/incendio-4.jpg?resize=300%2C198&amp;ssl=1 300w, https:\/\/i0.wp.com\/eltrabajo.cl\/portal\/wp-content\/uploads\/2015\/12\/incendio-4.jpg?resize=227%2C150&amp;ssl=1 227w, https:\/\/i0.wp.com\/eltrabajo.cl\/portal\/wp-content\/uploads\/2015\/12\/incendio-4.jpg?resize=400%2C264&amp;ssl=1 400w\" width=\"208\" height=\"137\" loading=\"lazy\" data-original-width=\"208\" data-original-height=\"137\" itemprop=\"http:\/\/schema.org\/image\" title=\"incendio 4\" alt=\"Una de las habitaciones completamente calcinadas por el fuego.\" style=\"width: 208px; height: 137px;\" \/> <\/a> <div class=\"tiled-gallery-caption\" itemprop=\"caption description\"> Una de las habitaciones completamente calcinadas por el fuego. <\/div> <\/div> <\/div> <!-- close group --> <\/div> <!-- close row --> <\/div>\n","protected":false},"excerpt":{"rendered":"<p>El fuego se desat\u00f3 a pocas horas de celebrar la venida del Viejito Pascuero, resultando da\u00f1ada por las poderosas llamas una vivienda de la villa Las Palmeras de San Felipe. El siniestro&#8230;<\/p>\n","protected":false},"author":482,"featured_media":65222,"comment_status":"open","ping_status":"open","sticky":false,"template":"","format":"standard","meta":{"advanced_seo_description":"","jetpack_seo_html_title":"","jetpack_seo_noindex":false,"_jetpack_memberships_contains_paid_content":false,"footnotes":""},"categories":[21],"tags":[],"class_list":["post-65221","post","type-post","status-publish","format-standard","has-post-thumbnail","hentry","category-policial"],"jetpack_featured_media_url":"https:\/\/i0.wp.com\/eltrabajo.cl\/portal\/wp-content\/uploads\/2015\/12\/incendio-1-1.jpg?fit=530%2C350&ssl=1","jetpack_sharing_enabled":true,"jetpack_likes_enabled":true,"jetpack-related-posts":[],"_links":{"self":[{"href":"https:\/\/eltrabajo.cl\/portal\/wp-json\/wp\/v2\/posts\/65221","targetHints":{"allow":["GET"]}}],"collection":[{"href":"https:\/\/eltrabajo.cl\/portal\/wp-json\/wp\/v2\/posts"}],"about":[{"href":"https:\/\/eltrabajo.cl\/portal\/wp-json\/wp\/v2\/types\/post"}],"author":[{"embeddable":true,"href":"https:\/\/eltrabajo.cl\/portal\/wp-json\/wp\/v2\/users\/482"}],"replies":[{"embeddable":true,"href":"https:\/\/eltrabajo.cl\/portal\/wp-json\/wp\/v2\/comments?post=65221"}],"version-history":[{"count":0,"href":"https:\/\/eltrabajo.cl\/portal\/wp-json\/wp\/v2\/posts\/65221\/revisions"}],"wp:featuredmedia":[{"embeddable":true,"href":"https:\/\/eltrabajo.cl\/portal\/wp-json\/wp\/v2\/media\/65222"}],"wp:attachment":[{"href":"https:\/\/eltrabajo.cl\/portal\/wp-json\/wp\/v2\/media?parent=65221"}],"wp:term":[{"taxonomy":"category","embeddable":true,"href":"https:\/\/eltrabajo.cl\/portal\/wp-json\/wp\/v2\/categories?post=65221"},{"taxonomy":"post_tag","embeddable":true,"href":"https:\/\/eltrabajo.cl\/portal\/wp-json\/wp\/v2\/tags?post=65221"}],"curies":[{"name":"wp","href":"https:\/\/api.w.org\/{rel}","templated":true}]}}