{"id":65235,"date":"2015-12-29T15:34:41","date_gmt":"2015-12-29T18:34:41","guid":{"rendered":"http:\/\/www.eltrabajo.cl\/portal\/?p=65235"},"modified":"2015-12-29T15:34:41","modified_gmt":"2015-12-29T18:34:41","slug":"tres-equipos-del-corina-urbina-competiran-en-un-torneo-cestero-en-chiloe","status":"publish","type":"post","link":"https:\/\/eltrabajo.cl\/portal\/tres-equipos-del-corina-urbina-competiran-en-un-torneo-cestero-en-chiloe\/","title":{"rendered":"Tres equipos del Corina Urbina competir\u00e1n en un torneo cestero en Chilo\u00e9"},"content":{"rendered":"<figure id=\"attachment_65236\" aria-describedby=\"caption-attachment-65236\" style=\"width: 300px\" class=\"wp-caption alignleft\"><img data-recalc-dims=\"1\" loading=\"lazy\" decoding=\"async\" class=\"wp-image-65236 size-medium\" src=\"https:\/\/i0.wp.com\/www.eltrabajo.cl\/portal\/wp-content\/uploads\/2015\/12\/crina-urbina-300x198.jpg?resize=300%2C198\" alt=\"En la ciudad de Castro el b\u00e1squetbol del Corina Urbina tendr\u00e1 su primer desaf\u00edo de importancia del a\u00f1o pr\u00f3ximo.\" width=\"300\" height=\"198\" srcset=\"https:\/\/i0.wp.com\/eltrabajo.cl\/portal\/wp-content\/uploads\/2015\/12\/crina-urbina.jpg?resize=300%2C198&amp;ssl=1 300w, https:\/\/i0.wp.com\/eltrabajo.cl\/portal\/wp-content\/uploads\/2015\/12\/crina-urbina.jpg?resize=200%2C132&amp;ssl=1 200w, https:\/\/i0.wp.com\/eltrabajo.cl\/portal\/wp-content\/uploads\/2015\/12\/crina-urbina.jpg?resize=227%2C150&amp;ssl=1 227w, https:\/\/i0.wp.com\/eltrabajo.cl\/portal\/wp-content\/uploads\/2015\/12\/crina-urbina.jpg?resize=400%2C264&amp;ssl=1 400w, https:\/\/i0.wp.com\/eltrabajo.cl\/portal\/wp-content\/uploads\/2015\/12\/crina-urbina.jpg?w=530&amp;ssl=1 530w\" sizes=\"auto, (max-width: 300px) 100vw, 300px\" \/><figcaption id=\"caption-attachment-65236\" class=\"wp-caption-text\">En la ciudad de Castro el b\u00e1squetbol del Corina Urbina tendr\u00e1 su primer desaf\u00edo de importancia del a\u00f1o pr\u00f3ximo.<\/figcaption><\/figure>\n<p>El a\u00f1o no termina y el Corina Urbina ya piensa en los desaf\u00edos que le esperan el 2016 en el cual el baloncesto liceano intentar\u00e1 seguir ejerciendo su hegemon\u00eda en los cestos locales y regionales.<br \/>\nEl primer apronte fuerte que tendr\u00e1n los quintetos que comanda el profesor Rodrigo Marianjel, ser\u00e1 la Copa Castro, un torneo en las categor\u00edas U13, U17 y U18 y en el cual se dan cita parte de los mejores equipos del pa\u00eds en esas series.<br \/>\nEl certamen que cuenta con el aval de la Federaci\u00f3n de B\u00e1squetbol de Chile, se desarrollar\u00e1 entre los d\u00edas 8 y 16 de enero pr\u00f3ximos y aparte de las sanfelipe\u00f1as tambi\u00e9n dir\u00e1n presente entre otros, Brisas, Universitarios de Chile y Libertad.<br \/>\nEl evento cestero que tendr\u00e1 lugar en las m\u00e1gicas y hermosas tierras chilotas, es el m\u00e1s importante del verano a nivel femenino en el pa\u00eds, por lo que para los tres conjuntos estudiantiles de San Felipe representar\u00e1 una buena vara de medici\u00f3n para lo que ser\u00e1n los exigentes doce meces que ya se avecinan.<\/p>\n","protected":false},"excerpt":{"rendered":"<p>El a\u00f1o no termina y el Corina Urbina ya piensa en los desaf\u00edos que le esperan el 2016 en el cual el baloncesto liceano intentar\u00e1 seguir ejerciendo su hegemon\u00eda en los cestos&#8230;<\/p>\n","protected":false},"author":482,"featured_media":65236,"comment_status":"open","ping_status":"open","sticky":false,"template":"","format":"standard","meta":{"advanced_seo_description":"","jetpack_seo_html_title":"","jetpack_seo_noindex":false,"_jetpack_memberships_contains_paid_content":false,"footnotes":""},"categories":[15],"tags":[],"class_list":["post-65235","post","type-post","status-publish","format-standard","has-post-thumbnail","hentry","category-comunidad"],"jetpack_featured_media_url":"https:\/\/i0.wp.com\/eltrabajo.cl\/portal\/wp-content\/uploads\/2015\/12\/crina-urbina.jpg?fit=530%2C350&ssl=1","jetpack_sharing_enabled":true,"jetpack_likes_enabled":true,"jetpack-related-posts":[],"_links":{"self":[{"href":"https:\/\/eltrabajo.cl\/portal\/wp-json\/wp\/v2\/posts\/65235","targetHints":{"allow":["GET"]}}],"collection":[{"href":"https:\/\/eltrabajo.cl\/portal\/wp-json\/wp\/v2\/posts"}],"about":[{"href":"https:\/\/eltrabajo.cl\/portal\/wp-json\/wp\/v2\/types\/post"}],"author":[{"embeddable":true,"href":"https:\/\/eltrabajo.cl\/portal\/wp-json\/wp\/v2\/users\/482"}],"replies":[{"embeddable":true,"href":"https:\/\/eltrabajo.cl\/portal\/wp-json\/wp\/v2\/comments?post=65235"}],"version-history":[{"count":0,"href":"https:\/\/eltrabajo.cl\/portal\/wp-json\/wp\/v2\/posts\/65235\/revisions"}],"wp:featuredmedia":[{"embeddable":true,"href":"https:\/\/eltrabajo.cl\/portal\/wp-json\/wp\/v2\/media\/65236"}],"wp:attachment":[{"href":"https:\/\/eltrabajo.cl\/portal\/wp-json\/wp\/v2\/media?parent=65235"}],"wp:term":[{"taxonomy":"category","embeddable":true,"href":"https:\/\/eltrabajo.cl\/portal\/wp-json\/wp\/v2\/categories?post=65235"},{"taxonomy":"post_tag","embeddable":true,"href":"https:\/\/eltrabajo.cl\/portal\/wp-json\/wp\/v2\/tags?post=65235"}],"curies":[{"name":"wp","href":"https:\/\/api.w.org\/{rel}","templated":true}]}}