{"id":65238,"date":"2015-12-29T15:39:31","date_gmt":"2015-12-29T18:39:31","guid":{"rendered":"http:\/\/www.eltrabajo.cl\/portal\/?p=65238"},"modified":"2015-12-29T15:39:31","modified_gmt":"2015-12-29T18:39:31","slug":"realizan-ceremonia-de-titulacion-2015-en-uac","status":"publish","type":"post","link":"https:\/\/eltrabajo.cl\/portal\/realizan-ceremonia-de-titulacion-2015-en-uac\/","title":{"rendered":"Realizan Ceremonia de Titulaci\u00f3n 2015 en UAC"},"content":{"rendered":"<figure id=\"attachment_65239\" aria-describedby=\"caption-attachment-65239\" style=\"width: 300px\" class=\"wp-caption alignleft\"><img data-recalc-dims=\"1\" loading=\"lazy\" decoding=\"async\" class=\"wp-image-65239 size-medium\" src=\"https:\/\/i0.wp.com\/www.eltrabajo.cl\/portal\/wp-content\/uploads\/2015\/12\/Mejor-egresado-300x198.jpg?resize=300%2C198\" alt=\"En la ceremonia de Titulaci\u00f3n se destac\u00f3 al estudiante Jorge Araya Saavedra quien fue reconocido por su excelente rendimiento acad\u00e9mico.\" width=\"300\" height=\"198\" srcset=\"https:\/\/i0.wp.com\/eltrabajo.cl\/portal\/wp-content\/uploads\/2015\/12\/Mejor-egresado.jpg?resize=300%2C198&amp;ssl=1 300w, https:\/\/i0.wp.com\/eltrabajo.cl\/portal\/wp-content\/uploads\/2015\/12\/Mejor-egresado.jpg?resize=200%2C132&amp;ssl=1 200w, https:\/\/i0.wp.com\/eltrabajo.cl\/portal\/wp-content\/uploads\/2015\/12\/Mejor-egresado.jpg?resize=227%2C150&amp;ssl=1 227w, https:\/\/i0.wp.com\/eltrabajo.cl\/portal\/wp-content\/uploads\/2015\/12\/Mejor-egresado.jpg?resize=400%2C264&amp;ssl=1 400w, https:\/\/i0.wp.com\/eltrabajo.cl\/portal\/wp-content\/uploads\/2015\/12\/Mejor-egresado.jpg?w=530&amp;ssl=1 530w\" sizes=\"auto, (max-width: 300px) 100vw, 300px\" \/><figcaption id=\"caption-attachment-65239\" class=\"wp-caption-text\">En la ceremonia de Titulaci\u00f3n se destac\u00f3 al estudiante Jorge Araya Saavedra quien fue reconocido por su excelente rendimiento acad\u00e9mico.<\/figcaption><\/figure>\n<p>En el Teatro Municipal de San Felipe se efectu\u00f3 la Ceremonia de Titulaci\u00f3n 2015 de la Universidad de Aconcagua, ocasi\u00f3n en que se entregaron t\u00edtulos en las carreras de Ingenier\u00eda Comercial, Auditor\u00eda, Psicolog\u00eda, Kinesiolog\u00eda, Agronom\u00eda, Ingenier\u00eda en Prevenci\u00f3n de Riesgos y Medio Ambiente, Contabilidad General, T\u00e9cnicos en Enfermer\u00eda, entre otras.<br \/>\nLa actividad, encabezada por la Vicerrectora Acad\u00e9mica, Sra. Katherine L\u00f3pez \u00c1rias, y el Director de la Sede San Felipe, Sr. Javier Cerda \u00c1vila, cont\u00f3 con la presencia de autoridades provinciales, jefes de servicios, directivos y docentes de la Universidad, adem\u00e1s de familiares y amigos de los titulados.<br \/>\nComo es tradicional, en la titulaci\u00f3n se hizo entrega del premio \u2018M\u00e1xima Distinci\u00f3n\u2019, el cual correspondi\u00f3 al titulado de la carrera de T\u00e9cnico Nivel Superior en Enfermer\u00eda, Jorge Araya Saavedra, quien se destac\u00f3 a lo largo de su proceso de formaci\u00f3n acad\u00e9mica, consiguiendo el mejor rendimiento acad\u00e9mico de la promoci\u00f3n 2015, con un promedio de notas de 6,8<\/p>\n<p><strong>RECONOCIMIENTO A DOCENTES<\/strong><br \/>\nDurante la ceremonia se hizo tambi\u00e9n un merecido reconocimiento a docentes, por su trayectoria y contribuci\u00f3n al desarrollo de la Universidad en San Felipe, los que recayeron en Christian Zamora Fajardo, Juan Ocampo Contreras, Claudio Mart\u00ednez Milet, Gemma Aravena Romero, Gonzalo Lucero Segura, Iv\u00e1n Alcaide Troncoso, Bernardo Vargas Ram\u00edrez, Claudia Lillo Labayru, Graciela Sanhueza Foulon y Jos\u00e9 Gallardo Gonzalez.<\/p>\n<div class=\"tiled-gallery type-rectangular tiled-gallery-unresized\" data-original-width=\"640\" data-carousel-extra='null' itemscope itemtype=\"http:\/\/schema.org\/ImageGallery\" > <div class=\"gallery-row\" style=\"width: 640px; height: 212px;\" data-original-width=\"640\" data-original-height=\"212\" > <div class=\"gallery-group images-1\" style=\"width: 321px; height: 212px;\" data-original-width=\"321\" data-original-height=\"212\" > <div class=\"tiled-gallery-item tiled-gallery-item-large\" itemprop=\"associatedMedia\" itemscope itemtype=\"http:\/\/schema.org\/ImageObject\"> <a href=\"https:\/\/eltrabajo.cl\/portal\/realizan-ceremonia-de-titulacion-2015-en-uac\/docentes-destacados2\/\" border=\"0\" itemprop=\"url\"> <meta itemprop=\"width\" content=\"317\"> <meta itemprop=\"height\" content=\"208\"> <img decoding=\"async\" class=\"\" data-attachment-id=\"65240\" data-orig-file=\"https:\/\/eltrabajo.cl\/portal\/wp-content\/uploads\/2015\/12\/Docentes-destacados2.jpg\" data-orig-size=\"530,348\" data-comments-opened=\"1\" data-image-meta=\"{&quot;aperture&quot;:&quot;0&quot;,&quot;credit&quot;:&quot;&quot;,&quot;camera&quot;:&quot;&quot;,&quot;caption&quot;:&quot;&quot;,&quot;created_timestamp&quot;:&quot;0&quot;,&quot;copyright&quot;:&quot;&quot;,&quot;focal_length&quot;:&quot;0&quot;,&quot;iso&quot;:&quot;0&quot;,&quot;shutter_speed&quot;:&quot;0&quot;,&quot;title&quot;:&quot;&quot;,&quot;orientation&quot;:&quot;0&quot;}\" data-image-title=\"Docentes destacados2\" data-image-description=\"&lt;p&gt;Tambi\u00e9n fueron destacados docentes debido a su trayectoria y contribuci\u00f3n al desarrollo de la Universidad de San Felipe.&lt;\/p&gt; \" data-medium-file=\"https:\/\/i0.wp.com\/eltrabajo.cl\/portal\/wp-content\/uploads\/2015\/12\/Docentes-destacados2.jpg?fit=300%2C197&#038;ssl=1\" data-large-file=\"https:\/\/i0.wp.com\/eltrabajo.cl\/portal\/wp-content\/uploads\/2015\/12\/Docentes-destacados2.jpg?fit=530%2C348&#038;ssl=1\" src=\"https:\/\/i0.wp.com\/eltrabajo.cl\/portal\/wp-content\/uploads\/2015\/12\/Docentes-destacados2.jpg?w=317&#038;h=208&#038;ssl=1\" srcset=\"https:\/\/i0.wp.com\/eltrabajo.cl\/portal\/wp-content\/uploads\/2015\/12\/Docentes-destacados2.jpg?w=530&amp;ssl=1 530w, https:\/\/i0.wp.com\/eltrabajo.cl\/portal\/wp-content\/uploads\/2015\/12\/Docentes-destacados2.jpg?resize=200%2C131&amp;ssl=1 200w, https:\/\/i0.wp.com\/eltrabajo.cl\/portal\/wp-content\/uploads\/2015\/12\/Docentes-destacados2.jpg?resize=300%2C197&amp;ssl=1 300w, https:\/\/i0.wp.com\/eltrabajo.cl\/portal\/wp-content\/uploads\/2015\/12\/Docentes-destacados2.jpg?resize=228%2C150&amp;ssl=1 228w, https:\/\/i0.wp.com\/eltrabajo.cl\/portal\/wp-content\/uploads\/2015\/12\/Docentes-destacados2.jpg?resize=400%2C263&amp;ssl=1 400w\" width=\"317\" height=\"208\" loading=\"lazy\" data-original-width=\"317\" data-original-height=\"208\" itemprop=\"http:\/\/schema.org\/image\" title=\"Docentes destacados2\" alt=\"Tambi\u00e9n fueron destacados docentes debido a su trayectoria y contribuci\u00f3n al desarrollo de la Universidad de San Felipe.\" style=\"width: 317px; height: 208px;\" \/> <\/a> <div class=\"tiled-gallery-caption\" itemprop=\"caption description\"> Tambi\u00e9n fueron destacados docentes debido a su trayectoria y contribuci\u00f3n al desarrollo de la Universidad de San Felipe. <\/div> <\/div> <\/div> <!-- close group --> <div class=\"gallery-group images-1\" style=\"width: 319px; height: 212px;\" data-original-width=\"319\" data-original-height=\"212\" > <div class=\"tiled-gallery-item tiled-gallery-item-large\" itemprop=\"associatedMedia\" itemscope itemtype=\"http:\/\/schema.org\/ImageObject\"> <a href=\"https:\/\/eltrabajo.cl\/portal\/realizan-ceremonia-de-titulacion-2015-en-uac\/teatro-lleno\/\" border=\"0\" itemprop=\"url\"> <meta itemprop=\"width\" content=\"315\"> <meta itemprop=\"height\" content=\"208\"> <img decoding=\"async\" class=\"\" data-attachment-id=\"65241\" data-orig-file=\"https:\/\/eltrabajo.cl\/portal\/wp-content\/uploads\/2015\/12\/Teatro-lleno.jpg\" data-orig-size=\"530,350\" data-comments-opened=\"1\" data-image-meta=\"{&quot;aperture&quot;:&quot;0&quot;,&quot;credit&quot;:&quot;&quot;,&quot;camera&quot;:&quot;&quot;,&quot;caption&quot;:&quot;&quot;,&quot;created_timestamp&quot;:&quot;0&quot;,&quot;copyright&quot;:&quot;&quot;,&quot;focal_length&quot;:&quot;0&quot;,&quot;iso&quot;:&quot;0&quot;,&quot;shutter_speed&quot;:&quot;0&quot;,&quot;title&quot;:&quot;&quot;,&quot;orientation&quot;:&quot;0&quot;}\" data-image-title=\"Teatro lleno\" data-image-description=\"&lt;p&gt;Con gran concurrencia de p\u00fablico se llev\u00f3 a cabo la Ceremonia de Titulaci\u00f3n 2015 de la Universidad de Aconcagua en el Teatro Municipal de San Felipe.&lt;\/p&gt; \" data-medium-file=\"https:\/\/i0.wp.com\/eltrabajo.cl\/portal\/wp-content\/uploads\/2015\/12\/Teatro-lleno.jpg?fit=300%2C198&#038;ssl=1\" data-large-file=\"https:\/\/i0.wp.com\/eltrabajo.cl\/portal\/wp-content\/uploads\/2015\/12\/Teatro-lleno.jpg?fit=530%2C350&#038;ssl=1\" src=\"https:\/\/i0.wp.com\/eltrabajo.cl\/portal\/wp-content\/uploads\/2015\/12\/Teatro-lleno.jpg?w=315&#038;h=208&#038;ssl=1\" srcset=\"https:\/\/i0.wp.com\/eltrabajo.cl\/portal\/wp-content\/uploads\/2015\/12\/Teatro-lleno.jpg?w=530&amp;ssl=1 530w, https:\/\/i0.wp.com\/eltrabajo.cl\/portal\/wp-content\/uploads\/2015\/12\/Teatro-lleno.jpg?resize=200%2C132&amp;ssl=1 200w, https:\/\/i0.wp.com\/eltrabajo.cl\/portal\/wp-content\/uploads\/2015\/12\/Teatro-lleno.jpg?resize=300%2C198&amp;ssl=1 300w, https:\/\/i0.wp.com\/eltrabajo.cl\/portal\/wp-content\/uploads\/2015\/12\/Teatro-lleno.jpg?resize=227%2C150&amp;ssl=1 227w, https:\/\/i0.wp.com\/eltrabajo.cl\/portal\/wp-content\/uploads\/2015\/12\/Teatro-lleno.jpg?resize=400%2C264&amp;ssl=1 400w\" width=\"315\" height=\"208\" loading=\"lazy\" data-original-width=\"315\" data-original-height=\"208\" itemprop=\"http:\/\/schema.org\/image\" title=\"Teatro lleno\" alt=\"Con gran concurrencia de p\u00fablico se llev\u00f3 a cabo la Ceremonia de Titulaci\u00f3n 2015 de la Universidad de Aconcagua en el Teatro Municipal de San Felipe.\" style=\"width: 315px; height: 208px;\" \/> <\/a> <div class=\"tiled-gallery-caption\" itemprop=\"caption description\"> Con gran concurrencia de p\u00fablico se llev\u00f3 a cabo la Ceremonia de Titulaci\u00f3n 2015 de la Universidad de Aconcagua en el Teatro Municipal de San Felipe. <\/div> <\/div> <\/div> <!-- close group --> <\/div> <!-- close row --> <\/div>\n","protected":false},"excerpt":{"rendered":"<p>En el Teatro Municipal de San Felipe se efectu\u00f3 la Ceremonia de Titulaci\u00f3n 2015 de la Universidad de Aconcagua, ocasi\u00f3n en que se entregaron t\u00edtulos en las carreras de Ingenier\u00eda Comercial, Auditor\u00eda,&#8230;<\/p>\n","protected":false},"author":482,"featured_media":65239,"comment_status":"open","ping_status":"open","sticky":false,"template":"","format":"standard","meta":{"advanced_seo_description":"","jetpack_seo_html_title":"","jetpack_seo_noindex":false,"_jetpack_memberships_contains_paid_content":false,"footnotes":""},"categories":[15],"tags":[],"class_list":["post-65238","post","type-post","status-publish","format-standard","has-post-thumbnail","hentry","category-comunidad"],"jetpack_featured_media_url":"https:\/\/i0.wp.com\/eltrabajo.cl\/portal\/wp-content\/uploads\/2015\/12\/Mejor-egresado.jpg?fit=530%2C350&ssl=1","jetpack_sharing_enabled":true,"jetpack_likes_enabled":true,"jetpack-related-posts":[],"_links":{"self":[{"href":"https:\/\/eltrabajo.cl\/portal\/wp-json\/wp\/v2\/posts\/65238","targetHints":{"allow":["GET"]}}],"collection":[{"href":"https:\/\/eltrabajo.cl\/portal\/wp-json\/wp\/v2\/posts"}],"about":[{"href":"https:\/\/eltrabajo.cl\/portal\/wp-json\/wp\/v2\/types\/post"}],"author":[{"embeddable":true,"href":"https:\/\/eltrabajo.cl\/portal\/wp-json\/wp\/v2\/users\/482"}],"replies":[{"embeddable":true,"href":"https:\/\/eltrabajo.cl\/portal\/wp-json\/wp\/v2\/comments?post=65238"}],"version-history":[{"count":0,"href":"https:\/\/eltrabajo.cl\/portal\/wp-json\/wp\/v2\/posts\/65238\/revisions"}],"wp:featuredmedia":[{"embeddable":true,"href":"https:\/\/eltrabajo.cl\/portal\/wp-json\/wp\/v2\/media\/65239"}],"wp:attachment":[{"href":"https:\/\/eltrabajo.cl\/portal\/wp-json\/wp\/v2\/media?parent=65238"}],"wp:term":[{"taxonomy":"category","embeddable":true,"href":"https:\/\/eltrabajo.cl\/portal\/wp-json\/wp\/v2\/categories?post=65238"},{"taxonomy":"post_tag","embeddable":true,"href":"https:\/\/eltrabajo.cl\/portal\/wp-json\/wp\/v2\/tags?post=65238"}],"curies":[{"name":"wp","href":"https:\/\/api.w.org\/{rel}","templated":true}]}}