{"id":65243,"date":"2015-12-29T15:43:25","date_gmt":"2015-12-29T18:43:25","guid":{"rendered":"http:\/\/www.eltrabajo.cl\/portal\/?p=65243"},"modified":"2015-12-29T15:43:25","modified_gmt":"2015-12-29T18:43:25","slug":"sin-estudio-de-aconcagua-parlamentarios-rechazaran-region-del-nuble","status":"publish","type":"post","link":"https:\/\/eltrabajo.cl\/portal\/sin-estudio-de-aconcagua-parlamentarios-rechazaran-region-del-nuble\/","title":{"rendered":"Sin estudio de Aconcagua, parlamentarios rechazar\u00e1n regi\u00f3n del \u00d1uble"},"content":{"rendered":"<figure id=\"attachment_65244\" aria-describedby=\"caption-attachment-65244\" style=\"width: 300px\" class=\"wp-caption alignleft\"><img data-recalc-dims=\"1\" loading=\"lazy\" decoding=\"async\" class=\"wp-image-65244 size-medium\" src=\"https:\/\/i0.wp.com\/www.eltrabajo.cl\/portal\/wp-content\/uploads\/2015\/12\/monasterioossandon-300x198.jpg?resize=300%2C198\" alt=\"En reuni\u00f3n con Senadores y Diputados la ONG Ideando ratificaron que no dejaran la lucha por la creaci\u00f3n de la regi\u00f3n de Aconcagua.\" width=\"300\" height=\"198\" srcset=\"https:\/\/i0.wp.com\/eltrabajo.cl\/portal\/wp-content\/uploads\/2015\/12\/monasterioossandon.jpg?resize=300%2C198&amp;ssl=1 300w, https:\/\/i0.wp.com\/eltrabajo.cl\/portal\/wp-content\/uploads\/2015\/12\/monasterioossandon.jpg?resize=200%2C132&amp;ssl=1 200w, https:\/\/i0.wp.com\/eltrabajo.cl\/portal\/wp-content\/uploads\/2015\/12\/monasterioossandon.jpg?resize=227%2C150&amp;ssl=1 227w, https:\/\/i0.wp.com\/eltrabajo.cl\/portal\/wp-content\/uploads\/2015\/12\/monasterioossandon.jpg?resize=400%2C264&amp;ssl=1 400w, https:\/\/i0.wp.com\/eltrabajo.cl\/portal\/wp-content\/uploads\/2015\/12\/monasterioossandon.jpg?w=530&amp;ssl=1 530w\" sizes=\"auto, (max-width: 300px) 100vw, 300px\" \/><figcaption id=\"caption-attachment-65244\" class=\"wp-caption-text\">En reuni\u00f3n con Senadores y Diputados la ONG Ideando ratificaron que no dejaran la lucha por la creaci\u00f3n de la regi\u00f3n de Aconcagua.<\/figcaption><\/figure>\n<p>Cerrando este 2016 el Director Honorario de la ONG Ideando, Juan Carlos Monasterio, acompa\u00f1ado por el tambi\u00e9n Director John R\u00edos, llegaron hasta el congreso nacional para tener reuniones con diferentes representantes de las c\u00e1maras, con el fin de buscar apoyo a la gesti\u00f3n de la prometida Regi\u00f3n de Aconcagua.<br \/>\nEn la cita tuvieron la posibilidad de reunirse con el Senador y precandidato presidencial Manuel Jos\u00e9 Ossand\u00f3n, quien mostr\u00f3 total apoyo a la iniciativa, entendiendo que \u00e9sta puede ser presentada en exclusiva por el ejecutivo, pero si llegara al Senado este estar\u00eda a favor de la creaci\u00f3n.<br \/>\nPosteriormente se reunieron con el Presidente de la C\u00e1mara de Diputados, el diputado por Aconcagua, Marco Antonio N\u00fa\u00f1ez, que en su apretada agenda, se dio un tiempo para conversar con Monasterio, quien tuvo la oportunidad de expresar todas sus preocupaciones, la Corte de Apelaciones, el nuevo t\u00fanel de Chacabuco y obviamente el tema de Aconcagua Regi\u00f3n estuvieron en la mesa. N\u00fa\u00f1ez al ver que no hab\u00edan avances claros en materia de la Regi\u00f3n de Aconcagua, se comprometi\u00f3 a que si no hay novedades sobre la realizaci\u00f3n de esta regi\u00f3n, se opondr\u00eda a la regi\u00f3n del \u00d1uble, adem\u00e1s comprometiendo apoyo de su bancada.<br \/>\n\u201cEs importante contar con el apoyo de los parlamentarios para la creaci\u00f3n de la regi\u00f3n de Aconcagua, sabemos que \u00e9sta solo puede ser propuesta por el ejecutivo, pero la presi\u00f3n que podemos generar con el apoyo de los parlamentarios es importante, le hacemos un llamado al Subsecretario de Desarrollo Regional, no nos hemos olvidado de las promesas, fue una propuesta clara en campa\u00f1a que se crear\u00eda la regi\u00f3n de Aconcagua, no queremos solo frases ni buenas intenciones, queremos hechos. No es posible que siempre seamos el patio trasero de la Quinta Regi\u00f3n. En Aconcagua se generan muchas fuentes de trabajo, gran parte de los recursos para la Quinta Regi\u00f3n se generan en Aconcagua y luego hay muy poca inversi\u00f3n estatal para el sector\u201d, expres\u00f3 Juan Carlos Monasterio.<br \/>\nAdem\u00e1s la diputada Andrea Molina mostr\u00f3 su preocupaci\u00f3n por el poco avance de la nueva regi\u00f3n de Aconcagua, debido a que esta cumple con los mismos n\u00fameros de ingresos, habitantes, entre otras variables con la regi\u00f3n del \u00d1uble, la cual en el mes de enero ser\u00e1 votada en el Congreso Nacional.<br \/>\n\u201cJuntarnos con los parlamentarios nos entrega la tranquilidad de que como ONG estamos siempre teniendo la regi\u00f3n presente, trabajaremos d\u00eda a d\u00eda para que no se olviden del gran anhelo de todos los aconcag\u00fcinos\u201d, agreg\u00f3 Monasterio.<br \/>\nFinalmente Juan Carlos Monasterio se reuni\u00f3 con el Senador Francisco Chahu\u00e1n quien tambi\u00e9n se sum\u00f3 a la iniciativa de N\u00fa\u00f1ez de rechazar la iniciativa de la regi\u00f3n del \u00d1uble si no hay avances en Aconcagua.<\/p>\n<div class=\"tiled-gallery type-rectangular tiled-gallery-unresized\" data-original-width=\"640\" data-carousel-extra='null' itemscope itemtype=\"http:\/\/schema.org\/ImageGallery\" > <div class=\"gallery-row\" style=\"width: 640px; height: 213px;\" data-original-width=\"640\" data-original-height=\"213\" > <div class=\"gallery-group images-1\" style=\"width: 320px; height: 213px;\" data-original-width=\"320\" data-original-height=\"213\" > <div class=\"tiled-gallery-item tiled-gallery-item-large\" itemprop=\"associatedMedia\" itemscope itemtype=\"http:\/\/schema.org\/ImageObject\"> <a href=\"https:\/\/eltrabajo.cl\/portal\/sin-estudio-de-aconcagua-parlamentarios-rechazaran-region-del-nuble\/monasteriochahuan\/\" border=\"0\" itemprop=\"url\"> <meta itemprop=\"width\" content=\"316\"> <meta itemprop=\"height\" content=\"209\"> <img decoding=\"async\" class=\"\" data-attachment-id=\"65245\" data-orig-file=\"https:\/\/eltrabajo.cl\/portal\/wp-content\/uploads\/2015\/12\/monasteriochahuan.jpg\" data-orig-size=\"530,350\" data-comments-opened=\"1\" data-image-meta=\"{&quot;aperture&quot;:&quot;0&quot;,&quot;credit&quot;:&quot;&quot;,&quot;camera&quot;:&quot;&quot;,&quot;caption&quot;:&quot;&quot;,&quot;created_timestamp&quot;:&quot;0&quot;,&quot;copyright&quot;:&quot;&quot;,&quot;focal_length&quot;:&quot;0&quot;,&quot;iso&quot;:&quot;0&quot;,&quot;shutter_speed&quot;:&quot;0&quot;,&quot;title&quot;:&quot;&quot;,&quot;orientation&quot;:&quot;0&quot;}\" data-image-title=\"monasteriochahuan\" data-image-description=\"&lt;p&gt;El Senador Francisco Chahu\u00e1n se sum\u00f3 a la iniciativa de N\u00fa\u00f1ez y mostr\u00f3 su disposici\u00f3n a trabajar por Aconcagua. &lt;\/p&gt; \" data-medium-file=\"https:\/\/i0.wp.com\/eltrabajo.cl\/portal\/wp-content\/uploads\/2015\/12\/monasteriochahuan.jpg?fit=300%2C198&#038;ssl=1\" data-large-file=\"https:\/\/i0.wp.com\/eltrabajo.cl\/portal\/wp-content\/uploads\/2015\/12\/monasteriochahuan.jpg?fit=530%2C350&#038;ssl=1\" src=\"https:\/\/i0.wp.com\/eltrabajo.cl\/portal\/wp-content\/uploads\/2015\/12\/monasteriochahuan.jpg?w=316&#038;h=209&#038;ssl=1\" srcset=\"https:\/\/i0.wp.com\/eltrabajo.cl\/portal\/wp-content\/uploads\/2015\/12\/monasteriochahuan.jpg?w=530&amp;ssl=1 530w, https:\/\/i0.wp.com\/eltrabajo.cl\/portal\/wp-content\/uploads\/2015\/12\/monasteriochahuan.jpg?resize=200%2C132&amp;ssl=1 200w, https:\/\/i0.wp.com\/eltrabajo.cl\/portal\/wp-content\/uploads\/2015\/12\/monasteriochahuan.jpg?resize=300%2C198&amp;ssl=1 300w, https:\/\/i0.wp.com\/eltrabajo.cl\/portal\/wp-content\/uploads\/2015\/12\/monasteriochahuan.jpg?resize=227%2C150&amp;ssl=1 227w, https:\/\/i0.wp.com\/eltrabajo.cl\/portal\/wp-content\/uploads\/2015\/12\/monasteriochahuan.jpg?resize=400%2C264&amp;ssl=1 400w\" width=\"316\" height=\"209\" loading=\"lazy\" data-original-width=\"316\" data-original-height=\"209\" itemprop=\"http:\/\/schema.org\/image\" title=\"monasteriochahuan\" alt=\"El Senador Francisco Chahu\u00e1n se sum\u00f3 a la iniciativa de N\u00fa\u00f1ez y mostr\u00f3 su disposici\u00f3n a trabajar por Aconcagua.\" style=\"width: 316px; height: 209px;\" \/> <\/a> <div class=\"tiled-gallery-caption\" itemprop=\"caption description\"> El Senador Francisco Chahu\u00e1n se sum\u00f3 a la iniciativa de N\u00fa\u00f1ez y mostr\u00f3 su disposici\u00f3n a trabajar por Aconcagua. <\/div> <\/div> <\/div> <!-- close group --> <div class=\"gallery-group images-1\" style=\"width: 320px; height: 213px;\" data-original-width=\"320\" data-original-height=\"213\" > <div class=\"tiled-gallery-item tiled-gallery-item-large\" itemprop=\"associatedMedia\" itemscope itemtype=\"http:\/\/schema.org\/ImageObject\"> <a href=\"https:\/\/eltrabajo.cl\/portal\/sin-estudio-de-aconcagua-parlamentarios-rechazaran-region-del-nuble\/monasterionunez\/\" border=\"0\" itemprop=\"url\"> <meta itemprop=\"width\" content=\"316\"> <meta itemprop=\"height\" content=\"209\"> <img decoding=\"async\" class=\"\" data-attachment-id=\"65246\" data-orig-file=\"https:\/\/eltrabajo.cl\/portal\/wp-content\/uploads\/2015\/12\/monasterionunez.jpg\" data-orig-size=\"530,350\" data-comments-opened=\"1\" data-image-meta=\"{&quot;aperture&quot;:&quot;0&quot;,&quot;credit&quot;:&quot;&quot;,&quot;camera&quot;:&quot;&quot;,&quot;caption&quot;:&quot;&quot;,&quot;created_timestamp&quot;:&quot;0&quot;,&quot;copyright&quot;:&quot;&quot;,&quot;focal_length&quot;:&quot;0&quot;,&quot;iso&quot;:&quot;0&quot;,&quot;shutter_speed&quot;:&quot;0&quot;,&quot;title&quot;:&quot;&quot;,&quot;orientation&quot;:&quot;0&quot;}\" data-image-title=\"monasterionunez\" data-image-description=\"&lt;p&gt;Marco Antonio N\u00fa\u00f1ez se opondr\u00e1 en la C\u00e1mara de Diputados a la regi\u00f3n del \u00d1uble de no haber avances en Aconcagua.&lt;\/p&gt; \" data-medium-file=\"https:\/\/i0.wp.com\/eltrabajo.cl\/portal\/wp-content\/uploads\/2015\/12\/monasterionunez.jpg?fit=300%2C198&#038;ssl=1\" data-large-file=\"https:\/\/i0.wp.com\/eltrabajo.cl\/portal\/wp-content\/uploads\/2015\/12\/monasterionunez.jpg?fit=530%2C350&#038;ssl=1\" src=\"https:\/\/i0.wp.com\/eltrabajo.cl\/portal\/wp-content\/uploads\/2015\/12\/monasterionunez.jpg?w=316&#038;h=209&#038;ssl=1\" srcset=\"https:\/\/i0.wp.com\/eltrabajo.cl\/portal\/wp-content\/uploads\/2015\/12\/monasterionunez.jpg?w=530&amp;ssl=1 530w, https:\/\/i0.wp.com\/eltrabajo.cl\/portal\/wp-content\/uploads\/2015\/12\/monasterionunez.jpg?resize=200%2C132&amp;ssl=1 200w, https:\/\/i0.wp.com\/eltrabajo.cl\/portal\/wp-content\/uploads\/2015\/12\/monasterionunez.jpg?resize=300%2C198&amp;ssl=1 300w, https:\/\/i0.wp.com\/eltrabajo.cl\/portal\/wp-content\/uploads\/2015\/12\/monasterionunez.jpg?resize=227%2C150&amp;ssl=1 227w, https:\/\/i0.wp.com\/eltrabajo.cl\/portal\/wp-content\/uploads\/2015\/12\/monasterionunez.jpg?resize=400%2C264&amp;ssl=1 400w\" width=\"316\" height=\"209\" loading=\"lazy\" data-original-width=\"316\" data-original-height=\"209\" itemprop=\"http:\/\/schema.org\/image\" title=\"monasterionunez\" alt=\"Marco Antonio N\u00fa\u00f1ez se opondr\u00e1 en la C\u00e1mara de Diputados a la regi\u00f3n del \u00d1uble de no haber avances en Aconcagua.\" style=\"width: 316px; height: 209px;\" \/> <\/a> <div class=\"tiled-gallery-caption\" itemprop=\"caption description\"> Marco Antonio N\u00fa\u00f1ez se opondr\u00e1 en la C\u00e1mara de Diputados a la regi\u00f3n del \u00d1uble de no haber avances en Aconcagua. <\/div> <\/div> <\/div> <!-- close group --> <\/div> <!-- close row --> <\/div>\n","protected":false},"excerpt":{"rendered":"<p>Cerrando este 2016 el Director Honorario de la ONG Ideando, Juan Carlos Monasterio, acompa\u00f1ado por el tambi\u00e9n Director John R\u00edos, llegaron hasta el congreso nacional para tener reuniones con diferentes representantes de&#8230;<\/p>\n","protected":false},"author":482,"featured_media":65244,"comment_status":"open","ping_status":"open","sticky":false,"template":"","format":"standard","meta":{"advanced_seo_description":"","jetpack_seo_html_title":"","jetpack_seo_noindex":false,"_jetpack_memberships_contains_paid_content":false,"footnotes":""},"categories":[1],"tags":[],"class_list":["post-65243","post","type-post","status-publish","format-standard","has-post-thumbnail","hentry","category-cronica"],"jetpack_featured_media_url":"https:\/\/i0.wp.com\/eltrabajo.cl\/portal\/wp-content\/uploads\/2015\/12\/monasterioossandon.jpg?fit=530%2C350&ssl=1","jetpack_sharing_enabled":true,"jetpack_likes_enabled":true,"jetpack-related-posts":[],"_links":{"self":[{"href":"https:\/\/eltrabajo.cl\/portal\/wp-json\/wp\/v2\/posts\/65243","targetHints":{"allow":["GET"]}}],"collection":[{"href":"https:\/\/eltrabajo.cl\/portal\/wp-json\/wp\/v2\/posts"}],"about":[{"href":"https:\/\/eltrabajo.cl\/portal\/wp-json\/wp\/v2\/types\/post"}],"author":[{"embeddable":true,"href":"https:\/\/eltrabajo.cl\/portal\/wp-json\/wp\/v2\/users\/482"}],"replies":[{"embeddable":true,"href":"https:\/\/eltrabajo.cl\/portal\/wp-json\/wp\/v2\/comments?post=65243"}],"version-history":[{"count":0,"href":"https:\/\/eltrabajo.cl\/portal\/wp-json\/wp\/v2\/posts\/65243\/revisions"}],"wp:featuredmedia":[{"embeddable":true,"href":"https:\/\/eltrabajo.cl\/portal\/wp-json\/wp\/v2\/media\/65244"}],"wp:attachment":[{"href":"https:\/\/eltrabajo.cl\/portal\/wp-json\/wp\/v2\/media?parent=65243"}],"wp:term":[{"taxonomy":"category","embeddable":true,"href":"https:\/\/eltrabajo.cl\/portal\/wp-json\/wp\/v2\/categories?post=65243"},{"taxonomy":"post_tag","embeddable":true,"href":"https:\/\/eltrabajo.cl\/portal\/wp-json\/wp\/v2\/tags?post=65243"}],"curies":[{"name":"wp","href":"https:\/\/api.w.org\/{rel}","templated":true}]}}