{"id":65248,"date":"2015-12-29T15:44:27","date_gmt":"2015-12-29T18:44:27","guid":{"rendered":"http:\/\/www.eltrabajo.cl\/portal\/?p=65248"},"modified":"2015-12-29T15:44:27","modified_gmt":"2015-12-29T18:44:27","slug":"profesores-de-colegio-maria-auxiliadora-denuncian-despidos-de-trabajadores-sindicalizados","status":"publish","type":"post","link":"https:\/\/eltrabajo.cl\/portal\/profesores-de-colegio-maria-auxiliadora-denuncian-despidos-de-trabajadores-sindicalizados\/","title":{"rendered":"Profesores de Colegio Mar\u00eda Auxiliadora denuncian despidos de trabajadores sindicalizados"},"content":{"rendered":"<figure id=\"attachment_65249\" aria-describedby=\"caption-attachment-65249\" style=\"width: 300px\" class=\"wp-caption alignleft\"><img data-recalc-dims=\"1\" loading=\"lazy\" decoding=\"async\" class=\"wp-image-65249 size-medium\" src=\"https:\/\/i0.wp.com\/www.eltrabajo.cl\/portal\/wp-content\/uploads\/2015\/12\/Despidos-Colegio-Maria-Auxiliadora-300x198.jpg?resize=300%2C198\" alt=\"El Colegio de Profesores se\u00f1al\u00f3 que colegio abiertamente est\u00e1 incurriendo en pr\u00e1cticas antisindicales con el despido estos ocho trabajadores.\" width=\"300\" height=\"198\" srcset=\"https:\/\/i0.wp.com\/eltrabajo.cl\/portal\/wp-content\/uploads\/2015\/12\/Despidos-Colegio-Maria-Auxiliadora.jpg?resize=300%2C198&amp;ssl=1 300w, https:\/\/i0.wp.com\/eltrabajo.cl\/portal\/wp-content\/uploads\/2015\/12\/Despidos-Colegio-Maria-Auxiliadora.jpg?resize=200%2C132&amp;ssl=1 200w, https:\/\/i0.wp.com\/eltrabajo.cl\/portal\/wp-content\/uploads\/2015\/12\/Despidos-Colegio-Maria-Auxiliadora.jpg?resize=227%2C150&amp;ssl=1 227w, https:\/\/i0.wp.com\/eltrabajo.cl\/portal\/wp-content\/uploads\/2015\/12\/Despidos-Colegio-Maria-Auxiliadora.jpg?resize=400%2C264&amp;ssl=1 400w, https:\/\/i0.wp.com\/eltrabajo.cl\/portal\/wp-content\/uploads\/2015\/12\/Despidos-Colegio-Maria-Auxiliadora.jpg?w=528&amp;ssl=1 528w\" sizes=\"auto, (max-width: 300px) 100vw, 300px\" \/><figcaption id=\"caption-attachment-65249\" class=\"wp-caption-text\">El Colegio de Profesores se\u00f1al\u00f3 que colegio abiertamente est\u00e1 incurriendo en pr\u00e1cticas antisindicales con el despido estos ocho trabajadores.<\/figcaption><\/figure>\n<ul>\n<li><strong>Colegio de Profesores dijo que el establecimiento est\u00e1 incurriendo claramente en pr\u00e1cticas antisindicales.<\/strong><\/li>\n<\/ul>\n<p><strong>LOS ANDES.<\/strong>&#8211; Preocupaci\u00f3n existe a nivel del profesorado del Colegio Mar\u00eda Auxiliadora de Los Andes debido al despido de ocho trabajadores, entre docentes y auxiliares, lo que catalogan como una persecuci\u00f3n sindical.<br \/>\nAs\u00ed lo denunci\u00f3 el Presidente del Sindicato de Trabajadores del establecimiento educacional, Marcos Leiva, quien manifest\u00f3 que a su juicio esto es una persecuci\u00f3n sindical y lament\u00f3 que exista esta pol\u00edtica por parte de la administraci\u00f3n del colegio.<br \/>\n\u201cHemos estado en conversaci\u00f3n con la directora, pero ella nos dice una cosa, pero en la tarde ella cambia la reglas del juego y despide a nuestros socios\u201d, manifest\u00f3.<br \/>\nEl dirigente expres\u00f3 que la administraci\u00f3n del colegio aduce necesidades de la empresa para desvincular a estos profesores, \u201cpero nosotros entendemos que esta empresa est\u00e1 funcionando bien y no veo cu\u00e1les son esas necesidades. Nosotros queremos a trav\u00e9s de la Inspecci\u00f3n del Trabajo que se nos expliquen estas razones\u201d.<br \/>\nReconoci\u00f3 que si bien dos de los docentes despedidos ten\u00edan contrato a plazo fijo que no les fue renovado, ellos estaban sindicalizados y es por eso la preocupaci\u00f3n de la organizaci\u00f3n.<br \/>\nMarcos Leiva dijo que esperan que no contin\u00faen con los despidos, \u201cpues no sabemos cu\u00e1les son los lineamientos que tiene la congregaci\u00f3n salesiana a nivel nacional\u201d.<br \/>\nPor su parte, el Presidente Provincial del Colegio de Profesores, Alexis Cuevas, afirm\u00f3 que el colegio abiertamente est\u00e1 incurriendo en pr\u00e1cticas antisindicales con el despido estos ocho trabajadores, \u201cy hoy tenemos este asunto grave, luctuoso, triste, sobre todo a fin de a\u00f1o y en \u00e9poca navide\u00f1a\u201d.<br \/>\nCuevas dijo que esperan ser recibidos por la directora del establecimiento para que les explique cu\u00e1les son las razones de estos despidos y as\u00ed hacer un llamado de altar para que este tipo de situaciones no se repita en otros colegios particulares subvencionados y pagados.<br \/>\nSostuvo que como gremio est\u00e1n pidiendo que se reintegre a los profesores y prime la cordura en los colegios para que no existan pr\u00e1cticas antisindicales, \u201cporque los sindicatos est\u00e1n para mejorar los colegios y no para estar en un gallito permanente con sus sostenedores y llamamos a la congregaci\u00f3n salesiana para que reviertan en esta situaci\u00f3n\u201d.<br \/>\nA su vez, el Presidente del Centro de Estudios para la realidad Docente, Luis Gonz\u00e1lez Reyes, calific\u00f3 como inaceptable esta situaci\u00f3n que obedece claramente a una persecuci\u00f3n sindical.<br \/>\n\u201cEl luchar por las condiciones de trabajo, el luchar por la remuneraci\u00f3n, el luchar por la dignidad de la personas son verdaderos mandatos del colegio de profesores y cada uno de nuestros colegas es valioso como capital humano tiene el colegio Mar\u00eda Auxiliadora y ac\u00e1 lo que se pasan a llevar son valores que inculca el propio colegio\u201d, expres\u00f3.<br \/>\nReyes llam\u00f3 a reflexionar sobre esta medida a los directivos del colegio que no est\u00e1 actuando bien con sus docentes.<\/p>\n<p><strong>OPINI\u00d3N DEL MINISTERIO<\/strong><br \/>\nConsultado por este conflicto, el Seremi de Educaci\u00f3n, Alejandro Tapia, se mostr\u00f3 preocupado por la ocurrencia de este tipo de situaciones en colegios particulares subvencionados, \u201cya que si bien sabemos que este es un evento de ocurrencia habitual a fin de a\u00f1o en muchos colegios, nosotros tendemos a solidarizar con los trabajadores, tenemos una mesa cuatripartita con varios estamentos donde tratamos de hacer de hombres buenos en estas situaciones y asesoramos en materia legal a los afectados\u201d.<br \/>\nTapia hizo votos porque esta situaci\u00f3n se solucione por el bien de los trabajadores, precisando que \u00e9ste es el primer caso de despidos que de trabajadores de colegios en la provincia de Los Andes.<br \/>\nEl Seremi de Educaci\u00f3n asegur\u00f3 que el tema financiero no deber\u00eda ser argumento para estos despidos, toda vez que existe una garant\u00eda por parte del estado, \u201cpor lo que se deber\u00eda poner en primer plano el tema de la estabilidad laboral\u201d.<\/p>\n","protected":false},"excerpt":{"rendered":"<p>Colegio de Profesores dijo que el establecimiento est\u00e1 incurriendo claramente en pr\u00e1cticas antisindicales. LOS ANDES.&#8211; Preocupaci\u00f3n existe a nivel del profesorado del Colegio Mar\u00eda Auxiliadora de Los Andes debido al despido de&#8230;<\/p>\n","protected":false},"author":482,"featured_media":65249,"comment_status":"open","ping_status":"open","sticky":false,"template":"","format":"standard","meta":{"advanced_seo_description":"","jetpack_seo_html_title":"","jetpack_seo_noindex":false,"_jetpack_memberships_contains_paid_content":false,"footnotes":""},"categories":[1],"tags":[],"class_list":["post-65248","post","type-post","status-publish","format-standard","has-post-thumbnail","hentry","category-cronica"],"jetpack_featured_media_url":"https:\/\/i0.wp.com\/eltrabajo.cl\/portal\/wp-content\/uploads\/2015\/12\/Despidos-Colegio-Maria-Auxiliadora.jpg?fit=528%2C349&ssl=1","jetpack_sharing_enabled":true,"jetpack_likes_enabled":true,"jetpack-related-posts":[],"_links":{"self":[{"href":"https:\/\/eltrabajo.cl\/portal\/wp-json\/wp\/v2\/posts\/65248","targetHints":{"allow":["GET"]}}],"collection":[{"href":"https:\/\/eltrabajo.cl\/portal\/wp-json\/wp\/v2\/posts"}],"about":[{"href":"https:\/\/eltrabajo.cl\/portal\/wp-json\/wp\/v2\/types\/post"}],"author":[{"embeddable":true,"href":"https:\/\/eltrabajo.cl\/portal\/wp-json\/wp\/v2\/users\/482"}],"replies":[{"embeddable":true,"href":"https:\/\/eltrabajo.cl\/portal\/wp-json\/wp\/v2\/comments?post=65248"}],"version-history":[{"count":0,"href":"https:\/\/eltrabajo.cl\/portal\/wp-json\/wp\/v2\/posts\/65248\/revisions"}],"wp:featuredmedia":[{"embeddable":true,"href":"https:\/\/eltrabajo.cl\/portal\/wp-json\/wp\/v2\/media\/65249"}],"wp:attachment":[{"href":"https:\/\/eltrabajo.cl\/portal\/wp-json\/wp\/v2\/media?parent=65248"}],"wp:term":[{"taxonomy":"category","embeddable":true,"href":"https:\/\/eltrabajo.cl\/portal\/wp-json\/wp\/v2\/categories?post=65248"},{"taxonomy":"post_tag","embeddable":true,"href":"https:\/\/eltrabajo.cl\/portal\/wp-json\/wp\/v2\/tags?post=65248"}],"curies":[{"name":"wp","href":"https:\/\/api.w.org\/{rel}","templated":true}]}}