{"id":65251,"date":"2015-12-29T15:47:25","date_gmt":"2015-12-29T18:47:25","guid":{"rendered":"http:\/\/www.eltrabajo.cl\/portal\/?p=65251"},"modified":"2015-12-29T15:47:25","modified_gmt":"2015-12-29T18:47:25","slug":"pasion-industrialina-destaca-en-el-encuentro-de-danza-nacional-2015","status":"publish","type":"post","link":"https:\/\/eltrabajo.cl\/portal\/pasion-industrialina-destaca-en-el-encuentro-de-danza-nacional-2015\/","title":{"rendered":"Pasi\u00f3n Industrialina destaca en el Encuentro de Danza Nacional 2015"},"content":{"rendered":"<figure id=\"attachment_65252\" aria-describedby=\"caption-attachment-65252\" style=\"width: 300px\" class=\"wp-caption alignleft\"><img data-recalc-dims=\"1\" loading=\"lazy\" decoding=\"async\" class=\"wp-image-65252 size-medium\" src=\"https:\/\/i0.wp.com\/www.eltrabajo.cl\/portal\/wp-content\/uploads\/2015\/12\/Bailes2-300x199.jpg?resize=300%2C199\" alt=\"AS\u00cd GANARON EN ABRIL.- Los sanfelipe\u00f1os ganaron su campeonato en abril pasado, en Duao, gracias a sus interpretaciones de \u2018Ruego y gozos del Pueblo Diaguita\u2019.\" width=\"300\" height=\"199\" srcset=\"https:\/\/i0.wp.com\/eltrabajo.cl\/portal\/wp-content\/uploads\/2015\/12\/Bailes2.jpg?resize=300%2C199&amp;ssl=1 300w, https:\/\/i0.wp.com\/eltrabajo.cl\/portal\/wp-content\/uploads\/2015\/12\/Bailes2.jpg?resize=200%2C133&amp;ssl=1 200w, https:\/\/i0.wp.com\/eltrabajo.cl\/portal\/wp-content\/uploads\/2015\/12\/Bailes2.jpg?resize=226%2C150&amp;ssl=1 226w, https:\/\/i0.wp.com\/eltrabajo.cl\/portal\/wp-content\/uploads\/2015\/12\/Bailes2.jpg?resize=400%2C265&amp;ssl=1 400w, https:\/\/i0.wp.com\/eltrabajo.cl\/portal\/wp-content\/uploads\/2015\/12\/Bailes2.jpg?w=528&amp;ssl=1 528w\" sizes=\"auto, (max-width: 300px) 100vw, 300px\" \/><figcaption id=\"caption-attachment-65252\" class=\"wp-caption-text\">AS\u00cd GANARON EN ABRIL.- Los sanfelipe\u00f1os ganaron su campeonato en abril pasado, en Duao, gracias a sus interpretaciones de \u2018Ruego y gozos del Pueblo Diaguita\u2019.<\/figcaption><\/figure>\n<p>Pasi\u00f3n Industrialina, el grupo estudiantil del folklore sanfelipe\u00f1o que nos ha representado en m\u00faltiples competencias a lo largo de Chile, y que ostenta el t\u00edtulo de Campe\u00f3n Nacional en Folklore 2015, particip\u00f3 recientemente en una gala especial en la materia, se trata del Encuentro de Danza Nacional 2015, en el Centro de Artes de Las Condes, Santiago. En esta oportunidad no hubo competencia, se trat\u00f3 solamente de una exposici\u00f3n del trabajo anual de los diez mejores grupos del pa\u00eds.<br \/>\nEn total son 50 j\u00f3venes los que conforman Pasi\u00f3n Industrialina, en abril de 2016 ellos tendr\u00e1n que defender su t\u00edtulo y v\u00e9rselas \u2018de t\u00fa a t\u00fa\u2019 con los dem\u00e1s grupos del SNA Educa. Seg\u00fan supo Diario El Trabajo, en total son 50 estudiantes, pero a la gala en Santiago s\u00f3lo catorce fueron. Los industrialitos abrieron el encuentro con Ritual ancestral.<\/p>\n<figure id=\"attachment_65253\" aria-describedby=\"caption-attachment-65253\" style=\"width: 300px\" class=\"wp-caption alignright\"><img data-recalc-dims=\"1\" loading=\"lazy\" decoding=\"async\" class=\"wp-image-65253 size-medium\" src=\"https:\/\/i0.wp.com\/www.eltrabajo.cl\/portal\/wp-content\/uploads\/2015\/12\/Bailes1-300x198.jpg?resize=300%2C198\" alt=\"AS\u00cd BRILLARON EN SANTIAGO.- Pasi\u00f3n Industrialina particip\u00f3 recientemente en el Encuentro de Danza Nacional 2015, en Santiago.\" width=\"300\" height=\"198\" srcset=\"https:\/\/i0.wp.com\/eltrabajo.cl\/portal\/wp-content\/uploads\/2015\/12\/Bailes1.jpg?resize=300%2C198&amp;ssl=1 300w, https:\/\/i0.wp.com\/eltrabajo.cl\/portal\/wp-content\/uploads\/2015\/12\/Bailes1.jpg?resize=200%2C132&amp;ssl=1 200w, https:\/\/i0.wp.com\/eltrabajo.cl\/portal\/wp-content\/uploads\/2015\/12\/Bailes1.jpg?resize=227%2C150&amp;ssl=1 227w, https:\/\/i0.wp.com\/eltrabajo.cl\/portal\/wp-content\/uploads\/2015\/12\/Bailes1.jpg?resize=400%2C264&amp;ssl=1 400w, https:\/\/i0.wp.com\/eltrabajo.cl\/portal\/wp-content\/uploads\/2015\/12\/Bailes1.jpg?w=530&amp;ssl=1 530w\" sizes=\"auto, (max-width: 300px) 100vw, 300px\" \/><figcaption id=\"caption-attachment-65253\" class=\"wp-caption-text\">AS\u00cd BRILLARON EN SANTIAGO.- Pasi\u00f3n Industrialina particip\u00f3 recientemente en el Encuentro de Danza Nacional 2015, en Santiago.<\/figcaption><\/figure>\n<p>Los sanfelipe\u00f1os ganaron su campeonato en abril pasado, gracias a sus interpretaciones de \u2018Ruego y gozos del Pueblo Diaguita\u2019. Tambi\u00e9n en aquella oportunidad se presentaron el \u2018Ritual ancestral Plegaria del pueblo invocando a la lluvia\u2019 y \u2018Danza del C\u00f3ndor Canqui\u2019, con la que el Pueblo Diaguita celebra con alegr\u00eda los favores recibidos.<\/p>\n","protected":false},"excerpt":{"rendered":"<p>Pasi\u00f3n Industrialina, el grupo estudiantil del folklore sanfelipe\u00f1o que nos ha representado en m\u00faltiples competencias a lo largo de Chile, y que ostenta el t\u00edtulo de Campe\u00f3n Nacional en Folklore 2015, particip\u00f3&#8230;<\/p>\n","protected":false},"author":482,"featured_media":65252,"comment_status":"open","ping_status":"open","sticky":false,"template":"","format":"standard","meta":{"advanced_seo_description":"","jetpack_seo_html_title":"","jetpack_seo_noindex":false,"_jetpack_memberships_contains_paid_content":false,"footnotes":""},"categories":[1],"tags":[],"class_list":["post-65251","post","type-post","status-publish","format-standard","has-post-thumbnail","hentry","category-cronica"],"jetpack_featured_media_url":"https:\/\/i0.wp.com\/eltrabajo.cl\/portal\/wp-content\/uploads\/2015\/12\/Bailes2.jpg?fit=528%2C350&ssl=1","jetpack_sharing_enabled":true,"jetpack_likes_enabled":true,"jetpack-related-posts":[],"_links":{"self":[{"href":"https:\/\/eltrabajo.cl\/portal\/wp-json\/wp\/v2\/posts\/65251","targetHints":{"allow":["GET"]}}],"collection":[{"href":"https:\/\/eltrabajo.cl\/portal\/wp-json\/wp\/v2\/posts"}],"about":[{"href":"https:\/\/eltrabajo.cl\/portal\/wp-json\/wp\/v2\/types\/post"}],"author":[{"embeddable":true,"href":"https:\/\/eltrabajo.cl\/portal\/wp-json\/wp\/v2\/users\/482"}],"replies":[{"embeddable":true,"href":"https:\/\/eltrabajo.cl\/portal\/wp-json\/wp\/v2\/comments?post=65251"}],"version-history":[{"count":0,"href":"https:\/\/eltrabajo.cl\/portal\/wp-json\/wp\/v2\/posts\/65251\/revisions"}],"wp:featuredmedia":[{"embeddable":true,"href":"https:\/\/eltrabajo.cl\/portal\/wp-json\/wp\/v2\/media\/65252"}],"wp:attachment":[{"href":"https:\/\/eltrabajo.cl\/portal\/wp-json\/wp\/v2\/media?parent=65251"}],"wp:term":[{"taxonomy":"category","embeddable":true,"href":"https:\/\/eltrabajo.cl\/portal\/wp-json\/wp\/v2\/categories?post=65251"},{"taxonomy":"post_tag","embeddable":true,"href":"https:\/\/eltrabajo.cl\/portal\/wp-json\/wp\/v2\/tags?post=65251"}],"curies":[{"name":"wp","href":"https:\/\/api.w.org\/{rel}","templated":true}]}}