{"id":65261,"date":"2015-12-29T15:52:05","date_gmt":"2015-12-29T18:52:05","guid":{"rendered":"http:\/\/www.eltrabajo.cl\/portal\/?p=65261"},"modified":"2015-12-29T15:52:05","modified_gmt":"2015-12-29T18:52:05","slug":"certifican-en-liderazgo-a-sanfelipenos-monitores-de-salud","status":"publish","type":"post","link":"https:\/\/eltrabajo.cl\/portal\/certifican-en-liderazgo-a-sanfelipenos-monitores-de-salud\/","title":{"rendered":"Certifican en liderazgo a sanfelipe\u00f1os monitores de salud"},"content":{"rendered":"<figure id=\"attachment_65262\" aria-describedby=\"caption-attachment-65262\" style=\"width: 300px\" class=\"wp-caption alignleft\"><img data-recalc-dims=\"1\" loading=\"lazy\" decoding=\"async\" class=\"wp-image-65262 size-medium\" src=\"https:\/\/i0.wp.com\/www.eltrabajo.cl\/portal\/wp-content\/uploads\/2015\/12\/Certificacion-monitores-en-salud-2-300x197.jpg?resize=300%2C197\" alt=\"Los monitores de salud fueron certificados en liderazgo como parte de una iniciativa que lleva a cabo el Cesfam Segismundo Iturra.\" width=\"300\" height=\"197\" srcset=\"https:\/\/i0.wp.com\/eltrabajo.cl\/portal\/wp-content\/uploads\/2015\/12\/Certificacion-monitores-en-salud-2.jpg?resize=300%2C197&amp;ssl=1 300w, https:\/\/i0.wp.com\/eltrabajo.cl\/portal\/wp-content\/uploads\/2015\/12\/Certificacion-monitores-en-salud-2.jpg?resize=200%2C131&amp;ssl=1 200w, https:\/\/i0.wp.com\/eltrabajo.cl\/portal\/wp-content\/uploads\/2015\/12\/Certificacion-monitores-en-salud-2.jpg?resize=228%2C150&amp;ssl=1 228w, https:\/\/i0.wp.com\/eltrabajo.cl\/portal\/wp-content\/uploads\/2015\/12\/Certificacion-monitores-en-salud-2.jpg?resize=400%2C263&amp;ssl=1 400w, https:\/\/i0.wp.com\/eltrabajo.cl\/portal\/wp-content\/uploads\/2015\/12\/Certificacion-monitores-en-salud-2.jpg?w=530&amp;ssl=1 530w\" sizes=\"auto, (max-width: 300px) 100vw, 300px\" \/><figcaption id=\"caption-attachment-65262\" class=\"wp-caption-text\">Los monitores de salud fueron certificados en liderazgo como parte de una iniciativa que lleva a cabo el Cesfam Segismundo Iturra.<\/figcaption><\/figure>\n<ul>\n<li><strong>Iniciativa nacida hace cuatro a\u00f1os en el Cesfam Segismundo Iturra, hoy es parte de las estrategias de salud implementadas en la comuna y reconocidas por el Servicio de Salud Aconcagua.<\/strong><\/li>\n<\/ul>\n<p>Un reconocimiento a la labor que realizan, de car\u00e1cter voluntaria y con un enorme sentido solidario, efectu\u00f3 el alcalde Patricio Freire a los sanfelipe\u00f1os que fueron certificados en liderazgo y que se desempe\u00f1an como monitores de salud, contribuyendo al trabajo de la red comunal dependiente del municipio.<br \/>\nSi bien muchos monitores hace ya cuatro a\u00f1os que aportan al trabajo del Centro de Salud Familiar Dr. Segismundo Iturra Taito, lo cierto es que a lo largo del tiempo se han incorporado vecinos que tienen la inquietud de aportar al bienestar de los sanfelipe\u00f1os, favoreciendo as\u00ed una instancia marcada por el car\u00e1cter voluntario y social.<br \/>\nEste 2015 en tanto, la iniciativa pas\u00f3 a convertirse en una estrategia de salud que logr\u00f3 el reconocimiento del Servicio de Salud Aconcagua y que permiti\u00f3 fortalecer la labor de estos vecinos.<br \/>\n\u201cEste fue un a\u00f1o interesante de trabajo. A trav\u00e9s de una postulaci\u00f3n al Servicio de Salud de ideas exitosas con nuestra comunidad, se expuso la que tenemos hace cuatro a\u00f1os atr\u00e1s en que formamos un grupo de monitoras, postulando a un concurso que ganamos, permiti\u00e9ndonos recibir recursos para seguir fortaleciendo sus competencias, en este caso en el \u00e1mbito del liderazgo de gesti\u00f3n comunitaria, como monitoras de salud\u201d, se\u00f1al\u00f3 Marcela Brito, directora de salud municipal.<br \/>\nEn este mismo sentido, el alcalde Patricio Freire agradeci\u00f3 a los monitores de salud por la enorme contribuci\u00f3n que realizan al quehacer de la red de salud municipal, sino tambi\u00e9n por desarrollar una labor voluntaria caracterizada por el compromiso y el enorme amor por la comunidad.<br \/>\n\u201cQuiero agradecer a los vecinos que apoyan a las personas que m\u00e1s lo necesitan. Ellos entregan su alma a otros sanfelipe\u00f1os que est\u00e1n presentando alguna afecci\u00f3n. Son ad honorem y eso lo resaltamos, lo agradecemos, porque la gente no solo dispone de su tiempo para ayudar a sus semejantes, sino que tambi\u00e9n se compromete con ellos y les brinda su apoyo permanente\u201d, manifest\u00f3 el alcalde.<\/p>\n","protected":false},"excerpt":{"rendered":"<p>Iniciativa nacida hace cuatro a\u00f1os en el Cesfam Segismundo Iturra, hoy es parte de las estrategias de salud implementadas en la comuna y reconocidas por el Servicio de Salud Aconcagua. Un reconocimiento&#8230;<\/p>\n","protected":false},"author":482,"featured_media":65262,"comment_status":"open","ping_status":"open","sticky":false,"template":"","format":"standard","meta":{"advanced_seo_description":"","jetpack_seo_html_title":"","jetpack_seo_noindex":false,"_jetpack_memberships_contains_paid_content":false,"footnotes":""},"categories":[15],"tags":[],"class_list":["post-65261","post","type-post","status-publish","format-standard","has-post-thumbnail","hentry","category-comunidad"],"jetpack_featured_media_url":"https:\/\/i0.wp.com\/eltrabajo.cl\/portal\/wp-content\/uploads\/2015\/12\/Certificacion-monitores-en-salud-2.jpg?fit=530%2C348&ssl=1","jetpack_sharing_enabled":true,"jetpack_likes_enabled":true,"jetpack-related-posts":[],"_links":{"self":[{"href":"https:\/\/eltrabajo.cl\/portal\/wp-json\/wp\/v2\/posts\/65261","targetHints":{"allow":["GET"]}}],"collection":[{"href":"https:\/\/eltrabajo.cl\/portal\/wp-json\/wp\/v2\/posts"}],"about":[{"href":"https:\/\/eltrabajo.cl\/portal\/wp-json\/wp\/v2\/types\/post"}],"author":[{"embeddable":true,"href":"https:\/\/eltrabajo.cl\/portal\/wp-json\/wp\/v2\/users\/482"}],"replies":[{"embeddable":true,"href":"https:\/\/eltrabajo.cl\/portal\/wp-json\/wp\/v2\/comments?post=65261"}],"version-history":[{"count":0,"href":"https:\/\/eltrabajo.cl\/portal\/wp-json\/wp\/v2\/posts\/65261\/revisions"}],"wp:featuredmedia":[{"embeddable":true,"href":"https:\/\/eltrabajo.cl\/portal\/wp-json\/wp\/v2\/media\/65262"}],"wp:attachment":[{"href":"https:\/\/eltrabajo.cl\/portal\/wp-json\/wp\/v2\/media?parent=65261"}],"wp:term":[{"taxonomy":"category","embeddable":true,"href":"https:\/\/eltrabajo.cl\/portal\/wp-json\/wp\/v2\/categories?post=65261"},{"taxonomy":"post_tag","embeddable":true,"href":"https:\/\/eltrabajo.cl\/portal\/wp-json\/wp\/v2\/tags?post=65261"}],"curies":[{"name":"wp","href":"https:\/\/api.w.org\/{rel}","templated":true}]}}