{"id":65264,"date":"2015-12-29T15:58:18","date_gmt":"2015-12-29T18:58:18","guid":{"rendered":"http:\/\/www.eltrabajo.cl\/portal\/?p=65264"},"modified":"2015-12-29T15:58:18","modified_gmt":"2015-12-29T18:58:18","slug":"rio-aconcagua-vuelve-a-tener-un-caudal-que-no-mostraba-hace-una-decada","status":"publish","type":"post","link":"https:\/\/eltrabajo.cl\/portal\/rio-aconcagua-vuelve-a-tener-un-caudal-que-no-mostraba-hace-una-decada\/","title":{"rendered":"R\u00edo Aconcagua vuelve a tener un caudal que no mostraba hace una d\u00e9cada"},"content":{"rendered":"<figure id=\"attachment_65265\" aria-describedby=\"caption-attachment-65265\" style=\"width: 300px\" class=\"wp-caption alignleft\"><img data-recalc-dims=\"1\" loading=\"lazy\" decoding=\"async\" class=\"wp-image-65265 size-medium\" src=\"https:\/\/i0.wp.com\/www.eltrabajo.cl\/portal\/wp-content\/uploads\/2015\/12\/FOTO-1-GONZALO-PENA-DIRECTOR-REGIONAL-DE-LA-DGA-300x197.jpg?resize=300%2C197\" alt=\"Gonzalo Pe\u00f1a, Director Regional de la Direcci\u00f3n General de Aguas, DGA.\" width=\"300\" height=\"197\" srcset=\"https:\/\/i0.wp.com\/eltrabajo.cl\/portal\/wp-content\/uploads\/2015\/12\/FOTO-1-GONZALO-PENA-DIRECTOR-REGIONAL-DE-LA-DGA.jpg?resize=300%2C197&amp;ssl=1 300w, https:\/\/i0.wp.com\/eltrabajo.cl\/portal\/wp-content\/uploads\/2015\/12\/FOTO-1-GONZALO-PENA-DIRECTOR-REGIONAL-DE-LA-DGA.jpg?resize=200%2C131&amp;ssl=1 200w, https:\/\/i0.wp.com\/eltrabajo.cl\/portal\/wp-content\/uploads\/2015\/12\/FOTO-1-GONZALO-PENA-DIRECTOR-REGIONAL-DE-LA-DGA.jpg?resize=228%2C150&amp;ssl=1 228w, https:\/\/i0.wp.com\/eltrabajo.cl\/portal\/wp-content\/uploads\/2015\/12\/FOTO-1-GONZALO-PENA-DIRECTOR-REGIONAL-DE-LA-DGA.jpg?resize=400%2C263&amp;ssl=1 400w, https:\/\/i0.wp.com\/eltrabajo.cl\/portal\/wp-content\/uploads\/2015\/12\/FOTO-1-GONZALO-PENA-DIRECTOR-REGIONAL-DE-LA-DGA.jpg?w=530&amp;ssl=1 530w\" sizes=\"auto, (max-width: 300px) 100vw, 300px\" \/><figcaption id=\"caption-attachment-65265\" class=\"wp-caption-text\">Gonzalo Pe\u00f1a, Director Regional de la Direcci\u00f3n General de Aguas, DGA.<\/figcaption><\/figure>\n<ul>\n<li><strong>Pese a que no existen riesgos inminentes de desborde, el Director Regional de Aguas, Gonzalo Pe\u00f1a, llam\u00f3 a tener precauci\u00f3n al momento de verse en la necesidad de atravesar el afluente.<\/strong><\/li>\n<\/ul>\n<p>Diez a\u00f1os tuvieron que pasar para que los aconcag\u00fcinos y los visitantes al Valle pudieran presenciar constantemente el R\u00edo Aconcagua con un caudal abundante. Con un peak de 131 metros c\u00fabicos por segundo (m3\/s) la semana reci\u00e9n pasada y con 127 m3\/s a las 00 horas de ayer lunes, la estaci\u00f3n de monitoreo Chacabuquito, en la parte alta de la primera secci\u00f3n del afluente, est\u00e1 marcando cifras que no se ten\u00edan registradas desde el a\u00f1o 2005.<br \/>\nAs\u00ed lo dio a conocer el Director Regional de Aguas, Gonzalo Pe\u00f1a, quien asegur\u00f3 que son 2 razones fundamentalmente las que han provocado la crecida del Aconcagua, afirmando que \u201clo que est\u00e1 marcando las estaciones es un aumento sustancial de los deshielos y esto no se produce solamente por las altas temperaturas sino que tambi\u00e9n debido a la baja en la isoterma\u201d, explic\u00f3.<br \/>\nPe\u00f1a sostuvo a la vez, que \u00e9sta es una situaci\u00f3n completamente normal respecto de las lluvias que present\u00f3 el a\u00f1o 2015, pero que en comparaci\u00f3n con el 2014, cuando los deshielos s\u00f3lo duraron 4 d\u00edas, resulta extra\u00f1o ver tan crecido el caudal ya que en otras temporadas ese proceso ya hab\u00eda terminado y el r\u00edo no tra\u00eda agua.<br \/>\nSeg\u00fan el profesional, los indicadores de ayer y la semana de navidad, no son los \u00edndices fluviom\u00e9tricos m\u00e1s altos que se esperan para la zona y asever\u00f3 que \u201cnosotros esperamos que exista un peak de aqu\u00ed a la pr\u00f3xima semana y Chacabuquito que es nuestra estaci\u00f3n principal aguas arriba, podr\u00eda subir m\u00e1s a\u00fan y claramente de noche es cuando se produce el mayor aumento de caudal, bajando \u00e9ste durante el d\u00eda y llegando con m\u00e1s fuerza a los sectores bajos del R\u00edo Aconcagua\u201d, detall\u00f3.<br \/>\nEn relaci\u00f3n a los riesgos que conlleva la crecida del Aconcagua en sus diferentes secciones, Pe\u00f1a advirti\u00f3 que \u201cpor el momento est\u00e1 todo bajo control desde el punto de vista de las defensas fluviales que existen dentro del R\u00edo, pero tambi\u00e9n es responsabilidad de los municipios, articulados con la Onemi y con la Direcci\u00f3n General de Aguas, DGA, quienes estamos entregando un monitoreo cada una hora, entonces como son datos en tiempo real, podemos visualizar cuando existe alg\u00fan tipo de desborde o riesgo en alguna compuerta\u201d, detall\u00f3.<br \/>\nJunto con esto el Director Regional de Aguas hizo un llamado a la comunidad a estar tranquilos ya que a\u00fan no se ha declarado ning\u00fan tipo de alerta en ninguna de las secciones del afluente, vale decir Chacabuquito, San Felipe y Romeral. Pese a esto, Pe\u00f1a aconsej\u00f3 no transitar por el R\u00edo para evitar cualquier tipo de accidente o tomar las precauciones necesarias si alguien necesita hacerlo.<\/p>\n<p><strong>SEQU\u00cdA<\/strong><br \/>\nCabe se\u00f1alar que las 3 estaciones modelo para poder analizar la variaci\u00f3n de caudal dentro del R\u00edo Aconcagua son la ya mencionada Chacabuquito, San Felipe, donde se realiza el monitoreo entre el final de una secci\u00f3n y el comienzo de otra y Romeral, que ayer tambi\u00e9n present\u00f3 un indicador elevado con 127 m3\/s a las 10 de la ma\u00f1ana.<br \/>\nRespecto a si estos indicadores contribuyen a dejar atr\u00e1s el largo per\u00edodo de sequ\u00eda que se vivi\u00f3 en El Valle durante los \u00faltimos 6 a\u00f1os, Pe\u00f1a fue enf\u00e1tico en responder que \u201cno porque este a\u00f1o haya sido normal con el fen\u00f3meno del ni\u00f1o, tenemos que cruzar los brazos y decir que esto ya pas\u00f3, nosotros seguimos tomando las mismas acciones como si estuvi\u00e9ramos en estado de sequ\u00eda\u201d, puntualiz\u00f3.<br \/>\nEn cuanto a la situaci\u00f3n que se vive a partir de la Tercera Secci\u00f3n del r\u00edo, el personero describi\u00f3 que \u201clos deshielos implican tambi\u00e9n que hay un aumento sustancial del caudal en la zona baja del Aconcagua y eso de alguna manera es beneficioso para que el recurso llegue a los distintos canales y asegure la temporada de riego durante la \u00e9poca estival para los peque\u00f1os y medianos agricultores, situaci\u00f3n que el a\u00f1o pasado era totalmente impensada en esta fecha, ya que no ten\u00edamos nada de agua\u201d, ratific\u00f3.<br \/>\nSi bien el per\u00edodo de Sequ\u00eda parece todav\u00eda lejos de terminar, Pe\u00f1a destac\u00f3 que los deshielos que se est\u00e1n desarrollando actualmente y con ello el aumento del caudal del afluente, contribuyen enormemente a reabastecer las napas subterr\u00e1neas, describiendo que \u201cesta situaci\u00f3n tiene directa implicancia porque el recuperar todo lo que considera la fase superficial, colabora con la recuperaci\u00f3n de las napas subterr\u00e1neas, sobre todo donde existen afluentes que van a infiltrar los sectores conocidos como acu\u00edferos (formaciones geol\u00f3gicas subterr\u00e1nea donde se encuentra y almacena agua)\u201d, apunt\u00f3.<br \/>\nPor \u00faltimo, Pe\u00f1a no descart\u00f3 que de todas formas la Direcci\u00f3n de Obras Hidr\u00e1ulicas, DOH, decida poner en funcionamiento las bater\u00edas de pozo y el famoso \u2018Canal\u00f3n de la Verg\u00fcenza\u2019, argumentando que \u201cEste es un tema que le corresponde resolver a otras instituciones, pero nunca se puede descartar el uso de las bater\u00edas de pozo de emergencia. Hoy con el caudal que est\u00e1 pasando por el Aconcagua no debiera ser necesario, pero no es un tema que se pueda descartar de plano, insisto, no porque este a\u00f1o haya sido normal, vamos a pensar que ya no estamos en Sequ\u00eda\u201d, remat\u00f3.<br \/>\nLa DGA espera que los deshielos se mantengan hasta aproximadamente la tercera semana de enero, superando ampliamente la duraci\u00f3n que este proceso tuvo los a\u00f1os anteriores, cuando en 2012 y 2013 no se extendi\u00f3 m\u00e1s all\u00e1 de una semana y llegando s\u00f3lo a 4 d\u00edas el a\u00f1o reci\u00e9n pasado.<\/p>\n<div class=\"tiled-gallery type-rectangular tiled-gallery-unresized\" data-original-width=\"640\" data-carousel-extra='null' itemscope itemtype=\"http:\/\/schema.org\/ImageGallery\" > <div class=\"gallery-row\" style=\"width: 640px; height: 212px;\" data-original-width=\"640\" data-original-height=\"212\" > <div class=\"gallery-group images-1\" style=\"width: 320px; height: 212px;\" data-original-width=\"320\" data-original-height=\"212\" > <div class=\"tiled-gallery-item tiled-gallery-item-large\" itemprop=\"associatedMedia\" itemscope itemtype=\"http:\/\/schema.org\/ImageObject\"> <a href=\"https:\/\/eltrabajo.cl\/portal\/rio-aconcagua-vuelve-a-tener-un-caudal-que-no-mostraba-hace-una-decada\/foto-2-mas-de-una-decada-que-los-sanfelipenos-no-podian-ver-este-caudal-en-el-rio-aconcagua\/\" border=\"0\" itemprop=\"url\"> <meta itemprop=\"width\" content=\"316\"> <meta itemprop=\"height\" content=\"208\"> <img decoding=\"async\" class=\"\" data-attachment-id=\"65266\" data-orig-file=\"https:\/\/eltrabajo.cl\/portal\/wp-content\/uploads\/2015\/12\/FOTO-2-MAS-DE-UNA-DECADA-QUE-LOS-SANFELIPENOS-NO-PODIAN-VER-ESTE-CAUDAL-EN-EL-RIO-ACONCAGUA.jpg\" data-orig-size=\"530,349\" data-comments-opened=\"1\" data-image-meta=\"{&quot;aperture&quot;:&quot;0&quot;,&quot;credit&quot;:&quot;&quot;,&quot;camera&quot;:&quot;&quot;,&quot;caption&quot;:&quot;&quot;,&quot;created_timestamp&quot;:&quot;0&quot;,&quot;copyright&quot;:&quot;&quot;,&quot;focal_length&quot;:&quot;0&quot;,&quot;iso&quot;:&quot;0&quot;,&quot;shutter_speed&quot;:&quot;0&quot;,&quot;title&quot;:&quot;&quot;,&quot;orientation&quot;:&quot;0&quot;}\" data-image-title=\"FOTO 2 MAS DE UNA DECADA QUE LOS SANFELIPENOS NO PODIAN VER ESTE CAUDAL EN EL RIO ACONCAGUA\" data-image-description=\"&lt;p&gt;M\u00e1s de una d\u00e9cada que los sanfelipe\u00f1os no pod\u00edan ver este caudal del Aconcagua.&lt;\/p&gt; \" data-medium-file=\"https:\/\/i0.wp.com\/eltrabajo.cl\/portal\/wp-content\/uploads\/2015\/12\/FOTO-2-MAS-DE-UNA-DECADA-QUE-LOS-SANFELIPENOS-NO-PODIAN-VER-ESTE-CAUDAL-EN-EL-RIO-ACONCAGUA.jpg?fit=300%2C198&#038;ssl=1\" data-large-file=\"https:\/\/i0.wp.com\/eltrabajo.cl\/portal\/wp-content\/uploads\/2015\/12\/FOTO-2-MAS-DE-UNA-DECADA-QUE-LOS-SANFELIPENOS-NO-PODIAN-VER-ESTE-CAUDAL-EN-EL-RIO-ACONCAGUA.jpg?fit=530%2C349&#038;ssl=1\" src=\"https:\/\/i0.wp.com\/eltrabajo.cl\/portal\/wp-content\/uploads\/2015\/12\/FOTO-2-MAS-DE-UNA-DECADA-QUE-LOS-SANFELIPENOS-NO-PODIAN-VER-ESTE-CAUDAL-EN-EL-RIO-ACONCAGUA.jpg?w=316&#038;h=208&#038;ssl=1\" srcset=\"https:\/\/i0.wp.com\/eltrabajo.cl\/portal\/wp-content\/uploads\/2015\/12\/FOTO-2-MAS-DE-UNA-DECADA-QUE-LOS-SANFELIPENOS-NO-PODIAN-VER-ESTE-CAUDAL-EN-EL-RIO-ACONCAGUA.jpg?w=530&amp;ssl=1 530w, https:\/\/i0.wp.com\/eltrabajo.cl\/portal\/wp-content\/uploads\/2015\/12\/FOTO-2-MAS-DE-UNA-DECADA-QUE-LOS-SANFELIPENOS-NO-PODIAN-VER-ESTE-CAUDAL-EN-EL-RIO-ACONCAGUA.jpg?resize=200%2C132&amp;ssl=1 200w, https:\/\/i0.wp.com\/eltrabajo.cl\/portal\/wp-content\/uploads\/2015\/12\/FOTO-2-MAS-DE-UNA-DECADA-QUE-LOS-SANFELIPENOS-NO-PODIAN-VER-ESTE-CAUDAL-EN-EL-RIO-ACONCAGUA.jpg?resize=300%2C198&amp;ssl=1 300w, https:\/\/i0.wp.com\/eltrabajo.cl\/portal\/wp-content\/uploads\/2015\/12\/FOTO-2-MAS-DE-UNA-DECADA-QUE-LOS-SANFELIPENOS-NO-PODIAN-VER-ESTE-CAUDAL-EN-EL-RIO-ACONCAGUA.jpg?resize=228%2C150&amp;ssl=1 228w, https:\/\/i0.wp.com\/eltrabajo.cl\/portal\/wp-content\/uploads\/2015\/12\/FOTO-2-MAS-DE-UNA-DECADA-QUE-LOS-SANFELIPENOS-NO-PODIAN-VER-ESTE-CAUDAL-EN-EL-RIO-ACONCAGUA.jpg?resize=400%2C263&amp;ssl=1 400w\" width=\"316\" height=\"208\" loading=\"lazy\" data-original-width=\"316\" data-original-height=\"208\" itemprop=\"http:\/\/schema.org\/image\" title=\"FOTO 2 MAS DE UNA DECADA QUE LOS SANFELIPENOS NO PODIAN VER ESTE CAUDAL EN EL RIO ACONCAGUA\" alt=\"M\u00e1s de una d\u00e9cada que los sanfelipe\u00f1os no pod\u00edan ver este caudal del Aconcagua.\" style=\"width: 316px; height: 208px;\" \/> <\/a> <div class=\"tiled-gallery-caption\" itemprop=\"caption description\"> M\u00e1s de una d\u00e9cada que los sanfelipe\u00f1os no pod\u00edan ver este caudal del Aconcagua. <\/div> <\/div> <\/div> <!-- close group --> <div class=\"gallery-group images-1\" style=\"width: 320px; height: 212px;\" data-original-width=\"320\" data-original-height=\"212\" > <div class=\"tiled-gallery-item tiled-gallery-item-large\" itemprop=\"associatedMedia\" itemscope itemtype=\"http:\/\/schema.org\/ImageObject\"> <a href=\"https:\/\/eltrabajo.cl\/portal\/rio-aconcagua-vuelve-a-tener-un-caudal-que-no-mostraba-hace-una-decada\/foto-3-estacion-de-monitoreo-san-felipe-en-puente-el-rey-ayer-a-las-1230-horas\/\" border=\"0\" itemprop=\"url\"> <meta itemprop=\"width\" content=\"316\"> <meta itemprop=\"height\" content=\"208\"> <img decoding=\"async\" class=\"\" data-attachment-id=\"65267\" data-orig-file=\"https:\/\/eltrabajo.cl\/portal\/wp-content\/uploads\/2015\/12\/FOTO-3-ESTACION-DE-MONITOREO-SAN-FELIPE-EN-PUENTE-EL-REY-AYER-A-LAS-1230-HORAS..jpg\" data-orig-size=\"530,348\" data-comments-opened=\"1\" data-image-meta=\"{&quot;aperture&quot;:&quot;0&quot;,&quot;credit&quot;:&quot;&quot;,&quot;camera&quot;:&quot;&quot;,&quot;caption&quot;:&quot;&quot;,&quot;created_timestamp&quot;:&quot;0&quot;,&quot;copyright&quot;:&quot;&quot;,&quot;focal_length&quot;:&quot;0&quot;,&quot;iso&quot;:&quot;0&quot;,&quot;shutter_speed&quot;:&quot;0&quot;,&quot;title&quot;:&quot;&quot;,&quot;orientation&quot;:&quot;0&quot;}\" data-image-title=\"FOTO 3 ESTACION DE MONITOREO SAN FELIPE EN PUENTE EL REY AYER A LAS 1230 HORAS.\" data-image-description=\"&lt;p&gt;Estaci\u00f3n de monitoreo San Felipe en puente El Rey ayer a las 12:30 horas.&lt;\/p&gt; \" data-medium-file=\"https:\/\/i0.wp.com\/eltrabajo.cl\/portal\/wp-content\/uploads\/2015\/12\/FOTO-3-ESTACION-DE-MONITOREO-SAN-FELIPE-EN-PUENTE-EL-REY-AYER-A-LAS-1230-HORAS..jpg?fit=300%2C197&#038;ssl=1\" data-large-file=\"https:\/\/i0.wp.com\/eltrabajo.cl\/portal\/wp-content\/uploads\/2015\/12\/FOTO-3-ESTACION-DE-MONITOREO-SAN-FELIPE-EN-PUENTE-EL-REY-AYER-A-LAS-1230-HORAS..jpg?fit=530%2C348&#038;ssl=1\" src=\"https:\/\/i0.wp.com\/eltrabajo.cl\/portal\/wp-content\/uploads\/2015\/12\/FOTO-3-ESTACION-DE-MONITOREO-SAN-FELIPE-EN-PUENTE-EL-REY-AYER-A-LAS-1230-HORAS..jpg?w=316&#038;h=208&#038;ssl=1\" srcset=\"https:\/\/i0.wp.com\/eltrabajo.cl\/portal\/wp-content\/uploads\/2015\/12\/FOTO-3-ESTACION-DE-MONITOREO-SAN-FELIPE-EN-PUENTE-EL-REY-AYER-A-LAS-1230-HORAS..jpg?w=530&amp;ssl=1 530w, https:\/\/i0.wp.com\/eltrabajo.cl\/portal\/wp-content\/uploads\/2015\/12\/FOTO-3-ESTACION-DE-MONITOREO-SAN-FELIPE-EN-PUENTE-EL-REY-AYER-A-LAS-1230-HORAS..jpg?resize=200%2C131&amp;ssl=1 200w, https:\/\/i0.wp.com\/eltrabajo.cl\/portal\/wp-content\/uploads\/2015\/12\/FOTO-3-ESTACION-DE-MONITOREO-SAN-FELIPE-EN-PUENTE-EL-REY-AYER-A-LAS-1230-HORAS..jpg?resize=300%2C197&amp;ssl=1 300w, https:\/\/i0.wp.com\/eltrabajo.cl\/portal\/wp-content\/uploads\/2015\/12\/FOTO-3-ESTACION-DE-MONITOREO-SAN-FELIPE-EN-PUENTE-EL-REY-AYER-A-LAS-1230-HORAS..jpg?resize=228%2C150&amp;ssl=1 228w, https:\/\/i0.wp.com\/eltrabajo.cl\/portal\/wp-content\/uploads\/2015\/12\/FOTO-3-ESTACION-DE-MONITOREO-SAN-FELIPE-EN-PUENTE-EL-REY-AYER-A-LAS-1230-HORAS..jpg?resize=400%2C263&amp;ssl=1 400w\" width=\"316\" height=\"208\" loading=\"lazy\" data-original-width=\"316\" data-original-height=\"208\" itemprop=\"http:\/\/schema.org\/image\" title=\"FOTO 3 ESTACION DE MONITOREO SAN FELIPE EN PUENTE EL REY AYER A LAS 1230 HORAS.\" alt=\"Estaci\u00f3n de monitoreo San Felipe en puente El Rey ayer a las 12:30 horas.\" style=\"width: 316px; height: 208px;\" \/> <\/a> <div class=\"tiled-gallery-caption\" itemprop=\"caption description\"> Estaci\u00f3n de monitoreo San Felipe en puente El Rey ayer a las 12:30 horas. <\/div> <\/div> <\/div> <!-- close group --> <\/div> <!-- close row --> <\/div>\n<p>&nbsp;<\/p>\n","protected":false},"excerpt":{"rendered":"<p>Pese a que no existen riesgos inminentes de desborde, el Director Regional de Aguas, Gonzalo Pe\u00f1a, llam\u00f3 a tener precauci\u00f3n al momento de verse en la necesidad de atravesar el afluente. Diez&#8230;<\/p>\n","protected":false},"author":482,"featured_media":65265,"comment_status":"open","ping_status":"open","sticky":false,"template":"","format":"standard","meta":{"advanced_seo_description":"","jetpack_seo_html_title":"","jetpack_seo_noindex":false,"_jetpack_memberships_contains_paid_content":false,"footnotes":""},"categories":[15],"tags":[],"class_list":["post-65264","post","type-post","status-publish","format-standard","has-post-thumbnail","hentry","category-comunidad"],"jetpack_featured_media_url":"https:\/\/i0.wp.com\/eltrabajo.cl\/portal\/wp-content\/uploads\/2015\/12\/FOTO-1-GONZALO-PENA-DIRECTOR-REGIONAL-DE-LA-DGA.jpg?fit=530%2C348&ssl=1","jetpack_sharing_enabled":true,"jetpack_likes_enabled":true,"jetpack-related-posts":[],"_links":{"self":[{"href":"https:\/\/eltrabajo.cl\/portal\/wp-json\/wp\/v2\/posts\/65264","targetHints":{"allow":["GET"]}}],"collection":[{"href":"https:\/\/eltrabajo.cl\/portal\/wp-json\/wp\/v2\/posts"}],"about":[{"href":"https:\/\/eltrabajo.cl\/portal\/wp-json\/wp\/v2\/types\/post"}],"author":[{"embeddable":true,"href":"https:\/\/eltrabajo.cl\/portal\/wp-json\/wp\/v2\/users\/482"}],"replies":[{"embeddable":true,"href":"https:\/\/eltrabajo.cl\/portal\/wp-json\/wp\/v2\/comments?post=65264"}],"version-history":[{"count":0,"href":"https:\/\/eltrabajo.cl\/portal\/wp-json\/wp\/v2\/posts\/65264\/revisions"}],"wp:featuredmedia":[{"embeddable":true,"href":"https:\/\/eltrabajo.cl\/portal\/wp-json\/wp\/v2\/media\/65265"}],"wp:attachment":[{"href":"https:\/\/eltrabajo.cl\/portal\/wp-json\/wp\/v2\/media?parent=65264"}],"wp:term":[{"taxonomy":"category","embeddable":true,"href":"https:\/\/eltrabajo.cl\/portal\/wp-json\/wp\/v2\/categories?post=65264"},{"taxonomy":"post_tag","embeddable":true,"href":"https:\/\/eltrabajo.cl\/portal\/wp-json\/wp\/v2\/tags?post=65264"}],"curies":[{"name":"wp","href":"https:\/\/api.w.org\/{rel}","templated":true}]}}