{"id":65272,"date":"2015-12-29T16:01:32","date_gmt":"2015-12-29T19:01:32","guid":{"rendered":"http:\/\/www.eltrabajo.cl\/portal\/?p=65272"},"modified":"2015-12-29T16:01:32","modified_gmt":"2015-12-29T19:01:32","slug":"unico-puntaje-nacional-de-san-felipe-quiere-seguir-carrera-de-medicina","status":"publish","type":"post","link":"https:\/\/eltrabajo.cl\/portal\/unico-puntaje-nacional-de-san-felipe-quiere-seguir-carrera-de-medicina\/","title":{"rendered":"\u00danico Puntaje Nacional de San Felipe quiere seguir carrera de Medicina"},"content":{"rendered":"<figure id=\"attachment_65273\" aria-describedby=\"caption-attachment-65273\" style=\"width: 300px\" class=\"wp-caption alignleft\"><img data-recalc-dims=\"1\" loading=\"lazy\" decoding=\"async\" class=\"wp-image-65273 size-medium\" src=\"https:\/\/i0.wp.com\/www.eltrabajo.cl\/portal\/wp-content\/uploads\/2015\/12\/Padres33-300x199.jpg?resize=300%2C199\" alt=\"ORGULLO FAMILIAR.- En esta gr\u00e1fica, vemos a Mois\u00e9s acompa\u00f1ado de sus padres Carolina Collantes y Ram\u00f3n Amar, recibiendo el premio al Mejor Promedio Ciencias 2015 en el IAC.\" width=\"300\" height=\"199\" srcset=\"https:\/\/i0.wp.com\/eltrabajo.cl\/portal\/wp-content\/uploads\/2015\/12\/Padres33.jpg?resize=300%2C199&amp;ssl=1 300w, https:\/\/i0.wp.com\/eltrabajo.cl\/portal\/wp-content\/uploads\/2015\/12\/Padres33.jpg?resize=200%2C133&amp;ssl=1 200w, https:\/\/i0.wp.com\/eltrabajo.cl\/portal\/wp-content\/uploads\/2015\/12\/Padres33.jpg?resize=226%2C150&amp;ssl=1 226w, https:\/\/i0.wp.com\/eltrabajo.cl\/portal\/wp-content\/uploads\/2015\/12\/Padres33.jpg?resize=400%2C265&amp;ssl=1 400w, https:\/\/i0.wp.com\/eltrabajo.cl\/portal\/wp-content\/uploads\/2015\/12\/Padres33.jpg?w=528&amp;ssl=1 528w\" sizes=\"auto, (max-width: 300px) 100vw, 300px\" \/><figcaption id=\"caption-attachment-65273\" class=\"wp-caption-text\">ORGULLO FAMILIAR.- En esta gr\u00e1fica, vemos a Mois\u00e9s acompa\u00f1ado de sus padres Carolina Collantes y Ram\u00f3n Amar, recibiendo el premio al Mejor Promedio Ciencias 2015 en el IAC.<\/figcaption><\/figure>\n<p>Recibiendo llamadas de casi todas las universidades del pa\u00eds para ofrecerle las mejores carreras; mensajes de texto a cada momento del d\u00eda para felicitarle por ser ahora Puntaje Nacional, as\u00ed est\u00e1 Mois\u00e9s Abraham Amar Collantes desde que su resultado de la PSU fue dado a conocer a todo Chile.<br \/>\nLos medios como El Mercurio Valpara\u00edso, emisoras locales y regionales, as\u00ed como portales digitales, le buscan para hacerle entrevistas en virtud de la importancia de ser el \u00fanico sanfelipe\u00f1o en esta categor\u00eda acad\u00e9mica.<br \/>\nSe trata de un exalumno del Instituto Abd\u00f3n Cifuentes de San Felipe, quien este a\u00f1o recibi\u00f3 tambi\u00e9n el Premio Ciencias 2015, que otorga el Instituto.<br \/>\nDiario El Trabajo pudo hablar con la directora del IAC, Marisela Fern\u00e1ndez Zapata, para conocer sus impresiones de este logro personal del egresado y tambi\u00e9n para el Instituto.<br \/>\n\u00abEn el colegio estamos muy contentos por los resultados obtenidos por la mayor\u00eda de nuestros estudiantes, especialmente por Mois\u00e9s. \u00c9l tiene una cercan\u00eda directa con los profesores de Biolog\u00eda de nuestro instituto, \u00e9l est\u00e1 feliz y queremos felicitarle cari\u00f1osamente, y tambi\u00e9n a su familia\u00bb, dijo Fern\u00e1ndez.<br \/>\nEl padre de Mois\u00e9s, don Ram\u00f3n Amar, es un profesor de la Escuela Industrial Guillermo Richards Cuevas, mientras que su madre, do\u00f1a Carolina Collantes, es funcionaria en el Hospital San Camilo.<br \/>\nNuestro medio tambi\u00e9n pudo hablar, v\u00eda telef\u00f3nica porque est\u00e1 de viaje, con el ahora c\u00e9lebre Mois\u00e9s Amar Collantes, quien respondi\u00f3 a nuestras preguntas.<\/p>\n<p><strong>MUCHA PRESI\u00d3N<\/strong><br \/>\n\u00abHan sido d\u00edas de mucha presi\u00f3n, universidades de todo el pa\u00eds me han llamado a todas horas, creo que es lo normal en esta clase de situaciones. Espero cursar mis estudios en Medicina, que es en lo que m\u00e1s me interesa estar, este fue un trabajo individual y familiar, estoy a\u00fan decidiendo si estudio en la U Cat\u00f3lica o la Chile, en estos d\u00edas me decido\u00bb, coment\u00f3 el joven a Diario El Trabajo.<br \/>\nMois\u00e9s es vecino de villa El Se\u00f1orial, vive con su madre Carolina y asegura que sostiene una buena relaci\u00f3n con su pap\u00e1. Es hijo \u00fanico y asegura que el secreto para tener \u00e9xito fue la preparaci\u00f3n individual, pero no para la PSU o una prueba X, sino que estudiar para instruirte y aplicar la materia en la vida cotidiana.<br \/>\n\u00abEstoy muy agradecido con los profesores del IAC, quienes durante todos estos a\u00f1os estuvieron a mi lado, instruy\u00e9ndome y presion\u00e1ndome a no perder la concentraci\u00f3n, con mucha paciencia y cari\u00f1o, tambi\u00e9n a mis padres, por ayudarme en lo que han podido siempre\u00bb, agreg\u00f3 Mois\u00e9s.<br \/>\nEste Puntaje Nacional inici\u00f3 sus estudios de kinder en el Abd\u00f3n Cifuentes, as\u00ed, todos sus a\u00f1os de preb\u00e1sica, b\u00e1sica y media, los curs\u00f3 en esta casa estudiantil sanfelipe\u00f1a.<br \/>\n<strong>Roberto Gonz\u00e1lez Short<\/strong><br \/>\n<strong>rgonzalez@eltrabajo.cl<\/strong><\/p>\n","protected":false},"excerpt":{"rendered":"<p>Recibiendo llamadas de casi todas las universidades del pa\u00eds para ofrecerle las mejores carreras; mensajes de texto a cada momento del d\u00eda para felicitarle por ser ahora Puntaje Nacional, as\u00ed est\u00e1 Mois\u00e9s&#8230;<\/p>\n","protected":false},"author":482,"featured_media":65273,"comment_status":"open","ping_status":"open","sticky":false,"template":"","format":"standard","meta":{"advanced_seo_description":"","jetpack_seo_html_title":"","jetpack_seo_noindex":false,"_jetpack_memberships_contains_paid_content":false,"footnotes":""},"categories":[15],"tags":[],"class_list":["post-65272","post","type-post","status-publish","format-standard","has-post-thumbnail","hentry","category-comunidad"],"jetpack_featured_media_url":"https:\/\/i0.wp.com\/eltrabajo.cl\/portal\/wp-content\/uploads\/2015\/12\/Padres33.jpg?fit=528%2C350&ssl=1","jetpack_sharing_enabled":true,"jetpack_likes_enabled":true,"jetpack-related-posts":[],"_links":{"self":[{"href":"https:\/\/eltrabajo.cl\/portal\/wp-json\/wp\/v2\/posts\/65272","targetHints":{"allow":["GET"]}}],"collection":[{"href":"https:\/\/eltrabajo.cl\/portal\/wp-json\/wp\/v2\/posts"}],"about":[{"href":"https:\/\/eltrabajo.cl\/portal\/wp-json\/wp\/v2\/types\/post"}],"author":[{"embeddable":true,"href":"https:\/\/eltrabajo.cl\/portal\/wp-json\/wp\/v2\/users\/482"}],"replies":[{"embeddable":true,"href":"https:\/\/eltrabajo.cl\/portal\/wp-json\/wp\/v2\/comments?post=65272"}],"version-history":[{"count":0,"href":"https:\/\/eltrabajo.cl\/portal\/wp-json\/wp\/v2\/posts\/65272\/revisions"}],"wp:featuredmedia":[{"embeddable":true,"href":"https:\/\/eltrabajo.cl\/portal\/wp-json\/wp\/v2\/media\/65273"}],"wp:attachment":[{"href":"https:\/\/eltrabajo.cl\/portal\/wp-json\/wp\/v2\/media?parent=65272"}],"wp:term":[{"taxonomy":"category","embeddable":true,"href":"https:\/\/eltrabajo.cl\/portal\/wp-json\/wp\/v2\/categories?post=65272"},{"taxonomy":"post_tag","embeddable":true,"href":"https:\/\/eltrabajo.cl\/portal\/wp-json\/wp\/v2\/tags?post=65272"}],"curies":[{"name":"wp","href":"https:\/\/api.w.org\/{rel}","templated":true}]}}