{"id":65275,"date":"2015-12-29T16:04:34","date_gmt":"2015-12-29T19:04:34","guid":{"rendered":"http:\/\/www.eltrabajo.cl\/portal\/?p=65275"},"modified":"2015-12-29T16:04:34","modified_gmt":"2015-12-29T19:04:34","slug":"antisocial-ingreso-a-robar-a-vivienda-mientras-sus-propietarios-dormian","status":"publish","type":"post","link":"https:\/\/eltrabajo.cl\/portal\/antisocial-ingreso-a-robar-a-vivienda-mientras-sus-propietarios-dormian\/","title":{"rendered":"Antisocial ingres\u00f3 a robar a vivienda mientras sus propietarios dorm\u00edan"},"content":{"rendered":"<figure id=\"attachment_65276\" aria-describedby=\"caption-attachment-65276\" style=\"width: 300px\" class=\"wp-caption alignleft\"><img data-recalc-dims=\"1\" loading=\"lazy\" decoding=\"async\" class=\"wp-image-65276 size-medium\" src=\"https:\/\/i0.wp.com\/www.eltrabajo.cl\/portal\/wp-content\/uploads\/2015\/12\/MARCO-CORDOVA-300x197.jpg?resize=300%2C197\" alt=\"El imputado Marco Andr\u00e9s C\u00f3rdova Henr\u00edquez fue capturado en flagrancia por Carabineros cuando comet\u00eda el robo de especies desde el interior de una vivienda en San Felipe.\" width=\"300\" height=\"197\" srcset=\"https:\/\/i0.wp.com\/eltrabajo.cl\/portal\/wp-content\/uploads\/2015\/12\/MARCO-CORDOVA.jpg?resize=300%2C197&amp;ssl=1 300w, https:\/\/i0.wp.com\/eltrabajo.cl\/portal\/wp-content\/uploads\/2015\/12\/MARCO-CORDOVA.jpg?resize=200%2C131&amp;ssl=1 200w, https:\/\/i0.wp.com\/eltrabajo.cl\/portal\/wp-content\/uploads\/2015\/12\/MARCO-CORDOVA.jpg?resize=228%2C150&amp;ssl=1 228w, https:\/\/i0.wp.com\/eltrabajo.cl\/portal\/wp-content\/uploads\/2015\/12\/MARCO-CORDOVA.jpg?resize=400%2C263&amp;ssl=1 400w, https:\/\/i0.wp.com\/eltrabajo.cl\/portal\/wp-content\/uploads\/2015\/12\/MARCO-CORDOVA.jpg?w=530&amp;ssl=1 530w\" sizes=\"auto, (max-width: 300px) 100vw, 300px\" \/><figcaption id=\"caption-attachment-65276\" class=\"wp-caption-text\">El imputado Marco Andr\u00e9s C\u00f3rdova Henr\u00edquez fue capturado en flagrancia por Carabineros cuando comet\u00eda el robo de especies desde el interior de una vivienda en San Felipe.<\/figcaption><\/figure>\n<ul>\n<li><strong>El delito se registr\u00f3 en una vivienda del Condominio Portones del Inca en San Felipe, cuando el due\u00f1o de casa sorprendi\u00f3 al sujeto dentro de su domicilio sustrayendo especies desde su veh\u00edculo. El Tribunal decret\u00f3 la m\u00e1xima cautelar de prisi\u00f3n preventiva.<\/strong><\/li>\n<\/ul>\n<p>Sorprendido en flagrancia fue detenido por Carabineros un antisocial que ingres\u00f3 a una vivienda del Condominio Portones del Inca de San Felipe. El delincuente sustrajo especies a vista de su propietario que en medio de la noche despert\u00f3 con los ruidos provenientes desde el antejard\u00edn, advirtiendo la presencia del sujeto al interior de su veh\u00edculo.<br \/>\nEl episodio comenz\u00f3 a eso de las 05:20 de la madrugada, cuando el antisocial de 22 a\u00f1os irrumpi\u00f3 en la vivienda ubicada en calle Raquel Amar Lolas, desliz\u00e1ndose directamente hasta el interior del veh\u00edculo estacionado en el antejard\u00edn.<br \/>\nSeg\u00fan relata el propietario de la vivienda, despert\u00f3 por los ruidos provenientes desde el acceso principal de su domicilio, donde observ\u00f3 a un desconocido sentado en su m\u00f3vil, destruyendo el panel de la radio musical para sustraerla.<br \/>\nLa v\u00edctima totalmente consternada por la situaci\u00f3n, inmediatamente tom\u00f3 contacto con Carabineros relatando los movimientos que ejecutaba el delincuente en su vivienda. Tras el llamado de alerta, los efectivos policiales concurrieron al lugar observando sigilosamente al sujeto dentro del m\u00f3vil con la puerta del conductor semiabierta.<br \/>\nEste antisocial al comprobar la cercan\u00eda de la polic\u00eda, se ocult\u00f3 detr\u00e1s de los asientos del veh\u00edculo pensando que no ser\u00eda descubierto. Sin embargo, Carabineros procedi\u00f3 a saltar la reja y en segundos redujo al antisocial que manten\u00eda en su poder una cartera de mujer en cuyo interior se encontraban especies como una billetera, un celular IPhone, una c\u00e1mara fotogr\u00e1fica y $70.000 en efectivo.<br \/>\nTras la detenci\u00f3n del imputado individualizado como Marco Andr\u00e9s C\u00f3rdova Henr\u00edquez, el due\u00f1o de casa reconoci\u00f3 las especies como de propiedad de su pareja, a\u00f1adiendo da\u00f1os al interior del veh\u00edculo en la suma de $100.000.<br \/>\nLa Fiscal\u00eda formaliz\u00f3 al detenido por el delito de robo en lugar habitado en la sala del Juzgado de Garant\u00eda de San Felipe, requiriendo durante la audiencia la m\u00e1xima cautelar de prisi\u00f3n preventiva por representar un serio peligro para seguridad de la sociedad.<br \/>\nEl Tribunal acogi\u00f3 la solicitud del Ministerio P\u00fablico ordenando el ingreso del imputado hasta el Centro de Cumplimento Penal de San Felipe por un plazo de 60 d\u00edas fijados para la investigaci\u00f3n del caso.<br \/>\n<strong>Pablo Salinas Sald\u00edas<\/strong><\/p>\n","protected":false},"excerpt":{"rendered":"<p>El delito se registr\u00f3 en una vivienda del Condominio Portones del Inca en San Felipe, cuando el due\u00f1o de casa sorprendi\u00f3 al sujeto dentro de su domicilio sustrayendo especies desde su veh\u00edculo&#8230;.<\/p>\n","protected":false},"author":482,"featured_media":65276,"comment_status":"open","ping_status":"open","sticky":false,"template":"","format":"standard","meta":{"advanced_seo_description":"","jetpack_seo_html_title":"","jetpack_seo_noindex":false,"_jetpack_memberships_contains_paid_content":false,"footnotes":""},"categories":[21],"tags":[],"class_list":["post-65275","post","type-post","status-publish","format-standard","has-post-thumbnail","hentry","category-policial"],"jetpack_featured_media_url":"https:\/\/i0.wp.com\/eltrabajo.cl\/portal\/wp-content\/uploads\/2015\/12\/MARCO-CORDOVA.jpg?fit=530%2C348&ssl=1","jetpack_sharing_enabled":true,"jetpack_likes_enabled":true,"jetpack-related-posts":[],"_links":{"self":[{"href":"https:\/\/eltrabajo.cl\/portal\/wp-json\/wp\/v2\/posts\/65275","targetHints":{"allow":["GET"]}}],"collection":[{"href":"https:\/\/eltrabajo.cl\/portal\/wp-json\/wp\/v2\/posts"}],"about":[{"href":"https:\/\/eltrabajo.cl\/portal\/wp-json\/wp\/v2\/types\/post"}],"author":[{"embeddable":true,"href":"https:\/\/eltrabajo.cl\/portal\/wp-json\/wp\/v2\/users\/482"}],"replies":[{"embeddable":true,"href":"https:\/\/eltrabajo.cl\/portal\/wp-json\/wp\/v2\/comments?post=65275"}],"version-history":[{"count":0,"href":"https:\/\/eltrabajo.cl\/portal\/wp-json\/wp\/v2\/posts\/65275\/revisions"}],"wp:featuredmedia":[{"embeddable":true,"href":"https:\/\/eltrabajo.cl\/portal\/wp-json\/wp\/v2\/media\/65276"}],"wp:attachment":[{"href":"https:\/\/eltrabajo.cl\/portal\/wp-json\/wp\/v2\/media?parent=65275"}],"wp:term":[{"taxonomy":"category","embeddable":true,"href":"https:\/\/eltrabajo.cl\/portal\/wp-json\/wp\/v2\/categories?post=65275"},{"taxonomy":"post_tag","embeddable":true,"href":"https:\/\/eltrabajo.cl\/portal\/wp-json\/wp\/v2\/tags?post=65275"}],"curies":[{"name":"wp","href":"https:\/\/api.w.org\/{rel}","templated":true}]}}