{"id":65278,"date":"2015-12-30T14:34:34","date_gmt":"2015-12-30T17:34:34","guid":{"rendered":"http:\/\/www.eltrabajo.cl\/portal\/?p=65278"},"modified":"2015-12-30T14:34:34","modified_gmt":"2015-12-30T17:34:34","slug":"el-uni-ya-tiene-dias-y-horarios-para-los-duelos-de-la-segunda-parte-del-torneo-de-la-b","status":"publish","type":"post","link":"https:\/\/eltrabajo.cl\/portal\/el-uni-ya-tiene-dias-y-horarios-para-los-duelos-de-la-segunda-parte-del-torneo-de-la-b\/","title":{"rendered":"El Un\u00ed ya tiene d\u00edas y horarios para los duelos de la segunda parte del torneo de la B"},"content":{"rendered":"<figure id=\"attachment_65279\" aria-describedby=\"caption-attachment-65279\" style=\"width: 300px\" class=\"wp-caption alignleft\"><img data-recalc-dims=\"1\" loading=\"lazy\" decoding=\"async\" class=\"wp-image-65279 size-medium\" src=\"https:\/\/i0.wp.com\/www.eltrabajo.cl\/portal\/wp-content\/uploads\/2015\/12\/uni-uni-pto-montt-300x198.jpg?resize=300%2C198\" alt=\"El 16 de enero ser\u00e1 el debut del Un\u00ed en la segunda parte del torneo de la Primera B \" width=\"300\" height=\"198\" srcset=\"https:\/\/i0.wp.com\/eltrabajo.cl\/portal\/wp-content\/uploads\/2015\/12\/uni-uni-pto-montt.jpg?resize=300%2C198&amp;ssl=1 300w, https:\/\/i0.wp.com\/eltrabajo.cl\/portal\/wp-content\/uploads\/2015\/12\/uni-uni-pto-montt.jpg?resize=200%2C132&amp;ssl=1 200w, https:\/\/i0.wp.com\/eltrabajo.cl\/portal\/wp-content\/uploads\/2015\/12\/uni-uni-pto-montt.jpg?resize=228%2C150&amp;ssl=1 228w, https:\/\/i0.wp.com\/eltrabajo.cl\/portal\/wp-content\/uploads\/2015\/12\/uni-uni-pto-montt.jpg?resize=400%2C263&amp;ssl=1 400w, https:\/\/i0.wp.com\/eltrabajo.cl\/portal\/wp-content\/uploads\/2015\/12\/uni-uni-pto-montt.jpg?w=530&amp;ssl=1 530w\" sizes=\"auto, (max-width: 300px) 100vw, 300px\" \/><figcaption id=\"caption-attachment-65279\" class=\"wp-caption-text\">El 16 de enero ser\u00e1 el debut del Un\u00ed en la segunda parte del torneo de la Primera B<\/figcaption><\/figure>\n<p>Quedaron definidos los d\u00edas y horarios de los partidos que deber\u00e1 afrontar Uni\u00f3n San Felipe en la segunda rueda del torneo de la Primera B, fase en la cual los sanfelipe\u00f1os esperan al menos llegar a la postemporada, para desde ah\u00ed intentar la haza\u00f1a de ascender a la serie A.<br \/>\nLa aventura de los aconcag\u00fcinos comenzar\u00e1 la tarde del s\u00e1bado 16 de enero cuando deban desplazarse hasta la decima regi\u00f3n para enfrentar de Puerto Montt; siete d\u00edas despu\u00e9s el Un\u00ed tendr\u00e1 sus estreno como anfitri\u00f3n frente a Coquimbo Unido.<br \/>\n<strong>El fixture para el Un\u00ed durante el primer semestre del 2016 es el siguiente: <\/strong><br \/>\n<strong>Fecha 1: S\u00e1bado 16 de enero<\/strong><br \/>\n18:00 horas, Puerto Montt \u2013 Uni\u00f3n San Felipe<br \/>\n<strong>Fecha 2: Domingo 24 de enero<\/strong><br \/>\n20:30 horas, Uni\u00f3n San Felipe \u2013 Coquimbo Unido<br \/>\n<strong>Fecha 3: Domingo 31 de enero<\/strong><br \/>\n19: 00 horas, Rangers \u2013 Uni\u00f3n San Felipe<br \/>\n<strong>Fecha 4: Domingo 7 de febrero<\/strong><br \/>\n20:30 horas, Uni\u00f3n San Felipe \u2013 Deportes Concepci\u00f3n<br \/>\n<strong>Fecha 5: S\u00e1bado 13 de febrero<\/strong><br \/>\n20:00 horas, La Serena \u2013 Uni\u00f3n San Felipe<br \/>\n<strong>Fecha 6: S\u00e1bado 20 de febrero<\/strong><br \/>\n20:00 horas, Uni\u00f3n San Felipe \u2013 Iberia<br \/>\n<strong>Fecha 7: Domingo 28 de febrero<\/strong><br \/>\n18:00 horas, Magallanes \u2013 Uni\u00f3n San Felipe<br \/>\n<strong>Fecha 8: S\u00e1bado 5 de marzo<\/strong><br \/>\n16:00 horas, Uni\u00f3n San Felipe \u2013 Everton<br \/>\n<strong>Fecha 9: Domingo 13 de marzo<\/strong><br \/>\n16:00 horas, Barnechea \u2013 Uni\u00f3n San Felipe<br \/>\n<strong>Fecha 10: S\u00e1bado 19 de marzo<\/strong><br \/>\n20:00 horas, Uni\u00f3n San Felipe \u2013 Santiago Morning<br \/>\n<strong>Fecha 11: S\u00e1bado 26 de marzo<\/strong><br \/>\n16:00 horas, Deportes Copiap\u00f3 \u2013 Uni\u00f3n San Felipe<br \/>\n<strong>Fecha 12: Domingo 3 de abril<\/strong><br \/>\n16:00 horas, Curic\u00f3 Unido \u2013 Uni\u00f3n San Felipe<br \/>\n<strong>Fecha 13: S\u00e1bado 9 de abril<\/strong><br \/>\n20:00 horas, Uni\u00f3n San Felipe \u2013 Deportes Temuco<br \/>\n<strong>Fecha 14: Domingo 17 de abril<\/strong><br \/>\nHora por confirmar: \u00d1ublense \u2013 Uni\u00f3n San Felipe<br \/>\n<strong>Fecha 15: Domingo 24 de abril<\/strong><br \/>\nHora por confirmar: Uni\u00f3n San Felipe \u2013 Cobreloa<br \/>\n<strong>Fechas de postemporada:<\/strong><br \/>\nJueves 28 de abril: Semifinal Ida<br \/>\nDomingo 1 de mayo: Semifinal Vuelta<br \/>\nJueves 5 de mayo: Final Ida<br \/>\nDomingo 8 de mayo: Final Vuelta<\/p>\n<p><strong>Final ganadores de Liguillas primera y segunda rueda:<\/strong><br \/>\nJueves 12 de mayo: Final Ida<br \/>\nDomingo 15 de mayo: Final Vuelta<\/p>\n","protected":false},"excerpt":{"rendered":"<p>Quedaron definidos los d\u00edas y horarios de los partidos que deber\u00e1 afrontar Uni\u00f3n San Felipe en la segunda rueda del torneo de la Primera B, fase en la cual los sanfelipe\u00f1os esperan&#8230;<\/p>\n","protected":false},"author":482,"featured_media":65279,"comment_status":"open","ping_status":"open","sticky":false,"template":"","format":"standard","meta":{"advanced_seo_description":"","jetpack_seo_html_title":"","jetpack_seo_noindex":false,"_jetpack_memberships_contains_paid_content":false,"footnotes":""},"categories":[19],"tags":[],"class_list":["post-65278","post","type-post","status-publish","format-standard","has-post-thumbnail","hentry","category-deportes"],"jetpack_featured_media_url":"https:\/\/i0.wp.com\/eltrabajo.cl\/portal\/wp-content\/uploads\/2015\/12\/uni-uni-pto-montt.jpg?fit=530%2C349&ssl=1","jetpack_sharing_enabled":true,"jetpack_likes_enabled":true,"jetpack-related-posts":[],"_links":{"self":[{"href":"https:\/\/eltrabajo.cl\/portal\/wp-json\/wp\/v2\/posts\/65278","targetHints":{"allow":["GET"]}}],"collection":[{"href":"https:\/\/eltrabajo.cl\/portal\/wp-json\/wp\/v2\/posts"}],"about":[{"href":"https:\/\/eltrabajo.cl\/portal\/wp-json\/wp\/v2\/types\/post"}],"author":[{"embeddable":true,"href":"https:\/\/eltrabajo.cl\/portal\/wp-json\/wp\/v2\/users\/482"}],"replies":[{"embeddable":true,"href":"https:\/\/eltrabajo.cl\/portal\/wp-json\/wp\/v2\/comments?post=65278"}],"version-history":[{"count":0,"href":"https:\/\/eltrabajo.cl\/portal\/wp-json\/wp\/v2\/posts\/65278\/revisions"}],"wp:featuredmedia":[{"embeddable":true,"href":"https:\/\/eltrabajo.cl\/portal\/wp-json\/wp\/v2\/media\/65279"}],"wp:attachment":[{"href":"https:\/\/eltrabajo.cl\/portal\/wp-json\/wp\/v2\/media?parent=65278"}],"wp:term":[{"taxonomy":"category","embeddable":true,"href":"https:\/\/eltrabajo.cl\/portal\/wp-json\/wp\/v2\/categories?post=65278"},{"taxonomy":"post_tag","embeddable":true,"href":"https:\/\/eltrabajo.cl\/portal\/wp-json\/wp\/v2\/tags?post=65278"}],"curies":[{"name":"wp","href":"https:\/\/api.w.org\/{rel}","templated":true}]}}