{"id":65291,"date":"2015-12-30T14:41:21","date_gmt":"2015-12-30T17:41:21","guid":{"rendered":"http:\/\/www.eltrabajo.cl\/portal\/?p=65291"},"modified":"2015-12-30T14:41:21","modified_gmt":"2015-12-30T17:41:21","slug":"autoridad-asegura-que-edificio-de-la-omil-no-se-rematara-por-deudas-impagas","status":"publish","type":"post","link":"https:\/\/eltrabajo.cl\/portal\/autoridad-asegura-que-edificio-de-la-omil-no-se-rematara-por-deudas-impagas\/","title":{"rendered":"Autoridad asegura que edificio de la Omil no se rematar\u00e1 por deudas impagas"},"content":{"rendered":"<figure id=\"attachment_65292\" aria-describedby=\"caption-attachment-65292\" style=\"width: 300px\" class=\"wp-caption alignleft\"><img data-recalc-dims=\"1\" loading=\"lazy\" decoding=\"async\" class=\"wp-image-65292 size-medium\" src=\"https:\/\/i0.wp.com\/www.eltrabajo.cl\/portal\/wp-content\/uploads\/2015\/12\/Concejal-Benigno-Retamal-300x198.jpg?resize=300%2C198\" alt=\"Concejal Benigno Retamal.\" width=\"300\" height=\"198\" srcset=\"https:\/\/i0.wp.com\/eltrabajo.cl\/portal\/wp-content\/uploads\/2015\/12\/Concejal-Benigno-Retamal.jpg?resize=300%2C198&amp;ssl=1 300w, https:\/\/i0.wp.com\/eltrabajo.cl\/portal\/wp-content\/uploads\/2015\/12\/Concejal-Benigno-Retamal.jpg?resize=200%2C132&amp;ssl=1 200w, https:\/\/i0.wp.com\/eltrabajo.cl\/portal\/wp-content\/uploads\/2015\/12\/Concejal-Benigno-Retamal.jpg?resize=228%2C150&amp;ssl=1 228w, https:\/\/i0.wp.com\/eltrabajo.cl\/portal\/wp-content\/uploads\/2015\/12\/Concejal-Benigno-Retamal.jpg?resize=400%2C263&amp;ssl=1 400w, https:\/\/i0.wp.com\/eltrabajo.cl\/portal\/wp-content\/uploads\/2015\/12\/Concejal-Benigno-Retamal.jpg?w=530&amp;ssl=1 530w\" sizes=\"auto, (max-width: 300px) 100vw, 300px\" \/><figcaption id=\"caption-attachment-65292\" class=\"wp-caption-text\">Concejal Benigno Retamal.<\/figcaption><\/figure>\n<ul>\n<li><strong>Montos de la deuda por facturas impagas debe ser determinado primero por el juzgado civil, aun cuando existe orden de remate para el 21 de enero.<\/strong><\/li>\n<\/ul>\n<p><strong>LOS ANDES.<\/strong>&#8211; El concejal Benigno Retamal asegur\u00f3 que la propiedad que ocupa actualmente la Omil de la Municipalidad de Los Andes, ubicada en avenida Santa Teresa no saldr\u00e1 a remate por deudas impagas del municipio con un proveedor.<br \/>\nEl edil desestim\u00f3 una eventual enajenaci\u00f3n de la propiedad, toda vez que en el juicio que se lleva adelante en el Primer Juzgado de Letras entablado por la empresa Servintegral, a\u00fan no se ha determinado el monto real de las facturas impagas y en cualquier caso ese valor ser\u00e1 muy inferior al valor de la casa ocupada por la OMIL.<br \/>\n\u201cEsta situaci\u00f3n es propia de las gestiones judiciales en donde se llega a una instancia en que el tribunal decreta un remate, pero el demandado, en este caso la Municipalidad, puede evitar ese remate hasta el mismo d\u00eda de la subasta que es el 21 de enero y en este caso la soluci\u00f3n se entregar\u00e1 antes cancelando los montos de las facturas que quedan por pagar\u201d, explic\u00f3.<br \/>\nA\u00f1adi\u00f3 que el municipio ha pagado ya una suma importante del dinero adeudado a este proveedor, existiendo aun una diferencia que ser\u00e1 pagada, \u201cy en ning\u00fan caso se va a perder un inmueble tan importante como el de la OMIL, eso nunca sucede y las deudas judicializadas hay que pagarlas\u201d.<br \/>\nRetamal llam\u00f3 a la tranquilidad a la comunidad andina de que ese inmueble no se puede perder, \u201cpor lo que estaremos fiscalizando que esa deuda sea pagada por el municipio para que no se llegue a la instancia de remate\u201d.<br \/>\nEl edil dijo que la deuda original con la empresa es de m\u00e1s de 130 millones de pesos de los cuales ya han sido pagados m\u00e1s de 100 millones, \u201centonces hoy d\u00eda lo que debiera suceder es que el tribunal determine efectivamente cuales es la cifra que al d\u00eda de hoy se adeuda y la municipalidad pague la diferencia\u201d.<\/p>\n","protected":false},"excerpt":{"rendered":"<p>Montos de la deuda por facturas impagas debe ser determinado primero por el juzgado civil, aun cuando existe orden de remate para el 21 de enero. LOS ANDES.&#8211; El concejal Benigno Retamal&#8230;<\/p>\n","protected":false},"author":482,"featured_media":65292,"comment_status":"open","ping_status":"open","sticky":false,"template":"","format":"standard","meta":{"advanced_seo_description":"","jetpack_seo_html_title":"","jetpack_seo_noindex":false,"_jetpack_memberships_contains_paid_content":false,"footnotes":""},"categories":[1],"tags":[],"class_list":["post-65291","post","type-post","status-publish","format-standard","has-post-thumbnail","hentry","category-cronica"],"jetpack_featured_media_url":"https:\/\/i0.wp.com\/eltrabajo.cl\/portal\/wp-content\/uploads\/2015\/12\/Concejal-Benigno-Retamal.jpg?fit=530%2C349&ssl=1","jetpack_sharing_enabled":true,"jetpack_likes_enabled":true,"jetpack-related-posts":[],"_links":{"self":[{"href":"https:\/\/eltrabajo.cl\/portal\/wp-json\/wp\/v2\/posts\/65291","targetHints":{"allow":["GET"]}}],"collection":[{"href":"https:\/\/eltrabajo.cl\/portal\/wp-json\/wp\/v2\/posts"}],"about":[{"href":"https:\/\/eltrabajo.cl\/portal\/wp-json\/wp\/v2\/types\/post"}],"author":[{"embeddable":true,"href":"https:\/\/eltrabajo.cl\/portal\/wp-json\/wp\/v2\/users\/482"}],"replies":[{"embeddable":true,"href":"https:\/\/eltrabajo.cl\/portal\/wp-json\/wp\/v2\/comments?post=65291"}],"version-history":[{"count":0,"href":"https:\/\/eltrabajo.cl\/portal\/wp-json\/wp\/v2\/posts\/65291\/revisions"}],"wp:featuredmedia":[{"embeddable":true,"href":"https:\/\/eltrabajo.cl\/portal\/wp-json\/wp\/v2\/media\/65292"}],"wp:attachment":[{"href":"https:\/\/eltrabajo.cl\/portal\/wp-json\/wp\/v2\/media?parent=65291"}],"wp:term":[{"taxonomy":"category","embeddable":true,"href":"https:\/\/eltrabajo.cl\/portal\/wp-json\/wp\/v2\/categories?post=65291"},{"taxonomy":"post_tag","embeddable":true,"href":"https:\/\/eltrabajo.cl\/portal\/wp-json\/wp\/v2\/tags?post=65291"}],"curies":[{"name":"wp","href":"https:\/\/api.w.org\/{rel}","templated":true}]}}