{"id":65294,"date":"2015-12-30T14:42:43","date_gmt":"2015-12-30T17:42:43","guid":{"rendered":"http:\/\/www.eltrabajo.cl\/portal\/?p=65294"},"modified":"2015-12-30T14:42:43","modified_gmt":"2015-12-30T17:42:43","slug":"corte-de-apelaciones-acogio-recurso-y-ordena-paralizar-los-trabajos-mineros-al-interior-del-sector-los-patos","status":"publish","type":"post","link":"https:\/\/eltrabajo.cl\/portal\/corte-de-apelaciones-acogio-recurso-y-ordena-paralizar-los-trabajos-mineros-al-interior-del-sector-los-patos\/","title":{"rendered":"Corte de Apelaciones acogi\u00f3 recurso y ordena paralizar los trabajos mineros al interior del sector Los Patos"},"content":{"rendered":"<figure id=\"attachment_65295\" aria-describedby=\"caption-attachment-65295\" style=\"width: 300px\" class=\"wp-caption alignleft\"><img data-recalc-dims=\"1\" loading=\"lazy\" decoding=\"async\" class=\"wp-image-65295 size-medium\" src=\"https:\/\/i0.wp.com\/www.eltrabajo.cl\/portal\/wp-content\/uploads\/2015\/12\/orden-de-no-innovar-300x198.jpg?resize=300%2C198\" alt=\"Ante el recurso de protecci\u00f3n interpuesto por el empresario Luis Arancibia, la Corte de Apelaciones de Valpara\u00edso concedi\u00f3 no innovar y orden\u00f3 la paralizaci\u00f3n de los trabajos que se est\u00e1n desarrollando al interior de Los Patos.\" width=\"300\" height=\"198\" srcset=\"https:\/\/i0.wp.com\/eltrabajo.cl\/portal\/wp-content\/uploads\/2015\/12\/orden-de-no-innovar.jpg?resize=300%2C198&amp;ssl=1 300w, https:\/\/i0.wp.com\/eltrabajo.cl\/portal\/wp-content\/uploads\/2015\/12\/orden-de-no-innovar.jpg?resize=200%2C132&amp;ssl=1 200w, https:\/\/i0.wp.com\/eltrabajo.cl\/portal\/wp-content\/uploads\/2015\/12\/orden-de-no-innovar.jpg?resize=228%2C150&amp;ssl=1 228w, https:\/\/i0.wp.com\/eltrabajo.cl\/portal\/wp-content\/uploads\/2015\/12\/orden-de-no-innovar.jpg?resize=400%2C263&amp;ssl=1 400w, https:\/\/i0.wp.com\/eltrabajo.cl\/portal\/wp-content\/uploads\/2015\/12\/orden-de-no-innovar.jpg?w=530&amp;ssl=1 530w\" sizes=\"auto, (max-width: 300px) 100vw, 300px\" \/><figcaption id=\"caption-attachment-65295\" class=\"wp-caption-text\">Ante el recurso de protecci\u00f3n interpuesto por el empresario Luis Arancibia, la Corte de Apelaciones de Valpara\u00edso concedi\u00f3 no innovar y orden\u00f3 la paralizaci\u00f3n de los trabajos que se est\u00e1n desarrollando al interior de Los Patos.<\/figcaption><\/figure>\n<p><strong>PUTAENDO.<\/strong>&#8211; Luego del recurso de protecci\u00f3n presentado por el empresario agr\u00edcola Lu\u00eds Arancibia C\u00e1diz, la ilustr\u00edsima Corte de Apelaciones de Valpara\u00edso acogi\u00f3 dicho recurso a tr\u00e1mite y adem\u00e1s concedi\u00f3 no innovar y orden\u00f3 la paralizaci\u00f3n en forma inmediata de los trabajos de prospecci\u00f3n que la empresa Canadiense Andes Cooper est\u00e1 desarrollando al interior de Los Patos.<br \/>\nEn conversaci\u00f3n con nuestro medio, el abogado H\u00e9ctor P\u00e9rez se\u00f1al\u00f3 que recibieron con mucho benepl\u00e1cito el pronunciamiento de la ilustr\u00edsima corte de apelaciones, pues primero acogi\u00f3 el recurso de protecci\u00f3n a tr\u00e1mite; segundo concedi\u00f3 la orden de no innovar, es decir ordena la paralizaci\u00f3n en forma inmediata a Andes Cooper de los trabajos de sondeo o prospecciones al interior de Los Patos, les da un plazo de ocho d\u00eda para poner a disposici\u00f3n de la corte todos los antecedentes legales t\u00e9cnicos y medioambientales de su faena y adem\u00e1s ordena a la Superintendencia del Medio Ambiente y a la Direcci\u00f3n General de Aguas, tambi\u00e9n en un plazo de ocho d\u00edas, evacuar un completo informe sobre los trabajos, fiscalizaciones y autorizaciones a Andes Cooper<br \/>\nP\u00e9rez agreg\u00f3 que espera en un plazo no superior a los diez d\u00edas, poder demostrar en los alegatos que efectivamente hay un incumplimiento de los organismos del estado en cuanto a las fiscalizaciones y que el cauce del r\u00edo ha sido alterado de distintas formas por los trabajos de la minera, y adem\u00e1s demostrar que se han realizado perforaciones sobre glaciares de roca, por lo que invit\u00f3 a otras organizaciones a sumarse a esta acci\u00f3n judicial y garantizar que Andes Cooper sea obligada a cumplir con todas las leyes medioambientales, a fin de asegurar de manera clara y categ\u00f3rica que se garantizar\u00e1 a la ciudadan\u00eda la no contaminaci\u00f3n de las agua y ojala lograr que se suspendan definitivamente los trabajos de prospecci\u00f3n minera al interior de Los Patos<br \/>\nEn tanto, el empresario Luis Arancibia dijo sentirse satisfecho pues lo m\u00e1s importante es que el recurso fue acogido y eso ya era un logro pues lo que viene es demostrar lo que se plante\u00f3, pero ya se dio un paso muy importante tomando en cuenta que las leyes favorecen la inversi\u00f3n de la gran miner\u00eda y era a\u00fan mucho m\u00e1s importante que la corte haya acogido un recurso de un particular lo que demuestra que si las autoridades y organizaciones siguieran la v\u00eda judicial seria m\u00e1s fuerte la presi\u00f3n para parar definitivamente a Andes Cooper.<br \/>\n<strong>Patricio Gallardo M.<\/strong><\/p>\n","protected":false},"excerpt":{"rendered":"<p>PUTAENDO.&#8211; Luego del recurso de protecci\u00f3n presentado por el empresario agr\u00edcola Lu\u00eds Arancibia C\u00e1diz, la ilustr\u00edsima Corte de Apelaciones de Valpara\u00edso acogi\u00f3 dicho recurso a tr\u00e1mite y adem\u00e1s concedi\u00f3 no innovar y&#8230;<\/p>\n","protected":false},"author":482,"featured_media":65295,"comment_status":"open","ping_status":"open","sticky":false,"template":"","format":"standard","meta":{"advanced_seo_description":"","jetpack_seo_html_title":"","jetpack_seo_noindex":false,"_jetpack_memberships_contains_paid_content":false,"footnotes":""},"categories":[1],"tags":[],"class_list":["post-65294","post","type-post","status-publish","format-standard","has-post-thumbnail","hentry","category-cronica"],"jetpack_featured_media_url":"https:\/\/i0.wp.com\/eltrabajo.cl\/portal\/wp-content\/uploads\/2015\/12\/orden-de-no-innovar.jpg?fit=530%2C349&ssl=1","jetpack_sharing_enabled":true,"jetpack_likes_enabled":true,"jetpack-related-posts":[],"_links":{"self":[{"href":"https:\/\/eltrabajo.cl\/portal\/wp-json\/wp\/v2\/posts\/65294","targetHints":{"allow":["GET"]}}],"collection":[{"href":"https:\/\/eltrabajo.cl\/portal\/wp-json\/wp\/v2\/posts"}],"about":[{"href":"https:\/\/eltrabajo.cl\/portal\/wp-json\/wp\/v2\/types\/post"}],"author":[{"embeddable":true,"href":"https:\/\/eltrabajo.cl\/portal\/wp-json\/wp\/v2\/users\/482"}],"replies":[{"embeddable":true,"href":"https:\/\/eltrabajo.cl\/portal\/wp-json\/wp\/v2\/comments?post=65294"}],"version-history":[{"count":0,"href":"https:\/\/eltrabajo.cl\/portal\/wp-json\/wp\/v2\/posts\/65294\/revisions"}],"wp:featuredmedia":[{"embeddable":true,"href":"https:\/\/eltrabajo.cl\/portal\/wp-json\/wp\/v2\/media\/65295"}],"wp:attachment":[{"href":"https:\/\/eltrabajo.cl\/portal\/wp-json\/wp\/v2\/media?parent=65294"}],"wp:term":[{"taxonomy":"category","embeddable":true,"href":"https:\/\/eltrabajo.cl\/portal\/wp-json\/wp\/v2\/categories?post=65294"},{"taxonomy":"post_tag","embeddable":true,"href":"https:\/\/eltrabajo.cl\/portal\/wp-json\/wp\/v2\/tags?post=65294"}],"curies":[{"name":"wp","href":"https:\/\/api.w.org\/{rel}","templated":true}]}}