{"id":65307,"date":"2015-12-30T14:54:06","date_gmt":"2015-12-30T17:54:06","guid":{"rendered":"http:\/\/www.eltrabajo.cl\/portal\/?p=65307"},"modified":"2015-12-30T14:54:06","modified_gmt":"2015-12-30T17:54:06","slug":"liceo-bicentenario-cordillera-supero-media-nacional-de-establecimientos-municipalizados-en-psu-2015","status":"publish","type":"post","link":"https:\/\/eltrabajo.cl\/portal\/liceo-bicentenario-cordillera-supero-media-nacional-de-establecimientos-municipalizados-en-psu-2015\/","title":{"rendered":"Liceo Bicentenario Cordillera super\u00f3 media nacional de establecimientos municipalizados en PSU 2015"},"content":{"rendered":"<figure id=\"attachment_65308\" aria-describedby=\"caption-attachment-65308\" style=\"width: 300px\" class=\"wp-caption alignleft\"><img data-recalc-dims=\"1\" loading=\"lazy\" decoding=\"async\" class=\"wp-image-65308 size-medium\" src=\"https:\/\/i0.wp.com\/www.eltrabajo.cl\/portal\/wp-content\/uploads\/2015\/12\/FOTO-1-JORGE-SEPULVEDA-GOMEZ-DIRECTOR-LICEO-BICENTENARIO-CORDILLERA-LBC-300x197.jpg?resize=300%2C197\" alt=\"Jorge Sep\u00falveda G\u00f3mez, Director Liceo Bicentenario Cordillera (LBC).\" width=\"300\" height=\"197\" srcset=\"https:\/\/i0.wp.com\/eltrabajo.cl\/portal\/wp-content\/uploads\/2015\/12\/FOTO-1-JORGE-SEPULVEDA-GOMEZ-DIRECTOR-LICEO-BICENTENARIO-CORDILLERA-LBC.jpg?resize=300%2C197&amp;ssl=1 300w, https:\/\/i0.wp.com\/eltrabajo.cl\/portal\/wp-content\/uploads\/2015\/12\/FOTO-1-JORGE-SEPULVEDA-GOMEZ-DIRECTOR-LICEO-BICENTENARIO-CORDILLERA-LBC.jpg?resize=200%2C131&amp;ssl=1 200w, https:\/\/i0.wp.com\/eltrabajo.cl\/portal\/wp-content\/uploads\/2015\/12\/FOTO-1-JORGE-SEPULVEDA-GOMEZ-DIRECTOR-LICEO-BICENTENARIO-CORDILLERA-LBC.jpg?resize=228%2C150&amp;ssl=1 228w, https:\/\/i0.wp.com\/eltrabajo.cl\/portal\/wp-content\/uploads\/2015\/12\/FOTO-1-JORGE-SEPULVEDA-GOMEZ-DIRECTOR-LICEO-BICENTENARIO-CORDILLERA-LBC.jpg?resize=400%2C263&amp;ssl=1 400w, https:\/\/i0.wp.com\/eltrabajo.cl\/portal\/wp-content\/uploads\/2015\/12\/FOTO-1-JORGE-SEPULVEDA-GOMEZ-DIRECTOR-LICEO-BICENTENARIO-CORDILLERA-LBC.jpg?w=530&amp;ssl=1 530w\" sizes=\"auto, (max-width: 300px) 100vw, 300px\" \/><figcaption id=\"caption-attachment-65308\" class=\"wp-caption-text\">Jorge Sep\u00falveda G\u00f3mez, Director Liceo Bicentenario Cordillera (LBC).<\/figcaption><\/figure>\n<ul>\n<li><strong>Si bien no fueron puntajes nacionales, Graciela C\u00e9sped e Ignacio L\u00f3pez superaron los 800 puntos y postularon a Derecho en la Universidad Cat\u00f3lica y Universidad de Chile.<\/strong><\/li>\n<\/ul>\n<p>Los alumnos del Liceo Bicentenario Cordillera (LBC) de San Felipe, junto a sus familias y cuerpo docente fueron los grandes ganadores del Valle de Aconcagua, tras conocerse los resultados de la Prueba de Selecci\u00f3n Universitaria, PSU 2015.<br \/>\nEscapando de la norma nacional que dej\u00f3 esta PSU, en la cual, se establece que un 71 % de los alumnos de establecimientos municipales que rindieron el examen no alcanzaron los 500 puntos, el colegio sanfelipe\u00f1o logr\u00f3 un promedio ponderado de 548 puntos, 79 sobre la media nacional de colegios enrolados al sistema municipal y 50 puntos sobre el puntaje obtenido el 2014 que fue de 498 entre las pruebas de Lenguaje y Matem\u00e1ticas.<br \/>\nEstos resultados dejan al Cordillera encaramado en el podio de la Regi\u00f3n de Valpara\u00edso, obteniendo un meritorio 3\u00ba lugar regional, convirti\u00e9ndose a la vez, en el establecimiento municipal con mejor promedio en las Provincias de San Felipe y Los Andes y quedando as\u00ed encasillado en el puesto 42 de la lista de los mejores 100 colegios municipalizados de Chile.<br \/>\nEl director del LBC, Jorge Sep\u00falveda G\u00f3mez, atribuy\u00f3 estos buenos resultados al esfuerzo de alumnos y profesores, asegurando que \u201cestamos muy felices de la calidad de nuestros estudiantes, quienes hacen que nuestro establecimiento vaya obteniendo los logros que ya se han se\u00f1alado, adem\u00e1s por la calidad profesional de los docentes que me corresponde liderar, la verdad es que ellos han hecho un trabajo muy intenso y estamos desafiando a las nuevas generaciones que vayan super\u00e1ndose d\u00eda a d\u00eda\u201d, afirm\u00f3.<br \/>\nAs\u00ed mismo, Sep\u00falveda se mostr\u00f3 muy satisfecho con haber cumplido el objetivo planteado al momento de rotular al establecimiento como \u2018bicentenario\u2019, aludiendo que \u201cnos pusimos la meta de estar dentro del 10 % de los mejores establecimientos educacionales municipalizados del pa\u00eds y hoy eso lo hemos concretado\u201d, sostuvo.<br \/>\nAdem\u00e1s el director del LBC, asegur\u00f3 que su satisfacci\u00f3n apunta principalmente al enorme compromiso mostrado por toda la comunidad escolar, el cual, finalmente contribuye a que desde el a\u00f1o pasado (2014), el establecimiento tenga a sus alumnos estudiando carreras de mucha proyecci\u00f3n como son Ingenier\u00eda Civil y\/o Derecho, en las mejores casas de estudio del Pa\u00eds, tales como la Universidad de Chile, Cat\u00f3lica y Federico Santa Mar\u00eda.<br \/>\n\u201cDel 60 % de alumnos que entraron el a\u00f1o pasado a ese tipo de carreras y universidades, hemos subido a un 80 % ese potencial, por lo tanto, es realmente bueno para las familias de nuestros estudiantes y la alegr\u00eda es por los ni\u00f1os, son los j\u00f3venes los que hacen esto y sus profesores, a ellos le debemos el \u00e9xito en estos resultados\u201d, remat\u00f3 Sep\u00falveda.<\/p>\n<p><strong>GESTORES DEL LOGRO<\/strong><br \/>\nLos excelentes resultados conseguidos por el LBC est\u00e1n encabezados por dos alumnos que estuvieron muy cerca de ser Puntaje Nacional. Se trata de Ignacio L\u00f3pez Cort\u00e9s y Graciela C\u00e9sped Cueto, ambos obtuvieron 809 puntos en la Prueba de Historia y postularon a Derecho en las Universidades de Chile, Cat\u00f3lica y Cat\u00f3lica de Valpara\u00edso.<br \/>\nIgnacio reconoce que al ver sus dos primeros puntajes (657 Lenguaje y 597 matem\u00e1ticas) estaba un poco asustado, sin embargo con lo conseguido en historia se\u00f1al\u00f3 que \u201cvoy a esperar la respuesta de las universidades a las que postul\u00e9 para empezar pronto a estudiar la carrera que eleg\u00ed\u201d, afirm\u00f3<br \/>\nPor su lado, Graciela mostr\u00f3 felicidad mesurada al recordar sus puntajes (759 Lenguaje y 607 Matem\u00e1ticas) y asegur\u00f3 que \u201cestoy contenta pero con gusto a poco porque quer\u00eda el nacional en Historia, pero me faltaron 2 preguntas para conseguirlo\u201d, sostuvo<br \/>\nRespecto a si se prepar\u00f3 de forma especial para alguna de las asignaturas, C\u00e9sped cont\u00f3 que \u201cno me prepar\u00e9 espec\u00edficamente para Historia, pero es lo que m\u00e1s me gusta, era mi fuerte\u201d, narr\u00f3, agregando que estudiar\u00e1 derecho s\u00f3lo por vocaci\u00f3n.<br \/>\nA su vez, Felipe Mardini, Profesor de Historia, Geograf\u00eda y Ciencias Sociales del LBC se mostr\u00f3 feliz de ver concretado de forma exitosa el proceso estudiantil de sus alumnos, manifestando que \u201cac\u00e1 estamos hablando de historias de esfuerzo, dedicaci\u00f3n de ellos, de sus familias, as\u00ed que es muy satisfactorio que se logren estas metas\u201d, sostuvo.<br \/>\nA la vez, Mardini asever\u00f3 que los resultados que se dieron eran esperables ya que \u201cesta generaci\u00f3n no tiene una receta, pero s\u00ed un punto clave que fueron las expectativas que nos generamos con ellos\u201d, apunt\u00f3.<br \/>\nPor \u00faltimo, el docente destac\u00f3 que este \u00e9xito tiene un valor agregado si se considera lo conflictivo que fue el a\u00f1o a nivel educacional y sostuvo que \u201cel tema educativo se juega en la sala de clases, pero este fue un a\u00f1o bastante \u00e1lgido en t\u00e9rminos del proceso pol\u00edtico que hemos vivido con el tema de Carrera Docente y Educaci\u00f3n Superior, as\u00ed que esto es un aliciente para seguir trabajando d\u00eda a d\u00eda en el concepto que llamamos educaci\u00f3n de calidad\u201d, remat\u00f3.<br \/>\nEl LBC tuvo 27 alumnos con puntajes sobre los 650 puntos, un 61 % del total de alumnos que rindieron la PSU 2015, promedio que tambi\u00e9n se eleva por sobre la media nacional que estanc\u00f3 su ponderado de postulaci\u00f3n en 629 unidades.<\/p>\n<div class=\"tiled-gallery type-rectangular tiled-gallery-unresized\" data-original-width=\"640\" data-carousel-extra='null' itemscope itemtype=\"http:\/\/schema.org\/ImageGallery\" > <div class=\"gallery-row\" style=\"width: 640px; height: 212px;\" data-original-width=\"640\" data-original-height=\"212\" > <div class=\"gallery-group images-1\" style=\"width: 319px; height: 212px;\" data-original-width=\"319\" data-original-height=\"212\" > <div class=\"tiled-gallery-item tiled-gallery-item-large\" itemprop=\"associatedMedia\" itemscope itemtype=\"http:\/\/schema.org\/ImageObject\"> <a href=\"https:\/\/eltrabajo.cl\/portal\/liceo-bicentenario-cordillera-supero-media-nacional-de-establecimientos-municipalizados-en-psu-2015\/psu-cordillera-ignacio-lopez-cortes-graciela-cesped-cueto\/\" border=\"0\" itemprop=\"url\"> <meta itemprop=\"width\" content=\"315\"> <meta itemprop=\"height\" content=\"208\"> <img decoding=\"async\" class=\"\" data-attachment-id=\"65310\" data-orig-file=\"https:\/\/eltrabajo.cl\/portal\/wp-content\/uploads\/2015\/12\/psu-cordillera-Ignacio-Lopez-Cortes-Graciela-Cesped-Cueto.jpg\" data-orig-size=\"530,350\" data-comments-opened=\"1\" data-image-meta=\"{&quot;aperture&quot;:&quot;0&quot;,&quot;credit&quot;:&quot;&quot;,&quot;camera&quot;:&quot;&quot;,&quot;caption&quot;:&quot;&quot;,&quot;created_timestamp&quot;:&quot;0&quot;,&quot;copyright&quot;:&quot;&quot;,&quot;focal_length&quot;:&quot;0&quot;,&quot;iso&quot;:&quot;0&quot;,&quot;shutter_speed&quot;:&quot;0&quot;,&quot;title&quot;:&quot;&quot;,&quot;orientation&quot;:&quot;0&quot;}\" data-image-title=\"psu cordillera-Ignacio Lopez Cortes Graciela Cesped Cueto\" data-image-description=\"&lt;p&gt;Ignacio L\u00f3pez y Graciela Cesped, sobre 800 puntos&lt;\/p&gt; \" data-medium-file=\"https:\/\/i0.wp.com\/eltrabajo.cl\/portal\/wp-content\/uploads\/2015\/12\/psu-cordillera-Ignacio-Lopez-Cortes-Graciela-Cesped-Cueto.jpg?fit=300%2C198&#038;ssl=1\" data-large-file=\"https:\/\/i0.wp.com\/eltrabajo.cl\/portal\/wp-content\/uploads\/2015\/12\/psu-cordillera-Ignacio-Lopez-Cortes-Graciela-Cesped-Cueto.jpg?fit=530%2C350&#038;ssl=1\" src=\"https:\/\/i0.wp.com\/eltrabajo.cl\/portal\/wp-content\/uploads\/2015\/12\/psu-cordillera-Ignacio-Lopez-Cortes-Graciela-Cesped-Cueto.jpg?w=315&#038;h=208&#038;ssl=1\" srcset=\"https:\/\/i0.wp.com\/eltrabajo.cl\/portal\/wp-content\/uploads\/2015\/12\/psu-cordillera-Ignacio-Lopez-Cortes-Graciela-Cesped-Cueto.jpg?w=530&amp;ssl=1 530w, https:\/\/i0.wp.com\/eltrabajo.cl\/portal\/wp-content\/uploads\/2015\/12\/psu-cordillera-Ignacio-Lopez-Cortes-Graciela-Cesped-Cueto.jpg?resize=200%2C132&amp;ssl=1 200w, https:\/\/i0.wp.com\/eltrabajo.cl\/portal\/wp-content\/uploads\/2015\/12\/psu-cordillera-Ignacio-Lopez-Cortes-Graciela-Cesped-Cueto.jpg?resize=300%2C198&amp;ssl=1 300w, https:\/\/i0.wp.com\/eltrabajo.cl\/portal\/wp-content\/uploads\/2015\/12\/psu-cordillera-Ignacio-Lopez-Cortes-Graciela-Cesped-Cueto.jpg?resize=227%2C150&amp;ssl=1 227w, https:\/\/i0.wp.com\/eltrabajo.cl\/portal\/wp-content\/uploads\/2015\/12\/psu-cordillera-Ignacio-Lopez-Cortes-Graciela-Cesped-Cueto.jpg?resize=400%2C264&amp;ssl=1 400w\" width=\"315\" height=\"208\" loading=\"lazy\" data-original-width=\"315\" data-original-height=\"208\" itemprop=\"http:\/\/schema.org\/image\" title=\"psu cordillera-Ignacio Lopez Cortes Graciela Cesped Cueto\" alt=\"Ignacio L\u00f3pez y Graciela Cesped, sobre 800 puntos\" style=\"width: 315px; height: 208px;\" \/> <\/a> <div class=\"tiled-gallery-caption\" itemprop=\"caption description\"> Ignacio L\u00f3pez y Graciela Cesped, sobre 800 puntos <\/div> <\/div> <\/div> <!-- close group --> <div class=\"gallery-group images-1\" style=\"width: 321px; height: 212px;\" data-original-width=\"321\" data-original-height=\"212\" > <div class=\"tiled-gallery-item tiled-gallery-item-large\" itemprop=\"associatedMedia\" itemscope itemtype=\"http:\/\/schema.org\/ImageObject\"> <a href=\"https:\/\/eltrabajo.cl\/portal\/liceo-bicentenario-cordillera-supero-media-nacional-de-establecimientos-municipalizados-en-psu-2015\/foto-2-felipe-mardini-profesor-de-historia-geografia-y-ciencias-sociales-del-lbc\/\" border=\"0\" itemprop=\"url\"> <meta itemprop=\"width\" content=\"317\"> <meta itemprop=\"height\" content=\"208\"> <img decoding=\"async\" class=\"\" data-attachment-id=\"65309\" data-orig-file=\"https:\/\/eltrabajo.cl\/portal\/wp-content\/uploads\/2015\/12\/FOTO-2-FELIPE-MARDINI-PROFESOR-DE-HISTORIA-GEOGRAF\u00cdA-Y-CIENCIAS-SOCIALES-DEL-LBC.jpg\" data-orig-size=\"530,348\" data-comments-opened=\"1\" data-image-meta=\"{&quot;aperture&quot;:&quot;0&quot;,&quot;credit&quot;:&quot;&quot;,&quot;camera&quot;:&quot;&quot;,&quot;caption&quot;:&quot;&quot;,&quot;created_timestamp&quot;:&quot;0&quot;,&quot;copyright&quot;:&quot;Copyright 2012&quot;,&quot;focal_length&quot;:&quot;0&quot;,&quot;iso&quot;:&quot;0&quot;,&quot;shutter_speed&quot;:&quot;0&quot;,&quot;title&quot;:&quot;&quot;,&quot;orientation&quot;:&quot;0&quot;}\" data-image-title=\"FOTO 2 FELIPE MARDINI PROFESOR DE HISTORIA GEOGRAF\u00cdA Y CIENCIAS SOCIALES DEL LBC\" data-image-description=\"&lt;p&gt;Felipe Mardini, Profesor De Historia, Geograf\u00eda Y Ciencias Sociales del LBC&lt;\/p&gt; \" data-medium-file=\"https:\/\/i0.wp.com\/eltrabajo.cl\/portal\/wp-content\/uploads\/2015\/12\/FOTO-2-FELIPE-MARDINI-PROFESOR-DE-HISTORIA-GEOGRAF%C3%8DA-Y-CIENCIAS-SOCIALES-DEL-LBC.jpg?fit=300%2C197&#038;ssl=1\" data-large-file=\"https:\/\/i0.wp.com\/eltrabajo.cl\/portal\/wp-content\/uploads\/2015\/12\/FOTO-2-FELIPE-MARDINI-PROFESOR-DE-HISTORIA-GEOGRAF%C3%8DA-Y-CIENCIAS-SOCIALES-DEL-LBC.jpg?fit=530%2C348&#038;ssl=1\" src=\"https:\/\/i0.wp.com\/eltrabajo.cl\/portal\/wp-content\/uploads\/2015\/12\/FOTO-2-FELIPE-MARDINI-PROFESOR-DE-HISTORIA-GEOGRAF%C3%8DA-Y-CIENCIAS-SOCIALES-DEL-LBC.jpg?w=317&#038;h=208&#038;ssl=1\" width=\"317\" height=\"208\" loading=\"lazy\" data-original-width=\"317\" data-original-height=\"208\" itemprop=\"http:\/\/schema.org\/image\" title=\"FOTO 2 FELIPE MARDINI PROFESOR DE HISTORIA GEOGRAF\u00cdA Y CIENCIAS SOCIALES DEL LBC\" alt=\"Felipe Mardini, Profesor De Historia, Geograf\u00eda Y Ciencias Sociales del LBC\" style=\"width: 317px; height: 208px;\" \/> <\/a> <div class=\"tiled-gallery-caption\" itemprop=\"caption description\"> Felipe Mardini, Profesor De Historia, Geograf\u00eda Y Ciencias Sociales del LBC <\/div> <\/div> <\/div> <!-- close group --> <\/div> <!-- close row --> <\/div>\n","protected":false},"excerpt":{"rendered":"<p>Si bien no fueron puntajes nacionales, Graciela C\u00e9sped e Ignacio L\u00f3pez superaron los 800 puntos y postularon a Derecho en la Universidad Cat\u00f3lica y Universidad de Chile. Los alumnos del Liceo Bicentenario&#8230;<\/p>\n","protected":false},"author":482,"featured_media":65308,"comment_status":"open","ping_status":"open","sticky":false,"template":"","format":"standard","meta":{"advanced_seo_description":"","jetpack_seo_html_title":"","jetpack_seo_noindex":false,"_jetpack_memberships_contains_paid_content":false,"footnotes":""},"categories":[1],"tags":[],"class_list":["post-65307","post","type-post","status-publish","format-standard","has-post-thumbnail","hentry","category-cronica"],"jetpack_featured_media_url":"https:\/\/i0.wp.com\/eltrabajo.cl\/portal\/wp-content\/uploads\/2015\/12\/FOTO-1-JORGE-SEPULVEDA-GOMEZ-DIRECTOR-LICEO-BICENTENARIO-CORDILLERA-LBC.jpg?fit=530%2C348&ssl=1","jetpack_sharing_enabled":true,"jetpack_likes_enabled":true,"jetpack-related-posts":[],"_links":{"self":[{"href":"https:\/\/eltrabajo.cl\/portal\/wp-json\/wp\/v2\/posts\/65307","targetHints":{"allow":["GET"]}}],"collection":[{"href":"https:\/\/eltrabajo.cl\/portal\/wp-json\/wp\/v2\/posts"}],"about":[{"href":"https:\/\/eltrabajo.cl\/portal\/wp-json\/wp\/v2\/types\/post"}],"author":[{"embeddable":true,"href":"https:\/\/eltrabajo.cl\/portal\/wp-json\/wp\/v2\/users\/482"}],"replies":[{"embeddable":true,"href":"https:\/\/eltrabajo.cl\/portal\/wp-json\/wp\/v2\/comments?post=65307"}],"version-history":[{"count":0,"href":"https:\/\/eltrabajo.cl\/portal\/wp-json\/wp\/v2\/posts\/65307\/revisions"}],"wp:featuredmedia":[{"embeddable":true,"href":"https:\/\/eltrabajo.cl\/portal\/wp-json\/wp\/v2\/media\/65308"}],"wp:attachment":[{"href":"https:\/\/eltrabajo.cl\/portal\/wp-json\/wp\/v2\/media?parent=65307"}],"wp:term":[{"taxonomy":"category","embeddable":true,"href":"https:\/\/eltrabajo.cl\/portal\/wp-json\/wp\/v2\/categories?post=65307"},{"taxonomy":"post_tag","embeddable":true,"href":"https:\/\/eltrabajo.cl\/portal\/wp-json\/wp\/v2\/tags?post=65307"}],"curies":[{"name":"wp","href":"https:\/\/api.w.org\/{rel}","templated":true}]}}