{"id":6531,"date":"2011-11-23T08:11:21","date_gmt":"2011-11-23T12:11:21","guid":{"rendered":"http:\/\/www.eltrabajo.cl\/portal\/?p=6531"},"modified":"2011-11-23T08:11:21","modified_gmt":"2011-11-23T12:11:21","slug":"guillermo-rivera-buscara-su-paso-a-octavos-de-final-del-futuro-14-de-chile","status":"publish","type":"post","link":"https:\/\/eltrabajo.cl\/portal\/guillermo-rivera-buscara-su-paso-a-octavos-de-final-del-futuro-14-de-chile\/","title":{"rendered":"Guillermo Rivera buscar\u00e1 su paso a octavos de final del Futuro 14 de Chile"},"content":{"rendered":"<figure id=\"attachment_6534\" aria-describedby=\"caption-attachment-6534\" style=\"width: 240px\" class=\"wp-caption alignleft\"><a href=\"http:\/\/www.eltrabajo.cl\/portal\/archives\/6531\/guille-2\" rel=\"attachment wp-att-6534\"><img data-recalc-dims=\"1\" loading=\"lazy\" decoding=\"async\" class=\"size-medium wp-image-6534 \" title=\"guille\" src=\"https:\/\/i0.wp.com\/www.eltrabajo.cl\/portal\/wp-content\/uploads\/2011\/11\/guille2-300x275.jpg?resize=240%2C220\" alt=\"\" width=\"240\" height=\"220\" srcset=\"https:\/\/i0.wp.com\/eltrabajo.cl\/portal\/wp-content\/uploads\/2011\/11\/guille2.jpg?resize=300%2C275&amp;ssl=1 300w, https:\/\/i0.wp.com\/eltrabajo.cl\/portal\/wp-content\/uploads\/2011\/11\/guille2.jpg?resize=163%2C150&amp;ssl=1 163w, https:\/\/i0.wp.com\/eltrabajo.cl\/portal\/wp-content\/uploads\/2011\/11\/guille2.jpg?resize=150%2C137&amp;ssl=1 150w, https:\/\/i0.wp.com\/eltrabajo.cl\/portal\/wp-content\/uploads\/2011\/11\/guille2.jpg?resize=400%2C366&amp;ssl=1 400w, https:\/\/i0.wp.com\/eltrabajo.cl\/portal\/wp-content\/uploads\/2011\/11\/guille2.jpg?w=600&amp;ssl=1 600w\" sizes=\"auto, (max-width: 240px) 100vw, 240px\" \/><\/a><figcaption id=\"caption-attachment-6534\" class=\"wp-caption-text\">Guillermo Rivera viene de ganar el Futuro 13 de Chile que se jug\u00f3 en Osorno.<\/figcaption><\/figure>\n<p>Luego de haber sorteado el lunes sin mayores contratiempos su debut en el Futuro 14 de Villa Alemana, el tenista sanfelipe\u00f1o Guillermo Rivera intentar\u00e1 en la jornada seguir en carrera hacia el t\u00edtulo en su pen\u00faltimo torneo de esta temporada, cuando choque con el ganador del partido entre Ignacio Lehyt y Mat\u00edas Sborowitz, actuales 1135 y 955 de la ATP, respectivamente.<\/p>\n<p>En el partido por la primera ronda del torneo, la raqueta aconcag\u00fcina se impuso a Rodrigo P\u00e9rez por un doble 6-2. \u00abPara Guillermo es importante llegar arriba para intentar recuperar el ranking que ten\u00eda antes de su lesi\u00f3n y la participaci\u00f3n en los Juegos Panamericanos de Guadalajara\u00bb, indic\u00f3 a nuestro medio Guillermo Rivera Henr\u00edquez, padre del medallista panamericano.<\/p>\n<p>Otros tenistas que tambi\u00e9n buscar\u00e1n seguir en carrera en el Futuro 14, ser\u00e1n Jorge Aguilar, el peruano Sergio Galdos, el trasandino Juan Pablo Amado, el peruano Mauricio Echaz\u00fa y el Italiano Giulio Torroni, todos con ranking bajo el 600 de la Asociaci\u00f3n de Tenistas Profesionales.<\/p>\n","protected":false},"excerpt":{"rendered":"<p>Luego de haber sorteado el lunes sin mayores contratiempos su debut en el Futuro 14 de Villa Alemana, el tenista sanfelipe\u00f1o Guillermo Rivera intentar\u00e1 en la jornada seguir en carrera hacia el&#8230;<\/p>\n","protected":false},"author":482,"featured_media":6533,"comment_status":"open","ping_status":"open","sticky":false,"template":"","format":"standard","meta":{"advanced_seo_description":"","jetpack_seo_html_title":"","jetpack_seo_noindex":false,"_jetpack_memberships_contains_paid_content":false,"footnotes":""},"categories":[19],"tags":[],"class_list":["post-6531","post","type-post","status-publish","format-standard","has-post-thumbnail","hentry","category-deportes"],"jetpack_featured_media_url":"https:\/\/i0.wp.com\/eltrabajo.cl\/portal\/wp-content\/uploads\/2011\/11\/guille11.jpg?fit=600%2C400&ssl=1","jetpack_sharing_enabled":true,"jetpack_likes_enabled":true,"jetpack-related-posts":[],"_links":{"self":[{"href":"https:\/\/eltrabajo.cl\/portal\/wp-json\/wp\/v2\/posts\/6531","targetHints":{"allow":["GET"]}}],"collection":[{"href":"https:\/\/eltrabajo.cl\/portal\/wp-json\/wp\/v2\/posts"}],"about":[{"href":"https:\/\/eltrabajo.cl\/portal\/wp-json\/wp\/v2\/types\/post"}],"author":[{"embeddable":true,"href":"https:\/\/eltrabajo.cl\/portal\/wp-json\/wp\/v2\/users\/482"}],"replies":[{"embeddable":true,"href":"https:\/\/eltrabajo.cl\/portal\/wp-json\/wp\/v2\/comments?post=6531"}],"version-history":[{"count":0,"href":"https:\/\/eltrabajo.cl\/portal\/wp-json\/wp\/v2\/posts\/6531\/revisions"}],"wp:featuredmedia":[{"embeddable":true,"href":"https:\/\/eltrabajo.cl\/portal\/wp-json\/wp\/v2\/media\/6533"}],"wp:attachment":[{"href":"https:\/\/eltrabajo.cl\/portal\/wp-json\/wp\/v2\/media?parent=6531"}],"wp:term":[{"taxonomy":"category","embeddable":true,"href":"https:\/\/eltrabajo.cl\/portal\/wp-json\/wp\/v2\/categories?post=6531"},{"taxonomy":"post_tag","embeddable":true,"href":"https:\/\/eltrabajo.cl\/portal\/wp-json\/wp\/v2\/tags?post=6531"}],"curies":[{"name":"wp","href":"https:\/\/api.w.org\/{rel}","templated":true}]}}