{"id":65312,"date":"2015-12-30T14:58:41","date_gmt":"2015-12-30T17:58:41","guid":{"rendered":"http:\/\/www.eltrabajo.cl\/portal\/?p=65312"},"modified":"2015-12-30T14:58:41","modified_gmt":"2015-12-30T17:58:41","slug":"alcalde-freire-evalua-un-provechoso-2015-y-saborea-un-apetitoso-2016","status":"publish","type":"post","link":"https:\/\/eltrabajo.cl\/portal\/alcalde-freire-evalua-un-provechoso-2015-y-saborea-un-apetitoso-2016\/","title":{"rendered":"Alcalde Freire eval\u00faa un provechoso 2015 y saborea un apetitoso 2016"},"content":{"rendered":"<figure id=\"attachment_65313\" aria-describedby=\"caption-attachment-65313\" style=\"width: 300px\" class=\"wp-caption alignleft\"><img data-recalc-dims=\"1\" loading=\"lazy\" decoding=\"async\" class=\"wp-image-65313 size-medium\" src=\"https:\/\/i0.wp.com\/www.eltrabajo.cl\/portal\/wp-content\/uploads\/2015\/12\/FOTO-1-ALCALDE-DE-SAN-FELIPE-PATRICIO-FREIRE-CANTO-300x197.jpg?resize=300%2C197\" alt=\"Alcalde de San Felipe, Patricio Freire Canto.\" width=\"300\" height=\"197\" srcset=\"https:\/\/i0.wp.com\/eltrabajo.cl\/portal\/wp-content\/uploads\/2015\/12\/FOTO-1-ALCALDE-DE-SAN-FELIPE-PATRICIO-FREIRE-CANTO.jpg?resize=300%2C197&amp;ssl=1 300w, https:\/\/i0.wp.com\/eltrabajo.cl\/portal\/wp-content\/uploads\/2015\/12\/FOTO-1-ALCALDE-DE-SAN-FELIPE-PATRICIO-FREIRE-CANTO.jpg?resize=200%2C131&amp;ssl=1 200w, https:\/\/i0.wp.com\/eltrabajo.cl\/portal\/wp-content\/uploads\/2015\/12\/FOTO-1-ALCALDE-DE-SAN-FELIPE-PATRICIO-FREIRE-CANTO.jpg?resize=228%2C150&amp;ssl=1 228w, https:\/\/i0.wp.com\/eltrabajo.cl\/portal\/wp-content\/uploads\/2015\/12\/FOTO-1-ALCALDE-DE-SAN-FELIPE-PATRICIO-FREIRE-CANTO.jpg?resize=400%2C263&amp;ssl=1 400w, https:\/\/i0.wp.com\/eltrabajo.cl\/portal\/wp-content\/uploads\/2015\/12\/FOTO-1-ALCALDE-DE-SAN-FELIPE-PATRICIO-FREIRE-CANTO.jpg?w=530&amp;ssl=1 530w\" sizes=\"auto, (max-width: 300px) 100vw, 300px\" \/><figcaption id=\"caption-attachment-65313\" class=\"wp-caption-text\">Alcalde de San Felipe, Patricio Freire Canto.<\/figcaption><\/figure>\n<ul>\n<li><strong>Trabajar fuertemente en pos de disminuir los niveles delictuales es un objetivo en el cual debe trabajarse sin descanso, asegur\u00f3 el jefe comunal.<\/strong><\/li>\n<\/ul>\n<p>Ad portas de la llegada de un nuevo a\u00f1o, las distintas autoridades comienzan a efectuar los respectivos balances de lo que dej\u00f3 el 2015 en el plano local. Es as\u00ed como el alcalde de San Felipe, Patricio Freire Canto, realiz\u00f3 un an\u00e1lisis del sabor que nos entreg\u00f3 el a\u00f1o que se va y de lo que espera saborear la comuna el 2016.<br \/>\nEn primera instancia el edil sanfelipe\u00f1o se mostr\u00f3 feliz de conocer los resultados obtenidos por el Liceo Bicentenario Cordillera en la PSU 2015 y manifest\u00f3 que \u201cestamos terminando el a\u00f1o con una gran noticia, que nos demuestra que podemos seguir mejorando en el plano educacional y que tenemos que seguir trabajando para que as\u00ed ocurra, estamos felices con estos puntajes que reflejan en cierta medida c\u00f3mo hemos trabajado con los colegios municipalizados empoderando a sus directores y la capacitaci\u00f3n que se entrega a los docentes dentro del Daem\u201d, puntualiz\u00f3.<br \/>\nEn el \u00e1mbito de gesti\u00f3n municipal, Freire se mostr\u00f3 satisfecho con lo realizado en la ciudad durante el a\u00f1o, aseverando que \u201chemos obtenido muchas cosas golpeando puertas en los ministerios, se nos han abierto las puertas de grandes proyectos que como ciudad, algunos ya realiz\u00e1ndose y otros que est\u00e1n muy cerca de concretarse\u201d, narr\u00f3.<br \/>\nA la vez que asegura que San Felipe es una ciudad que poco a poco ha ido evolucionando, el mandam\u00e1s comunal asume que a\u00fan existen muchos desaf\u00edos por cumplir y reconoce que \u201ccreemos que ha sido un a\u00f1o de tremendos avances, sobre todo en la parte cultural, de infraestructura y en la parte deportiva, hemos crecido, pero debemos seguir adelante porque el trabajo no termina. Con el cumplimiento de una meta, uno no quiere parar, porque generalmente uno dice llegamos a la meta y paramos y aqu\u00ed hay un desarrollo de ciudad que no puede terminarse\u201d, apunt\u00f3<br \/>\nDentro de las obras que se realizaron el 2015, el Edil describe que hay algunas que son m\u00e1s importantes s\u00f3lo por el hecho de que contribuyen a mejorar la calidad de vida de los sanfelipe\u00f1os. \u201cLa conectividad vial que se ha concretado en nuestra comuna es fundamental. Proyectos que ven\u00edan de larga data y que los vecinos esperaban como un verdadero sue\u00f1o. Me refiero, por ejemplo, a la reparaci\u00f3n de la calle Belisario Montenegro, en donde los vecinos nos dec\u00edan que producto de los hoyos los colectivos no quer\u00edan pasar. Lo mismo ocurr\u00eda con la calle Los Molles, la conexi\u00f3n que logramos en la costanera norte, tambi\u00e9n muy importante para San Felipe y la calle Cherc\u00e1n Tapia, d\u00e1ndole un nuevo rostro a ese acceso a la ciudad, todas obras que marcan el 2015\u201d, detall\u00f3.<\/p>\n<p><strong>LO MALO<\/strong><br \/>\nSin lograr abstraerse de lo que ha sido la t\u00f3nica a nivel nacional durante el 2015. La delincuencia y la sensaci\u00f3n de vulnerabilidad de los vecinos de San Felipe, es un punto que para Freire resulta fundamental a la hora de proyectar el trabajo del pr\u00f3ximo a\u00f1o.<br \/>\nEl jefe comunal asegura que pese a que se ha avanzado mucho en Seguridad Ciudadana, es un t\u00f3pico que no puede dejar de tener en cuenta y sostuvo que \u201ctenemos mucho que trabajar con las juntas de vecinos, estamos viendo todo lo que pueda significar un cambio en la mentalidad de los sanfelipe\u00f1os, los vecinos se est\u00e1n organizando en grupos multidisciplinarios, que trabajan en conjunto con el municipio y eso asociado a recursos frescos, que nos permitan seguir mejorando la iluminaci\u00f3n de algunos sectores y de mejorar tambi\u00e9n los sistemas de televigilancia, nos va a permitir tener un San Felipe m\u00e1s seguro\u201d, enfatiz\u00f3.<\/p>\n<p><strong>A\u00d1O DE ELECCIONES<\/strong><br \/>\nEl 2016 estar\u00e1 marcado por el proceso eleccionario municipal que se vivir\u00e1 en el mes de octubre. Para el actual alcalde, lo anterior no significa nada especial en t\u00e9rminos del trabajo que se debe continuar realizando por San Felipe. El edil asegura que este proceso democr\u00e1tico no debe intervenir en las proyecciones de la ciudad ya que \u201cuno no trabaja por una campa\u00f1a electoral, uno lo hace por el cari\u00f1o que siente por la comuna y eso es lo m\u00e1s importante\u201d, avisa.<br \/>\nPor \u00faltimo, Freire se encarg\u00f3 de recordar cu\u00e1les son las obras que trae consigo el 2016, a\u00f1o en que se comenzar\u00e1 a construir el nuevo Estadio Javier Mu\u00f1oz Delgado, la Circunvalaci\u00f3n de San Felipe, los alcantarillados de La Troya, 21 de Mayo y Curim\u00f3n, trabajos que asegur\u00f3 ya se encuentran en proceso de licitaci\u00f3n y debieran concretarse el pr\u00f3ximo a\u00f1o.<\/p>\n","protected":false},"excerpt":{"rendered":"<p>Trabajar fuertemente en pos de disminuir los niveles delictuales es un objetivo en el cual debe trabajarse sin descanso, asegur\u00f3 el jefe comunal. Ad portas de la llegada de un nuevo a\u00f1o,&#8230;<\/p>\n","protected":false},"author":482,"featured_media":65313,"comment_status":"open","ping_status":"open","sticky":false,"template":"","format":"standard","meta":{"advanced_seo_description":"","jetpack_seo_html_title":"","jetpack_seo_noindex":false,"_jetpack_memberships_contains_paid_content":false,"footnotes":""},"categories":[1],"tags":[],"class_list":["post-65312","post","type-post","status-publish","format-standard","has-post-thumbnail","hentry","category-cronica"],"jetpack_featured_media_url":"https:\/\/i0.wp.com\/eltrabajo.cl\/portal\/wp-content\/uploads\/2015\/12\/FOTO-1-ALCALDE-DE-SAN-FELIPE-PATRICIO-FREIRE-CANTO.jpg?fit=530%2C348&ssl=1","jetpack_sharing_enabled":true,"jetpack_likes_enabled":true,"jetpack-related-posts":[],"_links":{"self":[{"href":"https:\/\/eltrabajo.cl\/portal\/wp-json\/wp\/v2\/posts\/65312","targetHints":{"allow":["GET"]}}],"collection":[{"href":"https:\/\/eltrabajo.cl\/portal\/wp-json\/wp\/v2\/posts"}],"about":[{"href":"https:\/\/eltrabajo.cl\/portal\/wp-json\/wp\/v2\/types\/post"}],"author":[{"embeddable":true,"href":"https:\/\/eltrabajo.cl\/portal\/wp-json\/wp\/v2\/users\/482"}],"replies":[{"embeddable":true,"href":"https:\/\/eltrabajo.cl\/portal\/wp-json\/wp\/v2\/comments?post=65312"}],"version-history":[{"count":0,"href":"https:\/\/eltrabajo.cl\/portal\/wp-json\/wp\/v2\/posts\/65312\/revisions"}],"wp:featuredmedia":[{"embeddable":true,"href":"https:\/\/eltrabajo.cl\/portal\/wp-json\/wp\/v2\/media\/65313"}],"wp:attachment":[{"href":"https:\/\/eltrabajo.cl\/portal\/wp-json\/wp\/v2\/media?parent=65312"}],"wp:term":[{"taxonomy":"category","embeddable":true,"href":"https:\/\/eltrabajo.cl\/portal\/wp-json\/wp\/v2\/categories?post=65312"},{"taxonomy":"post_tag","embeddable":true,"href":"https:\/\/eltrabajo.cl\/portal\/wp-json\/wp\/v2\/tags?post=65312"}],"curies":[{"name":"wp","href":"https:\/\/api.w.org\/{rel}","templated":true}]}}