{"id":65315,"date":"2015-12-30T14:59:56","date_gmt":"2015-12-30T17:59:56","guid":{"rendered":"http:\/\/www.eltrabajo.cl\/portal\/?p=65315"},"modified":"2015-12-30T14:59:56","modified_gmt":"2015-12-30T17:59:56","slug":"delincuente-apodado-como-el-coca-cola-fue-nuevamente-detenido-por-violacion-de-morada","status":"publish","type":"post","link":"https:\/\/eltrabajo.cl\/portal\/delincuente-apodado-como-el-coca-cola-fue-nuevamente-detenido-por-violacion-de-morada\/","title":{"rendered":"Delincuente apodado como el \u2018Coca Cola\u2019 fue\u00a0nuevamente detenido por violaci\u00f3n de morada"},"content":{"rendered":"<figure id=\"attachment_65316\" aria-describedby=\"caption-attachment-65316\" style=\"width: 300px\" class=\"wp-caption alignleft\"><img data-recalc-dims=\"1\" loading=\"lazy\" decoding=\"async\" class=\"wp-image-65316 size-medium\" src=\"https:\/\/i0.wp.com\/www.eltrabajo.cl\/portal\/wp-content\/uploads\/2015\/12\/FOTO-2-EL-COCA-COLA-ANTISOCIAL-CON-MAS-DE-VEINTE-DETENCIONES-DURANTE-EL-2015-300x198.jpg?resize=300%2C198\" alt=\"El Coca cola, sujeto con m\u00e1s de veinte detenciones durante el 2015.\" width=\"300\" height=\"198\" srcset=\"https:\/\/i0.wp.com\/eltrabajo.cl\/portal\/wp-content\/uploads\/2015\/12\/FOTO-2-EL-COCA-COLA-ANTISOCIAL-CON-MAS-DE-VEINTE-DETENCIONES-DURANTE-EL-2015.jpg?resize=300%2C198&amp;ssl=1 300w, https:\/\/i0.wp.com\/eltrabajo.cl\/portal\/wp-content\/uploads\/2015\/12\/FOTO-2-EL-COCA-COLA-ANTISOCIAL-CON-MAS-DE-VEINTE-DETENCIONES-DURANTE-EL-2015.jpg?resize=200%2C132&amp;ssl=1 200w, https:\/\/i0.wp.com\/eltrabajo.cl\/portal\/wp-content\/uploads\/2015\/12\/FOTO-2-EL-COCA-COLA-ANTISOCIAL-CON-MAS-DE-VEINTE-DETENCIONES-DURANTE-EL-2015.jpg?resize=227%2C150&amp;ssl=1 227w, https:\/\/i0.wp.com\/eltrabajo.cl\/portal\/wp-content\/uploads\/2015\/12\/FOTO-2-EL-COCA-COLA-ANTISOCIAL-CON-MAS-DE-VEINTE-DETENCIONES-DURANTE-EL-2015.jpg?resize=400%2C264&amp;ssl=1 400w, https:\/\/i0.wp.com\/eltrabajo.cl\/portal\/wp-content\/uploads\/2015\/12\/FOTO-2-EL-COCA-COLA-ANTISOCIAL-CON-MAS-DE-VEINTE-DETENCIONES-DURANTE-EL-2015.jpg?w=530&amp;ssl=1 530w\" sizes=\"auto, (max-width: 300px) 100vw, 300px\" \/><figcaption id=\"caption-attachment-65316\" class=\"wp-caption-text\">El Coca cola, sujeto con m\u00e1s de veinte detenciones durante el 2015.<\/figcaption><\/figure>\n<ul>\n<li><strong>Mayor de Carabineros detall\u00f3 el prontuario del individuo y se mostr\u00f3 esperanzada en que el tribunal tome alguna medida que impida sus delitos.<\/strong><\/li>\n<\/ul>\n<p>Gracias a la r\u00e1pida intervenci\u00f3n de vecinos que se comunicaron al nivel 133, un delincuente identificado como Crist\u00f3bal Contreras Miranda de 35 a\u00f1os, fue detenido la madrugada de ayer martes por efectivos de Carabineros, quienes lo sorprendieron al interior de una vivienda intentando perpetrar un robo.<br \/>\nEl antisocial, quien tambi\u00e9n es apodado como \u2018el Coca Cola\u2019, tiene un amplio prontuario policial y seg\u00fan relat\u00f3 la Jefe de la Segunda Comisaria de Carabineros de San Felipe, Mayor Maureen Espinoza, durante el presente a\u00f1o ha sido aprehendido en m\u00e1s de 20 oportunidades.<br \/>\n\u201cEste sujeto desempe\u00f1a labores en la Plaza de Armas, normalmente se encuentra ah\u00ed lavando veh\u00edculos y perpetra una serie de otros il\u00edcitos que est\u00e1n relacionados a la desocupaci\u00f3n en la que permanece\u201d, describi\u00f3 Espinoza.<br \/>\nSeg\u00fan la Mayor, el delincuente ha sido aprehendido por da\u00f1os en 3 ocasiones, hurto en 3 oportunidades, 2 veces por violaci\u00f3n de morada, 5 detenciones por da\u00f1os y adem\u00e1s porte de arma blanca en La Ligua, Los Andes y San Felipe.<br \/>\nAnte esto, Espinoza esboza c\u00f3mo casi inexplicable que el individuo a\u00fan se encuentre en libertad, afirmando que \u201ces una persona que presenta grandes niveles de agresividad y est\u00e1 puesto en control de detenci\u00f3n una vez m\u00e1s para que el Tribunal de Garant\u00eda de San Felipe determine dentro de lo posible alguna medida que impida que este tipo contin\u00fae haciendo sus fechor\u00edas en la ciudad\u201d, expres\u00f3.<\/p>\n","protected":false},"excerpt":{"rendered":"<p>Mayor de Carabineros detall\u00f3 el prontuario del individuo y se mostr\u00f3 esperanzada en que el tribunal tome alguna medida que impida sus delitos. Gracias a la r\u00e1pida intervenci\u00f3n de vecinos que se&#8230;<\/p>\n","protected":false},"author":482,"featured_media":65316,"comment_status":"open","ping_status":"open","sticky":false,"template":"","format":"standard","meta":{"advanced_seo_description":"","jetpack_seo_html_title":"","jetpack_seo_noindex":false,"_jetpack_memberships_contains_paid_content":false,"footnotes":""},"categories":[21],"tags":[],"class_list":["post-65315","post","type-post","status-publish","format-standard","has-post-thumbnail","hentry","category-policial"],"jetpack_featured_media_url":"https:\/\/i0.wp.com\/eltrabajo.cl\/portal\/wp-content\/uploads\/2015\/12\/FOTO-2-EL-COCA-COLA-ANTISOCIAL-CON-MAS-DE-VEINTE-DETENCIONES-DURANTE-EL-2015.jpg?fit=530%2C350&ssl=1","jetpack_sharing_enabled":true,"jetpack_likes_enabled":true,"jetpack-related-posts":[],"_links":{"self":[{"href":"https:\/\/eltrabajo.cl\/portal\/wp-json\/wp\/v2\/posts\/65315","targetHints":{"allow":["GET"]}}],"collection":[{"href":"https:\/\/eltrabajo.cl\/portal\/wp-json\/wp\/v2\/posts"}],"about":[{"href":"https:\/\/eltrabajo.cl\/portal\/wp-json\/wp\/v2\/types\/post"}],"author":[{"embeddable":true,"href":"https:\/\/eltrabajo.cl\/portal\/wp-json\/wp\/v2\/users\/482"}],"replies":[{"embeddable":true,"href":"https:\/\/eltrabajo.cl\/portal\/wp-json\/wp\/v2\/comments?post=65315"}],"version-history":[{"count":0,"href":"https:\/\/eltrabajo.cl\/portal\/wp-json\/wp\/v2\/posts\/65315\/revisions"}],"wp:featuredmedia":[{"embeddable":true,"href":"https:\/\/eltrabajo.cl\/portal\/wp-json\/wp\/v2\/media\/65316"}],"wp:attachment":[{"href":"https:\/\/eltrabajo.cl\/portal\/wp-json\/wp\/v2\/media?parent=65315"}],"wp:term":[{"taxonomy":"category","embeddable":true,"href":"https:\/\/eltrabajo.cl\/portal\/wp-json\/wp\/v2\/categories?post=65315"},{"taxonomy":"post_tag","embeddable":true,"href":"https:\/\/eltrabajo.cl\/portal\/wp-json\/wp\/v2\/tags?post=65315"}],"curies":[{"name":"wp","href":"https:\/\/api.w.org\/{rel}","templated":true}]}}