{"id":65318,"date":"2015-12-30T15:05:46","date_gmt":"2015-12-30T18:05:46","guid":{"rendered":"http:\/\/www.eltrabajo.cl\/portal\/?p=65318"},"modified":"2015-12-30T15:05:46","modified_gmt":"2015-12-30T18:05:46","slug":"miles-lloran-al-artista-infantil-que-ayer-perdio-la-batalla-contra-la-leucemia","status":"publish","type":"post","link":"https:\/\/eltrabajo.cl\/portal\/miles-lloran-al-artista-infantil-que-ayer-perdio-la-batalla-contra-la-leucemia\/","title":{"rendered":"Miles lloran al artista infantil que ayer perdi\u00f3 la batalla contra la leucemia"},"content":{"rendered":"<figure id=\"attachment_65319\" aria-describedby=\"caption-attachment-65319\" style=\"width: 300px\" class=\"wp-caption alignleft\"><img data-recalc-dims=\"1\" loading=\"lazy\" decoding=\"async\" class=\"wp-image-65319 size-medium\" src=\"https:\/\/i0.wp.com\/www.eltrabajo.cl\/portal\/wp-content\/uploads\/2015\/12\/Dieguito33-300x198.jpg?resize=300%2C198\" alt=\"ADI\u00d3S DIEGUITO.- En plena flor de la vida, as\u00ed nos dej\u00f3 Diego Estay y por ello, miles hoy le lloramos amargamente. Hoy ser\u00e1 sepultado a las 15:00 horas en el cementerio local.\" width=\"300\" height=\"198\" srcset=\"https:\/\/i0.wp.com\/eltrabajo.cl\/portal\/wp-content\/uploads\/2015\/12\/Dieguito33.jpg?resize=300%2C198&amp;ssl=1 300w, https:\/\/i0.wp.com\/eltrabajo.cl\/portal\/wp-content\/uploads\/2015\/12\/Dieguito33.jpg?resize=200%2C132&amp;ssl=1 200w, https:\/\/i0.wp.com\/eltrabajo.cl\/portal\/wp-content\/uploads\/2015\/12\/Dieguito33.jpg?resize=227%2C150&amp;ssl=1 227w, https:\/\/i0.wp.com\/eltrabajo.cl\/portal\/wp-content\/uploads\/2015\/12\/Dieguito33.jpg?resize=400%2C264&amp;ssl=1 400w, https:\/\/i0.wp.com\/eltrabajo.cl\/portal\/wp-content\/uploads\/2015\/12\/Dieguito33.jpg?w=530&amp;ssl=1 530w\" sizes=\"auto, (max-width: 300px) 100vw, 300px\" \/><figcaption id=\"caption-attachment-65319\" class=\"wp-caption-text\">ADI\u00d3S DIEGUITO.- En plena flor de la vida, as\u00ed nos dej\u00f3 Diego Estay y por ello, miles hoy le lloramos amargamente. Hoy ser\u00e1 sepultado a las 15:00 horas en el cementerio local.<\/figcaption><\/figure>\n<ul>\n<li><strong>Hoy le sepultar\u00e1n a las 15:00 horas en el Cementerio Municipal de Santa Mar\u00eda. Era zanquista, y se despidi\u00f3 de todos en la emisora local.<\/strong><\/li>\n<\/ul>\n<p>Toda la comuna llora a su hijo regal\u00f3n; al chiquit\u00edn que estuvo con nosotros por unos pocos a\u00f1os para alegrarnos la vida y ense\u00f1arnos a vivir con optimismo y entusiasmo, porque a las 00:25 horas de ayer martes, perdi\u00f3 la batalla contra la leucemia linf\u00e1tica aguda que sufr\u00eda desde sus seis a\u00f1itos, el ni\u00f1o Diego Estay, vecino de Santa Mar\u00eda y estudiante del Santa Mar\u00eda College.<br \/>\nVecinos de todos los rincones de la comuna acudieron a Radio Orolonco y directamente a la casa de Diego, para entregar ofrendas florales y ayuda para su familia. El dolor de todos era tambi\u00e9n el dolor de sus padres, Diario El Trabajo habl\u00f3 con los protagonistas de esta dura historia de lucha, angustia y desahogo familiar en torno a un ni\u00f1o que s\u00f3lo supo de luchas, desmayos, cansancio y temor por un futuro que nunca lleg\u00f3, pues su vida se apag\u00f3 cuando apenas ten\u00eda claros sus anhelos de infancia.<\/p>\n<p><strong>\u00ab\u00c9L QUER\u00cdA VOLAR\u00bb<\/strong><br \/>\n\u00abMi peque\u00f1ito ya estaba muy cansado, ya no aguantaba m\u00e1s este mal, me dijo directamente que ya no pod\u00eda seguir m\u00e1s con esta enfermedad, que mejor quer\u00eda volar, y as\u00ed lo hizo. En el hospital me le dieron un ultim\u00e1tum hace dos d\u00edas, me dijeron que si lo internaban una vez m\u00e1s, s\u00f3lo vivir\u00eda dos d\u00edas, o que me lo trajera a casa, elegimos que descansara aqu\u00ed, y as\u00ed ocurri\u00f3, hace unos d\u00edas \u00e9l se despidi\u00f3 de todos por la radio\u00bb, coment\u00f3 con l\u00e1grimas en sus ojos el pap\u00e1 de Dieguito, don Guillermo Estay.<br \/>\nDesde hace varios a\u00f1os le fue dictaminada esta cruel enfermedad a este ni\u00f1o, por lo que fue entreteji\u00e9ndose una telara\u00f1a de dolor alrededor de su familia y del peque\u00f1o principalmente, esta situaci\u00f3n comprometi\u00f3 a muchas personas de la comuna, pues Radio Orolonco, la emisora municipal de Santa Mar\u00eda, desde hace cuatro a\u00f1os viene realizando campa\u00f1as de beneficio para este chiquit\u00edn, de manera que regularmente se recaudaban fondos para que la familia pudiera dar auxilio al menor.<br \/>\n\u00abMi hijo era muy alegre, participaba como enquista en el teatro del Mimo Jahuel de Mauricio Fern\u00e1ndez, \u00e9l alegraba la fiestas en las que participaba, quer\u00eda ser estrella de f\u00fatbol, yo quiero agradecer al alcalde Claudio Zurita, a don Mario Cordero y quienes donaron dinero todo este tiempo. Mi hijo quer\u00eda ya volar, y acepto con dolor su partida\u00bb, coment\u00f3 resignadamente a Diario El Trabajo la madre de Diego, do\u00f1a Paola Contreras.<\/p>\n<p><strong>APOYO GENERAL<\/strong><br \/>\nEfectivamente, fue Radio Orolonco quien asumi\u00f3 el desaf\u00edo social de apoyar a esta familia de la comuna, por eso nunca afloj\u00f3 en esta lucha de convocar a la ciudadan\u00eda, solicitando recursos para que los padres de Diego pudieran atenderlo de la mejor manera.<br \/>\n\u00abPor la gravedad de Dieguito es que adelantamos esta campa\u00f1a, el domingo la iniciamos, es un trabajo de todos los auditores de nuestra radio, como director de la emisora deseo expresar nuestro agradecimiento especial, por tanto amor y solidaridad con este vecinito de todos, finalmente no se pudo m\u00e1s, Diego se nos fue\u00bb, explic\u00f3 a nuestro medio el director de Radio Orolonco, Sebasti\u00e1n Henr\u00edquez.<\/p>\n<p><strong>GRAN BATUCADA<\/strong><br \/>\nPor otra parte Mauricio Fern\u00e1ndez, director de la Escuela de Arte y Circo-teatro Jahuel, inform\u00f3 a nuestro medio que \u00abtodos los 70 chiquillos est\u00e1n choqueados, muy bajoneados y sin embargo hoy (ayer) a las 18:00 horas, estaremos realizando una batucada por toda la comuna, pidiendo el \u00faltimo apoyo a los vecinos, quienes le conoc\u00edan y quer\u00edan mucho, recorreremos todas las poblaciones posibles de Santa Mar\u00eda\u00bb.<br \/>\nQuienes laboramos en Diario El Trabajo, hoy con gran pesar tambi\u00e9n nos unimos al dolor de esta familia santamariana, esperando que esta humilde muestra y semblanza period\u00edstica pueda servir como b\u00e1lsamo en tan amarga experiencia.<br \/>\n<strong>Roberto Gonz\u00e1lez Short<\/strong><br \/>\n<strong>rgonzalez@eltrabajo.cl<\/strong><\/p>\n<div class=\"tiled-gallery type-rectangular tiled-gallery-unresized\" data-original-width=\"640\" data-carousel-extra='null' itemscope itemtype=\"http:\/\/schema.org\/ImageGallery\" > <div class=\"gallery-row\" style=\"width: 640px; height: 282px;\" data-original-width=\"640\" data-original-height=\"282\" > <div class=\"gallery-group images-1\" style=\"width: 427px; height: 282px;\" data-original-width=\"427\" data-original-height=\"282\" > <div class=\"tiled-gallery-item tiled-gallery-item-large\" itemprop=\"associatedMedia\" itemscope itemtype=\"http:\/\/schema.org\/ImageObject\"> <a href=\"https:\/\/eltrabajo.cl\/portal\/miles-lloran-al-artista-infantil-que-ayer-perdio-la-batalla-contra-la-leucemia\/guillermo-estay\/\" border=\"0\" itemprop=\"url\"> <meta itemprop=\"width\" content=\"423\"> <meta itemprop=\"height\" content=\"278\"> <img decoding=\"async\" class=\"\" data-attachment-id=\"65321\" data-orig-file=\"https:\/\/eltrabajo.cl\/portal\/wp-content\/uploads\/2015\/12\/Guillermo-Estay.jpg\" data-orig-size=\"530,348\" data-comments-opened=\"1\" data-image-meta=\"{&quot;aperture&quot;:&quot;0&quot;,&quot;credit&quot;:&quot;&quot;,&quot;camera&quot;:&quot;&quot;,&quot;caption&quot;:&quot;&quot;,&quot;created_timestamp&quot;:&quot;0&quot;,&quot;copyright&quot;:&quot;&quot;,&quot;focal_length&quot;:&quot;0&quot;,&quot;iso&quot;:&quot;0&quot;,&quot;shutter_speed&quot;:&quot;0&quot;,&quot;title&quot;:&quot;&quot;,&quot;orientation&quot;:&quot;0&quot;}\" data-image-title=\"Guillermo Estay\" data-image-description=\"&lt;p&gt;Guillermo Estay, padre de Dieguito.&lt;\/p&gt; \" data-medium-file=\"https:\/\/i0.wp.com\/eltrabajo.cl\/portal\/wp-content\/uploads\/2015\/12\/Guillermo-Estay.jpg?fit=300%2C197&#038;ssl=1\" data-large-file=\"https:\/\/i0.wp.com\/eltrabajo.cl\/portal\/wp-content\/uploads\/2015\/12\/Guillermo-Estay.jpg?fit=530%2C348&#038;ssl=1\" src=\"https:\/\/i0.wp.com\/eltrabajo.cl\/portal\/wp-content\/uploads\/2015\/12\/Guillermo-Estay.jpg?w=423&#038;h=278&#038;ssl=1\" srcset=\"https:\/\/i0.wp.com\/eltrabajo.cl\/portal\/wp-content\/uploads\/2015\/12\/Guillermo-Estay.jpg?w=530&amp;ssl=1 530w, https:\/\/i0.wp.com\/eltrabajo.cl\/portal\/wp-content\/uploads\/2015\/12\/Guillermo-Estay.jpg?resize=200%2C131&amp;ssl=1 200w, https:\/\/i0.wp.com\/eltrabajo.cl\/portal\/wp-content\/uploads\/2015\/12\/Guillermo-Estay.jpg?resize=300%2C197&amp;ssl=1 300w, https:\/\/i0.wp.com\/eltrabajo.cl\/portal\/wp-content\/uploads\/2015\/12\/Guillermo-Estay.jpg?resize=228%2C150&amp;ssl=1 228w, https:\/\/i0.wp.com\/eltrabajo.cl\/portal\/wp-content\/uploads\/2015\/12\/Guillermo-Estay.jpg?resize=400%2C263&amp;ssl=1 400w\" width=\"423\" height=\"278\" loading=\"lazy\" data-original-width=\"423\" data-original-height=\"278\" itemprop=\"http:\/\/schema.org\/image\" title=\"Guillermo Estay\" alt=\"Guillermo Estay, padre de Dieguito.\" style=\"width: 423px; height: 278px;\" \/> <\/a> <div class=\"tiled-gallery-caption\" itemprop=\"caption description\"> Guillermo Estay, padre de Dieguito. <\/div> <\/div> <\/div> <!-- close group --> <div class=\"gallery-group images-2\" style=\"width: 213px; height: 282px;\" data-original-width=\"213\" data-original-height=\"282\" > <div class=\"tiled-gallery-item tiled-gallery-item-small\" itemprop=\"associatedMedia\" itemscope itemtype=\"http:\/\/schema.org\/ImageObject\"> <a href=\"https:\/\/eltrabajo.cl\/portal\/miles-lloran-al-artista-infantil-que-ayer-perdio-la-batalla-contra-la-leucemia\/paola-contreras\/\" border=\"0\" itemprop=\"url\"> <meta itemprop=\"width\" content=\"209\"> <meta itemprop=\"height\" content=\"137\"> <img decoding=\"async\" class=\"\" data-attachment-id=\"65324\" data-orig-file=\"https:\/\/eltrabajo.cl\/portal\/wp-content\/uploads\/2015\/12\/Paola-Contreras.jpg\" data-orig-size=\"530,348\" data-comments-opened=\"1\" data-image-meta=\"{&quot;aperture&quot;:&quot;0&quot;,&quot;credit&quot;:&quot;&quot;,&quot;camera&quot;:&quot;&quot;,&quot;caption&quot;:&quot;&quot;,&quot;created_timestamp&quot;:&quot;0&quot;,&quot;copyright&quot;:&quot;&quot;,&quot;focal_length&quot;:&quot;0&quot;,&quot;iso&quot;:&quot;0&quot;,&quot;shutter_speed&quot;:&quot;0&quot;,&quot;title&quot;:&quot;&quot;,&quot;orientation&quot;:&quot;0&quot;}\" data-image-title=\"Paola Contreras\" data-image-description=\"&lt;p&gt;Paola Contreras, madre del menor, asegura que ella acepta la partida de su hijo.&lt;\/p&gt; \" data-medium-file=\"https:\/\/i0.wp.com\/eltrabajo.cl\/portal\/wp-content\/uploads\/2015\/12\/Paola-Contreras.jpg?fit=300%2C197&#038;ssl=1\" data-large-file=\"https:\/\/i0.wp.com\/eltrabajo.cl\/portal\/wp-content\/uploads\/2015\/12\/Paola-Contreras.jpg?fit=530%2C348&#038;ssl=1\" src=\"https:\/\/i0.wp.com\/eltrabajo.cl\/portal\/wp-content\/uploads\/2015\/12\/Paola-Contreras.jpg?w=209&#038;h=137&#038;ssl=1\" srcset=\"https:\/\/i0.wp.com\/eltrabajo.cl\/portal\/wp-content\/uploads\/2015\/12\/Paola-Contreras.jpg?w=530&amp;ssl=1 530w, https:\/\/i0.wp.com\/eltrabajo.cl\/portal\/wp-content\/uploads\/2015\/12\/Paola-Contreras.jpg?resize=200%2C131&amp;ssl=1 200w, https:\/\/i0.wp.com\/eltrabajo.cl\/portal\/wp-content\/uploads\/2015\/12\/Paola-Contreras.jpg?resize=300%2C197&amp;ssl=1 300w, https:\/\/i0.wp.com\/eltrabajo.cl\/portal\/wp-content\/uploads\/2015\/12\/Paola-Contreras.jpg?resize=228%2C150&amp;ssl=1 228w, https:\/\/i0.wp.com\/eltrabajo.cl\/portal\/wp-content\/uploads\/2015\/12\/Paola-Contreras.jpg?resize=400%2C263&amp;ssl=1 400w\" width=\"209\" height=\"137\" loading=\"lazy\" data-original-width=\"209\" data-original-height=\"137\" itemprop=\"http:\/\/schema.org\/image\" title=\"Paola Contreras\" alt=\"Paola Contreras, madre del menor, asegura que ella acepta la partida de su hijo.\" style=\"width: 209px; height: 137px;\" \/> <\/a> <div class=\"tiled-gallery-caption\" itemprop=\"caption description\"> Paola Contreras, madre del menor, asegura que ella acepta la partida de su hijo. <\/div> <\/div> <div class=\"tiled-gallery-item tiled-gallery-item-small\" itemprop=\"associatedMedia\" itemscope itemtype=\"http:\/\/schema.org\/ImageObject\"> <a href=\"https:\/\/eltrabajo.cl\/portal\/miles-lloran-al-artista-infantil-que-ayer-perdio-la-batalla-contra-la-leucemia\/hermanitos1\/\" border=\"0\" itemprop=\"url\"> <meta itemprop=\"width\" content=\"209\"> <meta itemprop=\"height\" content=\"137\"> <img decoding=\"async\" class=\"\" data-attachment-id=\"65322\" data-orig-file=\"https:\/\/eltrabajo.cl\/portal\/wp-content\/uploads\/2015\/12\/Hermanitos1.jpg\" data-orig-size=\"530,348\" data-comments-opened=\"1\" data-image-meta=\"{&quot;aperture&quot;:&quot;0&quot;,&quot;credit&quot;:&quot;&quot;,&quot;camera&quot;:&quot;&quot;,&quot;caption&quot;:&quot;&quot;,&quot;created_timestamp&quot;:&quot;0&quot;,&quot;copyright&quot;:&quot;&quot;,&quot;focal_length&quot;:&quot;0&quot;,&quot;iso&quot;:&quot;0&quot;,&quot;shutter_speed&quot;:&quot;0&quot;,&quot;title&quot;:&quot;&quot;,&quot;orientation&quot;:&quot;0&quot;}\" data-image-title=\"Hermanitos1\" data-image-description=\"&lt;p&gt;HERMANITA LE LLORA.- Aqu\u00ed vemos a Diego, con su hermanita de siete a\u00f1os, Jennifer Estay, quien le llora desconsoladamente.&lt;\/p&gt; \" data-medium-file=\"https:\/\/i0.wp.com\/eltrabajo.cl\/portal\/wp-content\/uploads\/2015\/12\/Hermanitos1.jpg?fit=300%2C197&#038;ssl=1\" data-large-file=\"https:\/\/i0.wp.com\/eltrabajo.cl\/portal\/wp-content\/uploads\/2015\/12\/Hermanitos1.jpg?fit=530%2C348&#038;ssl=1\" src=\"https:\/\/i0.wp.com\/eltrabajo.cl\/portal\/wp-content\/uploads\/2015\/12\/Hermanitos1.jpg?w=209&#038;h=137&#038;ssl=1\" srcset=\"https:\/\/i0.wp.com\/eltrabajo.cl\/portal\/wp-content\/uploads\/2015\/12\/Hermanitos1.jpg?w=530&amp;ssl=1 530w, https:\/\/i0.wp.com\/eltrabajo.cl\/portal\/wp-content\/uploads\/2015\/12\/Hermanitos1.jpg?resize=200%2C131&amp;ssl=1 200w, https:\/\/i0.wp.com\/eltrabajo.cl\/portal\/wp-content\/uploads\/2015\/12\/Hermanitos1.jpg?resize=300%2C197&amp;ssl=1 300w, https:\/\/i0.wp.com\/eltrabajo.cl\/portal\/wp-content\/uploads\/2015\/12\/Hermanitos1.jpg?resize=228%2C150&amp;ssl=1 228w, https:\/\/i0.wp.com\/eltrabajo.cl\/portal\/wp-content\/uploads\/2015\/12\/Hermanitos1.jpg?resize=400%2C263&amp;ssl=1 400w\" width=\"209\" height=\"137\" loading=\"lazy\" data-original-width=\"209\" data-original-height=\"137\" itemprop=\"http:\/\/schema.org\/image\" title=\"Hermanitos1\" alt=\"HERMANITA LE LLORA.- Aqu\u00ed vemos a Diego, con su hermanita de siete a\u00f1os, Jennifer Estay, quien le llora desconsoladamente.\" style=\"width: 209px; height: 137px;\" \/> <\/a> <div class=\"tiled-gallery-caption\" itemprop=\"caption description\"> HERMANITA LE LLORA.- Aqu\u00ed vemos a Diego, con su hermanita de siete a\u00f1os, Jennifer Estay, quien le llora desconsoladamente. <\/div> <\/div> <\/div> <!-- close group --> <\/div> <!-- close row --> <div class=\"gallery-row\" style=\"width: 640px; height: 282px;\" data-original-width=\"640\" data-original-height=\"282\" > <div class=\"gallery-group images-2\" style=\"width: 212px; height: 282px;\" data-original-width=\"212\" data-original-height=\"282\" > <div class=\"tiled-gallery-item tiled-gallery-item-small\" itemprop=\"associatedMedia\" itemscope itemtype=\"http:\/\/schema.org\/ImageObject\"> <a href=\"https:\/\/eltrabajo.cl\/portal\/miles-lloran-al-artista-infantil-que-ayer-perdio-la-batalla-contra-la-leucemia\/familias1-6\/\" border=\"0\" itemprop=\"url\"> <meta itemprop=\"width\" content=\"208\"> <meta itemprop=\"height\" content=\"137\"> <img decoding=\"async\" class=\"\" data-attachment-id=\"65320\" data-orig-file=\"https:\/\/eltrabajo.cl\/portal\/wp-content\/uploads\/2015\/12\/Familias1.jpg\" data-orig-size=\"530,350\" data-comments-opened=\"1\" data-image-meta=\"{&quot;aperture&quot;:&quot;0&quot;,&quot;credit&quot;:&quot;&quot;,&quot;camera&quot;:&quot;&quot;,&quot;caption&quot;:&quot;&quot;,&quot;created_timestamp&quot;:&quot;0&quot;,&quot;copyright&quot;:&quot;&quot;,&quot;focal_length&quot;:&quot;0&quot;,&quot;iso&quot;:&quot;0&quot;,&quot;shutter_speed&quot;:&quot;0&quot;,&quot;title&quot;:&quot;&quot;,&quot;orientation&quot;:&quot;0&quot;}\" data-image-title=\"Familias1\" data-image-description=\"&lt;p&gt;FAMILIA ESCOVEDO.- Familias enteras llegaron a los estudios de Radio Orolonco, para presentar ofrendas al peque\u00f1o Diego, luego se dirigieron a la casa del menor.&lt;\/p&gt; \" data-medium-file=\"https:\/\/i0.wp.com\/eltrabajo.cl\/portal\/wp-content\/uploads\/2015\/12\/Familias1.jpg?fit=300%2C198&#038;ssl=1\" data-large-file=\"https:\/\/i0.wp.com\/eltrabajo.cl\/portal\/wp-content\/uploads\/2015\/12\/Familias1.jpg?fit=530%2C350&#038;ssl=1\" src=\"https:\/\/i0.wp.com\/eltrabajo.cl\/portal\/wp-content\/uploads\/2015\/12\/Familias1.jpg?w=208&#038;h=137&#038;ssl=1\" srcset=\"https:\/\/i0.wp.com\/eltrabajo.cl\/portal\/wp-content\/uploads\/2015\/12\/Familias1.jpg?w=530&amp;ssl=1 530w, https:\/\/i0.wp.com\/eltrabajo.cl\/portal\/wp-content\/uploads\/2015\/12\/Familias1.jpg?resize=200%2C132&amp;ssl=1 200w, https:\/\/i0.wp.com\/eltrabajo.cl\/portal\/wp-content\/uploads\/2015\/12\/Familias1.jpg?resize=300%2C198&amp;ssl=1 300w, https:\/\/i0.wp.com\/eltrabajo.cl\/portal\/wp-content\/uploads\/2015\/12\/Familias1.jpg?resize=227%2C150&amp;ssl=1 227w, https:\/\/i0.wp.com\/eltrabajo.cl\/portal\/wp-content\/uploads\/2015\/12\/Familias1.jpg?resize=400%2C264&amp;ssl=1 400w\" width=\"208\" height=\"137\" loading=\"lazy\" data-original-width=\"208\" data-original-height=\"137\" itemprop=\"http:\/\/schema.org\/image\" title=\"Familias1\" alt=\"FAMILIA ESCOVEDO.- Familias enteras llegaron a los estudios de Radio Orolonco, para presentar ofrendas al peque\u00f1o Diego, luego se dirigieron a la casa del menor.\" style=\"width: 208px; height: 137px;\" \/> <\/a> <div class=\"tiled-gallery-caption\" itemprop=\"caption description\"> FAMILIA ESCOVEDO.- Familias enteras llegaron a los estudios de Radio Orolonco, para presentar ofrendas al peque\u00f1o Diego, luego se dirigieron a la casa del menor. <\/div> <\/div> <div class=\"tiled-gallery-item tiled-gallery-item-small\" itemprop=\"associatedMedia\" itemscope itemtype=\"http:\/\/schema.org\/ImageObject\"> <a href=\"https:\/\/eltrabajo.cl\/portal\/miles-lloran-al-artista-infantil-que-ayer-perdio-la-batalla-contra-la-leucemia\/mauricio33\/\" border=\"0\" itemprop=\"url\"> <meta itemprop=\"width\" content=\"208\"> <meta itemprop=\"height\" content=\"137\"> <img decoding=\"async\" class=\"\" data-attachment-id=\"65323\" data-orig-file=\"https:\/\/eltrabajo.cl\/portal\/wp-content\/uploads\/2015\/12\/Mauricio33.jpg\" data-orig-size=\"530,349\" data-comments-opened=\"1\" data-image-meta=\"{&quot;aperture&quot;:&quot;0&quot;,&quot;credit&quot;:&quot;&quot;,&quot;camera&quot;:&quot;&quot;,&quot;caption&quot;:&quot;&quot;,&quot;created_timestamp&quot;:&quot;0&quot;,&quot;copyright&quot;:&quot;&quot;,&quot;focal_length&quot;:&quot;0&quot;,&quot;iso&quot;:&quot;0&quot;,&quot;shutter_speed&quot;:&quot;0&quot;,&quot;title&quot;:&quot;&quot;,&quot;orientation&quot;:&quot;0&quot;}\" data-image-title=\"Mauricio33\" data-image-description=\"&lt;p&gt;Mauricio Fern\u00e1ndez, director de la Escuela de Arte y Circo-Teatro Jahuel.&lt;\/p&gt; \" data-medium-file=\"https:\/\/i0.wp.com\/eltrabajo.cl\/portal\/wp-content\/uploads\/2015\/12\/Mauricio33.jpg?fit=300%2C198&#038;ssl=1\" data-large-file=\"https:\/\/i0.wp.com\/eltrabajo.cl\/portal\/wp-content\/uploads\/2015\/12\/Mauricio33.jpg?fit=530%2C349&#038;ssl=1\" src=\"https:\/\/i0.wp.com\/eltrabajo.cl\/portal\/wp-content\/uploads\/2015\/12\/Mauricio33.jpg?w=208&#038;h=137&#038;ssl=1\" srcset=\"https:\/\/i0.wp.com\/eltrabajo.cl\/portal\/wp-content\/uploads\/2015\/12\/Mauricio33.jpg?w=530&amp;ssl=1 530w, https:\/\/i0.wp.com\/eltrabajo.cl\/portal\/wp-content\/uploads\/2015\/12\/Mauricio33.jpg?resize=200%2C132&amp;ssl=1 200w, https:\/\/i0.wp.com\/eltrabajo.cl\/portal\/wp-content\/uploads\/2015\/12\/Mauricio33.jpg?resize=300%2C198&amp;ssl=1 300w, https:\/\/i0.wp.com\/eltrabajo.cl\/portal\/wp-content\/uploads\/2015\/12\/Mauricio33.jpg?resize=228%2C150&amp;ssl=1 228w, https:\/\/i0.wp.com\/eltrabajo.cl\/portal\/wp-content\/uploads\/2015\/12\/Mauricio33.jpg?resize=400%2C263&amp;ssl=1 400w\" width=\"208\" height=\"137\" loading=\"lazy\" data-original-width=\"208\" data-original-height=\"137\" itemprop=\"http:\/\/schema.org\/image\" title=\"Mauricio33\" alt=\"Mauricio Fern\u00e1ndez, director de la Escuela de Arte y Circo-Teatro Jahuel.\" style=\"width: 208px; height: 137px;\" \/> <\/a> <div class=\"tiled-gallery-caption\" itemprop=\"caption description\"> Mauricio Fern\u00e1ndez, director de la Escuela de Arte y Circo-Teatro Jahuel. <\/div> <\/div> <\/div> <!-- close group --> <div class=\"gallery-group images-1\" style=\"width: 428px; height: 282px;\" data-original-width=\"428\" data-original-height=\"282\" > <div class=\"tiled-gallery-item tiled-gallery-item-large\" itemprop=\"associatedMedia\" itemscope itemtype=\"http:\/\/schema.org\/ImageObject\"> <a href=\"https:\/\/eltrabajo.cl\/portal\/miles-lloran-al-artista-infantil-que-ayer-perdio-la-batalla-contra-la-leucemia\/sebastian-henriquez-2\/\" border=\"0\" itemprop=\"url\"> <meta itemprop=\"width\" content=\"424\"> <meta itemprop=\"height\" content=\"278\"> <img decoding=\"async\" class=\"\" data-attachment-id=\"65325\" data-orig-file=\"https:\/\/eltrabajo.cl\/portal\/wp-content\/uploads\/2015\/12\/Sebastian-Henriquez.jpg\" data-orig-size=\"530,348\" data-comments-opened=\"1\" data-image-meta=\"{&quot;aperture&quot;:&quot;0&quot;,&quot;credit&quot;:&quot;&quot;,&quot;camera&quot;:&quot;&quot;,&quot;caption&quot;:&quot;&quot;,&quot;created_timestamp&quot;:&quot;0&quot;,&quot;copyright&quot;:&quot;&quot;,&quot;focal_length&quot;:&quot;0&quot;,&quot;iso&quot;:&quot;0&quot;,&quot;shutter_speed&quot;:&quot;0&quot;,&quot;title&quot;:&quot;&quot;,&quot;orientation&quot;:&quot;0&quot;}\" data-image-title=\"Sebastian Henriquez\" data-image-description=\"&lt;p&gt;Sebasti\u00e1n Henr\u00edquez, director de Radio Orolonco.&lt;\/p&gt; \" data-medium-file=\"https:\/\/i0.wp.com\/eltrabajo.cl\/portal\/wp-content\/uploads\/2015\/12\/Sebastian-Henriquez.jpg?fit=300%2C197&#038;ssl=1\" data-large-file=\"https:\/\/i0.wp.com\/eltrabajo.cl\/portal\/wp-content\/uploads\/2015\/12\/Sebastian-Henriquez.jpg?fit=530%2C348&#038;ssl=1\" src=\"https:\/\/i0.wp.com\/eltrabajo.cl\/portal\/wp-content\/uploads\/2015\/12\/Sebastian-Henriquez.jpg?w=424&#038;h=278&#038;ssl=1\" srcset=\"https:\/\/i0.wp.com\/eltrabajo.cl\/portal\/wp-content\/uploads\/2015\/12\/Sebastian-Henriquez.jpg?w=530&amp;ssl=1 530w, https:\/\/i0.wp.com\/eltrabajo.cl\/portal\/wp-content\/uploads\/2015\/12\/Sebastian-Henriquez.jpg?resize=200%2C131&amp;ssl=1 200w, https:\/\/i0.wp.com\/eltrabajo.cl\/portal\/wp-content\/uploads\/2015\/12\/Sebastian-Henriquez.jpg?resize=300%2C197&amp;ssl=1 300w, https:\/\/i0.wp.com\/eltrabajo.cl\/portal\/wp-content\/uploads\/2015\/12\/Sebastian-Henriquez.jpg?resize=228%2C150&amp;ssl=1 228w, https:\/\/i0.wp.com\/eltrabajo.cl\/portal\/wp-content\/uploads\/2015\/12\/Sebastian-Henriquez.jpg?resize=400%2C263&amp;ssl=1 400w\" width=\"424\" height=\"278\" loading=\"lazy\" data-original-width=\"424\" data-original-height=\"278\" itemprop=\"http:\/\/schema.org\/image\" title=\"Sebastian Henriquez\" alt=\"Sebasti\u00e1n Henr\u00edquez, director de Radio Orolonco.\" style=\"width: 424px; height: 278px;\" \/> <\/a> <div class=\"tiled-gallery-caption\" itemprop=\"caption description\"> Sebasti\u00e1n Henr\u00edquez, director de Radio Orolonco. <\/div> <\/div> <\/div> <!-- close group --> <\/div> <!-- close row --> <\/div>\n","protected":false},"excerpt":{"rendered":"<p>Hoy le sepultar\u00e1n a las 15:00 horas en el Cementerio Municipal de Santa Mar\u00eda. Era zanquista, y se despidi\u00f3 de todos en la emisora local. Toda la comuna llora a su hijo&#8230;<\/p>\n","protected":false},"author":482,"featured_media":65319,"comment_status":"open","ping_status":"open","sticky":false,"template":"","format":"standard","meta":{"advanced_seo_description":"","jetpack_seo_html_title":"","jetpack_seo_noindex":false,"_jetpack_memberships_contains_paid_content":false,"footnotes":""},"categories":[15],"tags":[],"class_list":["post-65318","post","type-post","status-publish","format-standard","has-post-thumbnail","hentry","category-comunidad"],"jetpack_featured_media_url":"https:\/\/i0.wp.com\/eltrabajo.cl\/portal\/wp-content\/uploads\/2015\/12\/Dieguito33.jpg?fit=530%2C350&ssl=1","jetpack_sharing_enabled":true,"jetpack_likes_enabled":true,"jetpack-related-posts":[],"_links":{"self":[{"href":"https:\/\/eltrabajo.cl\/portal\/wp-json\/wp\/v2\/posts\/65318","targetHints":{"allow":["GET"]}}],"collection":[{"href":"https:\/\/eltrabajo.cl\/portal\/wp-json\/wp\/v2\/posts"}],"about":[{"href":"https:\/\/eltrabajo.cl\/portal\/wp-json\/wp\/v2\/types\/post"}],"author":[{"embeddable":true,"href":"https:\/\/eltrabajo.cl\/portal\/wp-json\/wp\/v2\/users\/482"}],"replies":[{"embeddable":true,"href":"https:\/\/eltrabajo.cl\/portal\/wp-json\/wp\/v2\/comments?post=65318"}],"version-history":[{"count":0,"href":"https:\/\/eltrabajo.cl\/portal\/wp-json\/wp\/v2\/posts\/65318\/revisions"}],"wp:featuredmedia":[{"embeddable":true,"href":"https:\/\/eltrabajo.cl\/portal\/wp-json\/wp\/v2\/media\/65319"}],"wp:attachment":[{"href":"https:\/\/eltrabajo.cl\/portal\/wp-json\/wp\/v2\/media?parent=65318"}],"wp:term":[{"taxonomy":"category","embeddable":true,"href":"https:\/\/eltrabajo.cl\/portal\/wp-json\/wp\/v2\/categories?post=65318"},{"taxonomy":"post_tag","embeddable":true,"href":"https:\/\/eltrabajo.cl\/portal\/wp-json\/wp\/v2\/tags?post=65318"}],"curies":[{"name":"wp","href":"https:\/\/api.w.org\/{rel}","templated":true}]}}