{"id":65331,"date":"2015-12-31T14:44:59","date_gmt":"2015-12-31T17:44:59","guid":{"rendered":"http:\/\/www.eltrabajo.cl\/portal\/?p=65331"},"modified":"2015-12-31T14:44:59","modified_gmt":"2015-12-31T17:44:59","slug":"un-ano-donde-el-triunfo-deportivo-otra-vez-tuvo-perfume-de-mujer","status":"publish","type":"post","link":"https:\/\/eltrabajo.cl\/portal\/un-ano-donde-el-triunfo-deportivo-otra-vez-tuvo-perfume-de-mujer\/","title":{"rendered":"Un a\u00f1o donde el triunfo deportivo otra vez tuvo perfume de mujer"},"content":{"rendered":"<figure id=\"attachment_65332\" aria-describedby=\"caption-attachment-65332\" style=\"width: 300px\" class=\"wp-caption alignleft\"><img data-recalc-dims=\"1\" loading=\"lazy\" decoding=\"async\" class=\"wp-image-65332 size-medium\" src=\"https:\/\/i0.wp.com\/www.eltrabajo.cl\/portal\/wp-content\/uploads\/2015\/12\/NATALIAS-copia-300x198.jpg?resize=300%2C198\" alt=\"Natalia Duc\u00f3 una vez m\u00e1s destell\u00f3 como la gran deportista del Valle de Aconcagua y Natali Rosas hizo su ingreso al circuito mundial del Deporte Aventura.\" width=\"300\" height=\"198\" srcset=\"https:\/\/i0.wp.com\/eltrabajo.cl\/portal\/wp-content\/uploads\/2015\/12\/NATALIAS-copia.jpg?resize=300%2C198&amp;ssl=1 300w, https:\/\/i0.wp.com\/eltrabajo.cl\/portal\/wp-content\/uploads\/2015\/12\/NATALIAS-copia.jpg?resize=200%2C132&amp;ssl=1 200w, https:\/\/i0.wp.com\/eltrabajo.cl\/portal\/wp-content\/uploads\/2015\/12\/NATALIAS-copia.jpg?resize=228%2C150&amp;ssl=1 228w, https:\/\/i0.wp.com\/eltrabajo.cl\/portal\/wp-content\/uploads\/2015\/12\/NATALIAS-copia.jpg?resize=400%2C263&amp;ssl=1 400w, https:\/\/i0.wp.com\/eltrabajo.cl\/portal\/wp-content\/uploads\/2015\/12\/NATALIAS-copia.jpg?w=530&amp;ssl=1 530w\" sizes=\"auto, (max-width: 300px) 100vw, 300px\" \/><figcaption id=\"caption-attachment-65332\" class=\"wp-caption-text\">Natalia Duc\u00f3 una vez m\u00e1s destell\u00f3 como la gran deportista del Valle de Aconcagua y Natali Rosas hizo su ingreso al circuito mundial del Deporte Aventura.<\/figcaption><\/figure>\n<ul>\n<li><strong>Natalia Duc\u00f3 y Natali Rosas fueron las mejores durante la temporada.<\/strong><\/li>\n<\/ul>\n<p>Llega el \u00faltimo d\u00eda del a\u00f1o y cuando solo restan horas para que el 2015 se apague para siempre, en el Trabajo Deportivo realizamos el habitual ejercicio de repasar lo relevante que dej\u00f3 el deporte aconcag\u00fcino durante los \u00faltimos 365 d\u00edas.<br \/>\nEs claro que este a\u00f1o no hubo celebraciones colectivas ya que los principales \u00e9xitos vinieron de la mano de actividades individuales, teniendo en Natalia Duc\u00f3 y Natali Rosas como las figuras excluyentes de la temporada, al destacar a nivel planetario en sus respectivas disciplinas.<br \/>\nLa lanzadora de la bala tuvo en los Juegos Panamericanos de Toronto su mejor actuaci\u00f3n, medalla de bronce, y los pasajes a los Juegos Ol\u00edmpicos de R\u00edo 2016 muestran que Natalia Duc\u00f3 es una atleta en constante crecimiento, la que con toda seguridad seguir\u00e1 dando satisfacciones no solo al Valle de Aconcagua, si no al pa\u00eds entero.<br \/>\n\u201cCuando me llegue la oportunidad, demostrar\u00e9 que puedo competir de igual a igual contra los mejores del mundo\u201d, declar\u00f3 a este mismo medio, Natali Rosas y la santamariana demostr\u00f3 que ten\u00eda toda la raz\u00f3n, porque despu\u00e9s de a\u00f1os de sacrificios y muchos triunfos de por medio pudo cumplir su sue\u00f1o de ingresar al circuito mundial del Deporte Aventura y Natali lo hizo a lo grande, al estar dentro de los mejores en Espa\u00f1a, esa actuaci\u00f3n le abri\u00f3 las puertas de manera definitiva ya que distintos team del orbe pusieron sus ojos en ella, as\u00ed meses despu\u00e9s estuvo presente en un circuito en los Alpes Franceses, ah\u00ed una vez m\u00e1s demostr\u00f3 su calidad, asumiendo en lleno un rol protag\u00f3nico en el concierto internacional de la ruda disciplina deportiva.<br \/>\nEl protagonismo de Natali Rosas va en alza al punto que ya es frecuente verla en medios de comunicaci\u00f3n (TV-diarios) de alcance nacional que est\u00e1n atentos cada vez que la aconcag\u00fcina debe salir a competir fuera del pa\u00eds.<br \/>\nA nivel interno, notable fue lo hecho por San Felipe Basket, club que en su primera incursi\u00f3n en la Libcentro B, gan\u00f3 todo a nivel formativo, imponiendo un registro que dif\u00edcilmente se podr\u00e1 igualar en esa liga.<br \/>\nEl b\u00e1squetbol del Corina Urbina sigui\u00f3 ganando todo a nivel local, provincial y regional, a lo que sum\u00f3 un titulo juvenil en la Asociaci\u00f3n Santiago y como si eso no bastara, tambi\u00e9n cumplieron a lo grande en los Juegos Binacionales (como selecci\u00f3n de la quinta regi\u00f3n) que en el \u00faltimo trimestre del a\u00f1o tuvieron lugar en Mendoza.<br \/>\nCon C\u00e9sar Vigevani, en el banco t\u00e9cnico, Uni\u00f3n San Felipe part\u00eda el a\u00f1o con la ilusi\u00f3n del retornar a la elite del f\u00fatbol chileno, pero finalmente el equipo albirrojo perdi\u00f3 la lucha con San Luis, el equipo que finalmente se qued\u00f3 con todos los honores en la categor\u00eda.<br \/>\nSi bien es cierto, Trasandino no supo de alegr\u00edas durante el primer semestre, las cosas dieron un giro total en la \u00faltima parte del a\u00f1o, debido a que \u2018El Tra\u2019 tuvo un repunte espectacular que tiene ilusionado a todos sus hinchas con el retorno a la segunda categor\u00eda del balompi\u00e9 rentado chileno.<br \/>\nCon esto resumimos el deporte durante estos 12 meses, si alguien qued\u00f3 fuera, pedimos las disculpas del caso, pero creemos que en esta p\u00e1gina est\u00e1n todos los que deben estar. Ahora solo resta esperar que el a\u00f1o que viene est\u00e9 cargado de alegr\u00edas\u2026Felicidades y \u00e9xitos a todos .<\/p>\n<div class=\"tiled-gallery type-rectangular tiled-gallery-unresized\" data-original-width=\"640\" data-carousel-extra='null' itemscope itemtype=\"http:\/\/schema.org\/ImageGallery\" > <div class=\"gallery-row\" style=\"width: 640px; height: 283px;\" data-original-width=\"640\" data-original-height=\"283\" > <div class=\"gallery-group images-1\" style=\"width: 427px; height: 283px;\" data-original-width=\"427\" data-original-height=\"283\" > <div class=\"tiled-gallery-item tiled-gallery-item-large\" itemprop=\"associatedMedia\" itemscope itemtype=\"http:\/\/schema.org\/ImageObject\"> <a href=\"https:\/\/eltrabajo.cl\/portal\/un-ano-donde-el-triunfo-deportivo-otra-vez-tuvo-perfume-de-mujer\/san-felipe-basket-5\/\" border=\"0\" itemprop=\"url\"> <meta itemprop=\"width\" content=\"423\"> <meta itemprop=\"height\" content=\"279\"> <img decoding=\"async\" class=\"\" data-attachment-id=\"65334\" data-orig-file=\"https:\/\/eltrabajo.cl\/portal\/wp-content\/uploads\/2015\/12\/san-felipe-basket-1.jpg\" data-orig-size=\"530,350\" data-comments-opened=\"1\" data-image-meta=\"{&quot;aperture&quot;:&quot;0&quot;,&quot;credit&quot;:&quot;&quot;,&quot;camera&quot;:&quot;&quot;,&quot;caption&quot;:&quot;&quot;,&quot;created_timestamp&quot;:&quot;0&quot;,&quot;copyright&quot;:&quot;&quot;,&quot;focal_length&quot;:&quot;0&quot;,&quot;iso&quot;:&quot;0&quot;,&quot;shutter_speed&quot;:&quot;0&quot;,&quot;title&quot;:&quot;&quot;,&quot;orientation&quot;:&quot;0&quot;}\" data-image-title=\"san felipe basket\" data-image-description=\"&lt;p&gt;En su primer a\u00f1o en la Libcentro B, los quintetos formativos de San Felipe Basket lo ganaron todo.&lt;\/p&gt; \" data-medium-file=\"https:\/\/i0.wp.com\/eltrabajo.cl\/portal\/wp-content\/uploads\/2015\/12\/san-felipe-basket-1.jpg?fit=300%2C198&#038;ssl=1\" data-large-file=\"https:\/\/i0.wp.com\/eltrabajo.cl\/portal\/wp-content\/uploads\/2015\/12\/san-felipe-basket-1.jpg?fit=530%2C350&#038;ssl=1\" src=\"https:\/\/i0.wp.com\/eltrabajo.cl\/portal\/wp-content\/uploads\/2015\/12\/san-felipe-basket-1.jpg?w=423&#038;h=279&#038;ssl=1\" srcset=\"https:\/\/i0.wp.com\/eltrabajo.cl\/portal\/wp-content\/uploads\/2015\/12\/san-felipe-basket-1.jpg?w=530&amp;ssl=1 530w, https:\/\/i0.wp.com\/eltrabajo.cl\/portal\/wp-content\/uploads\/2015\/12\/san-felipe-basket-1.jpg?resize=200%2C132&amp;ssl=1 200w, https:\/\/i0.wp.com\/eltrabajo.cl\/portal\/wp-content\/uploads\/2015\/12\/san-felipe-basket-1.jpg?resize=300%2C198&amp;ssl=1 300w, https:\/\/i0.wp.com\/eltrabajo.cl\/portal\/wp-content\/uploads\/2015\/12\/san-felipe-basket-1.jpg?resize=227%2C150&amp;ssl=1 227w, https:\/\/i0.wp.com\/eltrabajo.cl\/portal\/wp-content\/uploads\/2015\/12\/san-felipe-basket-1.jpg?resize=400%2C264&amp;ssl=1 400w\" width=\"423\" height=\"279\" loading=\"lazy\" data-original-width=\"423\" data-original-height=\"279\" itemprop=\"http:\/\/schema.org\/image\" title=\"san felipe basket\" alt=\"En su primer a\u00f1o en la Libcentro B, los quintetos formativos de San Felipe Basket lo ganaron todo.\" style=\"width: 423px; height: 279px;\" \/> <\/a> <div class=\"tiled-gallery-caption\" itemprop=\"caption description\"> En su primer a\u00f1o en la Libcentro B, los quintetos formativos de San Felipe Basket lo ganaron todo. <\/div> <\/div> <\/div> <!-- close group --> <div class=\"gallery-group images-2\" style=\"width: 213px; height: 283px;\" data-original-width=\"213\" data-original-height=\"283\" > <div class=\"tiled-gallery-item tiled-gallery-item-small\" itemprop=\"associatedMedia\" itemscope itemtype=\"http:\/\/schema.org\/ImageObject\"> <a href=\"https:\/\/eltrabajo.cl\/portal\/un-ano-donde-el-triunfo-deportivo-otra-vez-tuvo-perfume-de-mujer\/corina-urbina-8\/\" border=\"0\" itemprop=\"url\"> <meta itemprop=\"width\" content=\"209\"> <meta itemprop=\"height\" content=\"138\"> <img decoding=\"async\" class=\"\" data-attachment-id=\"65333\" data-orig-file=\"https:\/\/eltrabajo.cl\/portal\/wp-content\/uploads\/2015\/12\/corina-urbina-1.jpg\" data-orig-size=\"530,350\" data-comments-opened=\"1\" data-image-meta=\"{&quot;aperture&quot;:&quot;0&quot;,&quot;credit&quot;:&quot;&quot;,&quot;camera&quot;:&quot;&quot;,&quot;caption&quot;:&quot;&quot;,&quot;created_timestamp&quot;:&quot;0&quot;,&quot;copyright&quot;:&quot;&quot;,&quot;focal_length&quot;:&quot;0&quot;,&quot;iso&quot;:&quot;0&quot;,&quot;shutter_speed&quot;:&quot;0&quot;,&quot;title&quot;:&quot;&quot;,&quot;orientation&quot;:&quot;0&quot;}\" data-image-title=\"corina urbina\" data-image-description=\"&lt;p&gt;El baloncesto del Corina Urbina mantuvo su dominio en los cestos locales, regionales y nacionales.&lt;\/p&gt; \" data-medium-file=\"https:\/\/i0.wp.com\/eltrabajo.cl\/portal\/wp-content\/uploads\/2015\/12\/corina-urbina-1.jpg?fit=300%2C198&#038;ssl=1\" data-large-file=\"https:\/\/i0.wp.com\/eltrabajo.cl\/portal\/wp-content\/uploads\/2015\/12\/corina-urbina-1.jpg?fit=530%2C350&#038;ssl=1\" src=\"https:\/\/i0.wp.com\/eltrabajo.cl\/portal\/wp-content\/uploads\/2015\/12\/corina-urbina-1.jpg?w=209&#038;h=138&#038;ssl=1\" srcset=\"https:\/\/i0.wp.com\/eltrabajo.cl\/portal\/wp-content\/uploads\/2015\/12\/corina-urbina-1.jpg?w=530&amp;ssl=1 530w, https:\/\/i0.wp.com\/eltrabajo.cl\/portal\/wp-content\/uploads\/2015\/12\/corina-urbina-1.jpg?resize=200%2C132&amp;ssl=1 200w, https:\/\/i0.wp.com\/eltrabajo.cl\/portal\/wp-content\/uploads\/2015\/12\/corina-urbina-1.jpg?resize=300%2C198&amp;ssl=1 300w, https:\/\/i0.wp.com\/eltrabajo.cl\/portal\/wp-content\/uploads\/2015\/12\/corina-urbina-1.jpg?resize=227%2C150&amp;ssl=1 227w, https:\/\/i0.wp.com\/eltrabajo.cl\/portal\/wp-content\/uploads\/2015\/12\/corina-urbina-1.jpg?resize=400%2C264&amp;ssl=1 400w\" width=\"209\" height=\"138\" loading=\"lazy\" data-original-width=\"209\" data-original-height=\"138\" itemprop=\"http:\/\/schema.org\/image\" title=\"corina urbina\" alt=\"El baloncesto del Corina Urbina mantuvo su dominio en los cestos locales, regionales y nacionales.\" style=\"width: 209px; height: 138px;\" \/> <\/a> <div class=\"tiled-gallery-caption\" itemprop=\"caption description\"> El baloncesto del Corina Urbina mantuvo su dominio en los cestos locales, regionales y nacionales. <\/div> <\/div> <div class=\"tiled-gallery-item tiled-gallery-item-small\" itemprop=\"associatedMedia\" itemscope itemtype=\"http:\/\/schema.org\/ImageObject\"> <a href=\"https:\/\/eltrabajo.cl\/portal\/un-ano-donde-el-triunfo-deportivo-otra-vez-tuvo-perfume-de-mujer\/uni-uni-176\/\" border=\"0\" itemprop=\"url\"> <meta itemprop=\"width\" content=\"209\"> <meta itemprop=\"height\" content=\"137\"> <img decoding=\"async\" class=\"\" data-attachment-id=\"65336\" data-orig-file=\"https:\/\/eltrabajo.cl\/portal\/wp-content\/uploads\/2015\/12\/uni-uni.jpg\" data-orig-size=\"530,349\" data-comments-opened=\"1\" data-image-meta=\"{&quot;aperture&quot;:&quot;0&quot;,&quot;credit&quot;:&quot;&quot;,&quot;camera&quot;:&quot;&quot;,&quot;caption&quot;:&quot;&quot;,&quot;created_timestamp&quot;:&quot;0&quot;,&quot;copyright&quot;:&quot;&quot;,&quot;focal_length&quot;:&quot;0&quot;,&quot;iso&quot;:&quot;0&quot;,&quot;shutter_speed&quot;:&quot;0&quot;,&quot;title&quot;:&quot;&quot;,&quot;orientation&quot;:&quot;0&quot;}\" data-image-title=\"uni uni\" data-image-description=\"&lt;p&gt;Uni\u00f3n San Felipe, pese a su gran campa\u00f1a no pudo ascender al f\u00fatbol grande de Chile.&lt;\/p&gt; \" data-medium-file=\"https:\/\/i0.wp.com\/eltrabajo.cl\/portal\/wp-content\/uploads\/2015\/12\/uni-uni.jpg?fit=300%2C198&#038;ssl=1\" data-large-file=\"https:\/\/i0.wp.com\/eltrabajo.cl\/portal\/wp-content\/uploads\/2015\/12\/uni-uni.jpg?fit=530%2C349&#038;ssl=1\" src=\"https:\/\/i0.wp.com\/eltrabajo.cl\/portal\/wp-content\/uploads\/2015\/12\/uni-uni.jpg?w=209&#038;h=137&#038;ssl=1\" srcset=\"https:\/\/i0.wp.com\/eltrabajo.cl\/portal\/wp-content\/uploads\/2015\/12\/uni-uni.jpg?w=530&amp;ssl=1 530w, https:\/\/i0.wp.com\/eltrabajo.cl\/portal\/wp-content\/uploads\/2015\/12\/uni-uni.jpg?resize=200%2C132&amp;ssl=1 200w, https:\/\/i0.wp.com\/eltrabajo.cl\/portal\/wp-content\/uploads\/2015\/12\/uni-uni.jpg?resize=300%2C198&amp;ssl=1 300w, https:\/\/i0.wp.com\/eltrabajo.cl\/portal\/wp-content\/uploads\/2015\/12\/uni-uni.jpg?resize=228%2C150&amp;ssl=1 228w, https:\/\/i0.wp.com\/eltrabajo.cl\/portal\/wp-content\/uploads\/2015\/12\/uni-uni.jpg?resize=400%2C263&amp;ssl=1 400w\" width=\"209\" height=\"137\" loading=\"lazy\" data-original-width=\"209\" data-original-height=\"137\" itemprop=\"http:\/\/schema.org\/image\" title=\"uni uni\" alt=\"Uni\u00f3n San Felipe, pese a su gran campa\u00f1a no pudo ascender al f\u00fatbol grande de Chile.\" style=\"width: 209px; height: 137px;\" \/> <\/a> <div class=\"tiled-gallery-caption\" itemprop=\"caption description\"> Uni\u00f3n San Felipe, pese a su gran campa\u00f1a no pudo ascender al f\u00fatbol grande de Chile. <\/div> <\/div> <\/div> <!-- close group --> <\/div> <!-- close row --> <div class=\"gallery-row\" style=\"width: 640px; height: 422px;\" data-original-width=\"640\" data-original-height=\"422\" > <div class=\"gallery-group images-1\" style=\"width: 640px; height: 422px;\" data-original-width=\"640\" data-original-height=\"422\" > <div class=\"tiled-gallery-item tiled-gallery-item-large\" itemprop=\"associatedMedia\" itemscope itemtype=\"http:\/\/schema.org\/ImageObject\"> <a href=\"https:\/\/eltrabajo.cl\/portal\/un-ano-donde-el-triunfo-deportivo-otra-vez-tuvo-perfume-de-mujer\/trasandino-10\/\" border=\"0\" itemprop=\"url\"> <meta itemprop=\"width\" content=\"636\"> <meta itemprop=\"height\" content=\"418\"> <img decoding=\"async\" class=\"\" data-attachment-id=\"65335\" data-orig-file=\"https:\/\/eltrabajo.cl\/portal\/wp-content\/uploads\/2015\/12\/trasandino.jpg\" data-orig-size=\"530,348\" data-comments-opened=\"1\" data-image-meta=\"{&quot;aperture&quot;:&quot;0&quot;,&quot;credit&quot;:&quot;&quot;,&quot;camera&quot;:&quot;&quot;,&quot;caption&quot;:&quot;&quot;,&quot;created_timestamp&quot;:&quot;0&quot;,&quot;copyright&quot;:&quot;&quot;,&quot;focal_length&quot;:&quot;0&quot;,&quot;iso&quot;:&quot;0&quot;,&quot;shutter_speed&quot;:&quot;0&quot;,&quot;title&quot;:&quot;&quot;,&quot;orientation&quot;:&quot;0&quot;}\" data-image-title=\"trasandino\" data-image-description=\"&lt;p&gt;El C\u00f3ndor tuvo una finalizaci\u00f3n de a\u00f1o espectacular y muchos en Los Andes se ilusionan que el 2016 ser\u00e1 el a\u00f1o del ascenso a la Primera B.&lt;\/p&gt; \" data-medium-file=\"https:\/\/i0.wp.com\/eltrabajo.cl\/portal\/wp-content\/uploads\/2015\/12\/trasandino.jpg?fit=300%2C197&#038;ssl=1\" data-large-file=\"https:\/\/i0.wp.com\/eltrabajo.cl\/portal\/wp-content\/uploads\/2015\/12\/trasandino.jpg?fit=530%2C348&#038;ssl=1\" src=\"https:\/\/i0.wp.com\/eltrabajo.cl\/portal\/wp-content\/uploads\/2015\/12\/trasandino.jpg?w=636&#038;h=418&#038;ssl=1\" srcset=\"https:\/\/i0.wp.com\/eltrabajo.cl\/portal\/wp-content\/uploads\/2015\/12\/trasandino.jpg?w=530&amp;ssl=1 530w, https:\/\/i0.wp.com\/eltrabajo.cl\/portal\/wp-content\/uploads\/2015\/12\/trasandino.jpg?resize=200%2C131&amp;ssl=1 200w, https:\/\/i0.wp.com\/eltrabajo.cl\/portal\/wp-content\/uploads\/2015\/12\/trasandino.jpg?resize=300%2C197&amp;ssl=1 300w, https:\/\/i0.wp.com\/eltrabajo.cl\/portal\/wp-content\/uploads\/2015\/12\/trasandino.jpg?resize=228%2C150&amp;ssl=1 228w, https:\/\/i0.wp.com\/eltrabajo.cl\/portal\/wp-content\/uploads\/2015\/12\/trasandino.jpg?resize=400%2C263&amp;ssl=1 400w\" width=\"636\" height=\"418\" loading=\"lazy\" data-original-width=\"636\" data-original-height=\"418\" itemprop=\"http:\/\/schema.org\/image\" title=\"trasandino\" alt=\"El C\u00f3ndor tuvo una finalizaci\u00f3n de a\u00f1o espectacular y muchos en Los Andes se ilusionan que el 2016 ser\u00e1 el a\u00f1o del ascenso a la Primera B.\" style=\"width: 636px; height: 418px;\" \/> <\/a> <div class=\"tiled-gallery-caption\" itemprop=\"caption description\"> El C\u00f3ndor tuvo una finalizaci\u00f3n de a\u00f1o espectacular y muchos en Los Andes se ilusionan que el 2016 ser\u00e1 el a\u00f1o del ascenso a la Primera B. <\/div> <\/div> <\/div> <!-- close group --> <\/div> <!-- close row --> <\/div>\n","protected":false},"excerpt":{"rendered":"<p>Natalia Duc\u00f3 y Natali Rosas fueron las mejores durante la temporada. Llega el \u00faltimo d\u00eda del a\u00f1o y cuando solo restan horas para que el 2015 se apague para siempre, en el&#8230;<\/p>\n","protected":false},"author":482,"featured_media":65332,"comment_status":"open","ping_status":"open","sticky":false,"template":"","format":"standard","meta":{"advanced_seo_description":"","jetpack_seo_html_title":"","jetpack_seo_noindex":false,"_jetpack_memberships_contains_paid_content":false,"footnotes":""},"categories":[19],"tags":[],"class_list":["post-65331","post","type-post","status-publish","format-standard","has-post-thumbnail","hentry","category-deportes"],"jetpack_featured_media_url":"https:\/\/i0.wp.com\/eltrabajo.cl\/portal\/wp-content\/uploads\/2015\/12\/NATALIAS-copia.jpg?fit=530%2C349&ssl=1","jetpack_sharing_enabled":true,"jetpack_likes_enabled":true,"jetpack-related-posts":[],"_links":{"self":[{"href":"https:\/\/eltrabajo.cl\/portal\/wp-json\/wp\/v2\/posts\/65331","targetHints":{"allow":["GET"]}}],"collection":[{"href":"https:\/\/eltrabajo.cl\/portal\/wp-json\/wp\/v2\/posts"}],"about":[{"href":"https:\/\/eltrabajo.cl\/portal\/wp-json\/wp\/v2\/types\/post"}],"author":[{"embeddable":true,"href":"https:\/\/eltrabajo.cl\/portal\/wp-json\/wp\/v2\/users\/482"}],"replies":[{"embeddable":true,"href":"https:\/\/eltrabajo.cl\/portal\/wp-json\/wp\/v2\/comments?post=65331"}],"version-history":[{"count":0,"href":"https:\/\/eltrabajo.cl\/portal\/wp-json\/wp\/v2\/posts\/65331\/revisions"}],"wp:featuredmedia":[{"embeddable":true,"href":"https:\/\/eltrabajo.cl\/portal\/wp-json\/wp\/v2\/media\/65332"}],"wp:attachment":[{"href":"https:\/\/eltrabajo.cl\/portal\/wp-json\/wp\/v2\/media?parent=65331"}],"wp:term":[{"taxonomy":"category","embeddable":true,"href":"https:\/\/eltrabajo.cl\/portal\/wp-json\/wp\/v2\/categories?post=65331"},{"taxonomy":"post_tag","embeddable":true,"href":"https:\/\/eltrabajo.cl\/portal\/wp-json\/wp\/v2\/tags?post=65331"}],"curies":[{"name":"wp","href":"https:\/\/api.w.org\/{rel}","templated":true}]}}