{"id":65338,"date":"2015-12-31T14:59:21","date_gmt":"2015-12-31T17:59:21","guid":{"rendered":"http:\/\/www.eltrabajo.cl\/portal\/?p=65338"},"modified":"2015-12-31T14:59:21","modified_gmt":"2015-12-31T17:59:21","slug":"recuento-de-los-principales-acontecimientos-ocurridos-el-ano-2015","status":"publish","type":"post","link":"https:\/\/eltrabajo.cl\/portal\/recuento-de-los-principales-acontecimientos-ocurridos-el-ano-2015\/","title":{"rendered":"Recuento de los principales acontecimientos ocurridos el a\u00f1o 2015"},"content":{"rendered":"<figure id=\"attachment_65339\" aria-describedby=\"caption-attachment-65339\" style=\"width: 300px\" class=\"wp-caption alignleft\"><img data-recalc-dims=\"1\" loading=\"lazy\" decoding=\"async\" class=\"wp-image-65339 size-medium\" src=\"https:\/\/i0.wp.com\/www.eltrabajo.cl\/portal\/wp-content\/uploads\/2015\/12\/gladys-donaire-femicidio-300x198.jpg?resize=300%2C198\" alt=\"Uno de los hechos m\u00e1s impactantes de 2015, fue la muerte de un matrimonio de la tercera edad. Un femicidio y posterior suicidio al final de una larga vida.\" width=\"300\" height=\"198\" srcset=\"https:\/\/i0.wp.com\/eltrabajo.cl\/portal\/wp-content\/uploads\/2015\/12\/gladys-donaire-femicidio.jpg?resize=300%2C198&amp;ssl=1 300w, https:\/\/i0.wp.com\/eltrabajo.cl\/portal\/wp-content\/uploads\/2015\/12\/gladys-donaire-femicidio.jpg?resize=200%2C132&amp;ssl=1 200w, https:\/\/i0.wp.com\/eltrabajo.cl\/portal\/wp-content\/uploads\/2015\/12\/gladys-donaire-femicidio.jpg?resize=228%2C150&amp;ssl=1 228w, https:\/\/i0.wp.com\/eltrabajo.cl\/portal\/wp-content\/uploads\/2015\/12\/gladys-donaire-femicidio.jpg?resize=400%2C263&amp;ssl=1 400w, https:\/\/i0.wp.com\/eltrabajo.cl\/portal\/wp-content\/uploads\/2015\/12\/gladys-donaire-femicidio.jpg?w=530&amp;ssl=1 530w\" sizes=\"auto, (max-width: 300px) 100vw, 300px\" \/><figcaption id=\"caption-attachment-65339\" class=\"wp-caption-text\">Uno de los hechos m\u00e1s impactantes de 2015, fue la muerte de un matrimonio de la tercera edad. Un femicidio y posterior suicidio al final de una larga vida.<\/figcaption><\/figure>\n<p><strong>ENERO<\/strong><br \/>\n<strong>Lunes 5:<\/strong> Grave denuncia en el Registro Civil de San Felipe. Investigaci\u00f3n sumaria contra funcionaria acusada de dejarse dinero de inscripciones automotrices. La mujer, en forma intencional, ingresaba err\u00f3neamente datos del solicitante para que sistema anulara tramitaci\u00f3n.<br \/>\n<strong>Viernes 9:<\/strong> Diario El Trabajo da a conocer el caso de Luis Lepe Lepe, conocido comerciante ambulante abandonado por sus hermanos y sus hijos tras sufrir hemiplejia, debiendo ser atendido por vecinos que angustiados por los gritos de desesperaci\u00f3n que emit\u00eda cada noche, asumen labor de atenderlo, alimentarlo, lavarlo y hasta cambiar sus pa\u00f1ales.<br \/>\n<strong>Lunes 26:<\/strong> Doctora Carmen Castillo Taucher designada nueva Ministra de Salud por Presidenta Michelle Bachelet.<\/p>\n<p><strong>FEBRERO<\/strong><br \/>\n<strong>Jueves 5:<\/strong> Tom\u00e1s Alonso, de 1 a\u00f1o 9 meses, hijo de propietarios del sal\u00f3n La Habana, muere al caer a piscina privada.<br \/>\n<strong>Lunes 9:<\/strong> Samantha Etchevers Reinoso (17) pierde la vida en accidente automovil\u00edstico. Testigo que iba en moto asegura que conductora del veh\u00edculo perdi\u00f3 el control al intentar hacerle \u2018encerrona\u2019 por un incidente registrado poco antes en estacionamiento de la disco Kamikaze.<\/p>\n<p><strong>MARZO<\/strong><br \/>\n<strong>Lunes 9:<\/strong> Mujer adicta a las drogas da a luz en su propia casa, entregando el lactante a una vecina para que lo dejara abandonado en el Hospital San Juan de Dios de Los Andes.<br \/>\n<strong>Mi\u00e9rcoles 18:<\/strong> Nuevos y graves antecedentes dan cuenta de millonarias deudas que empresa Pixels SpA mantiene con distintas empresas contratistas, trabajadores y proveedores, a lo que se suma una boleta de garant\u00eda falsificada entregada al Municipio de Tiltil. A ra\u00edz de esta publicaci\u00f3n en Diario El Trabajo, el Servicio de Salud Aconcagua habr\u00eda decidido verificar la situaci\u00f3n de las boletas entregadas por Pixels por la remodelaci\u00f3n del psiqui\u00e1trico, comprobando que tambi\u00e9n eran falsas.<\/p>\n<p><strong>ABRIL<\/strong><br \/>\n<strong>Jueves 9:<\/strong> Condenan a Salcobrand a pagar $10 millones por injurias a cliente que fue denostada p\u00fablicamente, siendo acusada injustificadamente de no cancelar un medicamento con receta retenida en la sucursal de San Felipe.<br \/>\n<strong>Lunes 13:<\/strong> Un menor de poco m\u00e1s de un a\u00f1o de edad muri\u00f3 al caer a una piscina. El beb\u00e9 y su madre hab\u00edan llegado hace solo unos d\u00edas a Los Andes procedentes de Copiap\u00f3.<br \/>\n<strong>Viernes 17:<\/strong> Trabajadores de Pixels se toman Gobernaci\u00f3n. Serios incidentes terminaron con unos 20 detenidos, luego que no se lograra llegar a acuerdo en el pago de los finiquitos de los trabajadores de la empresa Pixels.<\/p>\n<p><strong>MAYO<\/strong><br \/>\n<strong>Viernes 15:<\/strong> Desconocidos invadieron al menos 18 viviendas recientemente construidas pertenecientes a la Villa Santa Teresita de San Felipe, en donde se produjeron incidentes y da\u00f1os en las estructuras. Vecinos exigen desalojo de estas personas que clandestinamente se adue\u00f1aron de casas.<br \/>\n<strong>Lunes 25:<\/strong> Adulto mayor dispar\u00f3 a su esposa y luego acab\u00f3 con su vida de un balazo. Gran consternaci\u00f3n provoc\u00f3 el hallazgo de los cuerpos sin vida del matrimonio compuesto por Ricardo Villarroel Bernejo (73) y Gladys Del Carmen Donaire Luco (70), en el domicilio de la pareja ubicado al interior de una galer\u00eda comercial de su propiedad en Chacabuco 375 en San Felipe, casi al llegar a Sargento Aldea.<br \/>\n<strong>Jueves 28:<\/strong> Basados en experiencias internacionales, el Ministerio de Obras P\u00fablicas inici\u00f3 el proceso de pruebas para la utilizaci\u00f3n de la escoria sobrante de los procesos de purificaci\u00f3n de metal en la fundici\u00f3n Chagres de Catemu, en la construcci\u00f3n del tramo Panquehue de la nueva ruta 60 CH.<\/p>\n<p><strong>JUNIO<\/strong><br \/>\n<strong>Lunes 1:<\/strong> El mes se inicia con paro de profesores que adhieren a movimiento nacional que se extender\u00eda dos meses.<br \/>\n<strong>Jueves 4<\/strong>: Encontr\u00f3 un mill\u00f3n de pesos en la calle y lo devolvi\u00f3 a su desesperada due\u00f1a. Suboficial Mayor en retiro de Carabineros encontr\u00f3 el mill\u00f3n de pesos en la calle cerca de su domicilio en la villa Bicentenario, Los Andes.<br \/>\n<strong>Viernes 19:<\/strong> Comienza el llenado del embalse Chacrillas, noticia que llena de alegr\u00eda a Putaendo, en tanto en San Felipe, hondo pesar por choque frontal entre colectivo y veh\u00edculo particular en Tocornal, a un costado de Sodimac, donde mueren Rosa Riquelme L\u00f3pez (73) y el chofer del colectivo que iba a Los Andes, Juan Carlos Rojas Gonz\u00e1lez (51).<br \/>\n<strong>Viernes 26:<\/strong> Desarticulan red de traficantes integrada por capit\u00e1n de Carabineros. Peligrosa banda internacional de traficantes de drogas operaba desde una c\u00e1rcel y contaba entre sus filas con dos funcionarios de Carabineros a quienes se les acusa del delito de robo y secuestro.<\/p>\n<p><strong>JULIO<\/strong><br \/>\n<strong>Lunes 27:<\/strong> Inician sumario por muerte de interno del hospital psiqui\u00e1trico que cay\u00f3 de tercer piso en circunstancias que se investigan. Se trata de una situaci\u00f3n preocupante que se ha registrado ya varias veces en el establecimiento.<br \/>\n<strong>Martes 28:<\/strong> Profesores vuelven hoy a clases tras \u00absuspensi\u00f3n temporal\u00bb del paro.<br \/>\n<strong>Jueves 30:<\/strong> Mujer denuncia violaci\u00f3n por desconocido en su propia casa. El hecho sali\u00f3 a la luz por un comentario de una amiga en Facebook. Sin embargo, la falta de evidencias complic\u00f3 la investigaci\u00f3n tejiendo un manto de dudas sobre la veracidad de la denuncia.<\/p>\n<p><strong>AGOSTO<\/strong><br \/>\n<strong>Viernes 7:<\/strong> Por fin lluvias intensas. Pese a los da\u00f1os el agua trajo alegr\u00eda a los aconcag\u00fcinos: 50 mm. y 531 hogares sin luz en provincia San Felipe. En Los Andes resultaron 75 viviendas afectadas por el agua, registrando alrededor de 35 mm de precipitaciones.<br \/>\n<strong>Viernes 21:<\/strong> Lo exhibieron como a violador y le quitaron a su hija de 9 a\u00f1os, pero result\u00f3 que era inocente. Una doctora que ya no labora para el Hospital San Camilo, ocasion\u00f3 que metieran preso al pap\u00e1 de una ni\u00f1a, lo exhibieran como a delincuente y dejaran encerrada hasta hoy a ni\u00f1a de nueve a\u00f1os en Limache.<br \/>\n<strong>Viernes 28:<\/strong> Dos ex funcionarios de Carabineros fueron sometidos a proceso por el homicidio calificado de Rafael L\u00f3pez Leyton, un vecino de Tierras Blancas que falleci\u00f3 de un disparo en la cabeza el 7 de junio del a\u00f1o 1981.<br \/>\n<strong>Lunes 31:<\/strong> San Felipe llora partida de Hijo Ilustre y destacado relator Javier Mu\u00f1oz. Una multitudinaria despedida recibi\u00f3 el connotado comunicador de 43 a\u00f1os de edad, Javier Mu\u00f1oz Delgado, cuya muerte en un tr\u00e1gico accidente automovil\u00edstico la madrugada del s\u00e1bado 29 en la ruta 60 CH, ha convulsionado al Valle de Aconcagua. Las caracter\u00edsticas personales de Javier Mu\u00f1oz lo convirtieron en un hombre profundamente querido, respetado y admirado, por lo que su muerte fue profundamente lamentada.<\/p>\n<p><strong>SEPTIEMBRE<\/strong><br \/>\n<strong>Martes 8:<\/strong> Formalizan a due\u00f1os de Pixels por falsas boletas de garant\u00eda. Empresarios se declaran v\u00edctimas de un tercer sujeto que supuestamente los enga\u00f1\u00f3 y los dej\u00f3 en la calle, falsificando boletas que ellos s\u00ed habr\u00edan pagado.<br \/>\n<strong>Jueves 17:<\/strong> Solo da\u00f1os menores y algunos cortes de luz dej\u00f3 terremoto registrado en la v\u00edspera. Prolongado movimiento tel\u00farico caus\u00f3 p\u00e1nico en la poblaci\u00f3n, alcanzando una intensidad de VII grados en la escala Mercalli.<br \/>\n<strong>Martes 29:<\/strong> Tensi\u00f3n desata delincuente que amenazaba lanzarse de 15 metros de altura. Sebasti\u00e1n Mella Mu\u00f1oz (20) escap\u00f3 de villa Departamental tras asaltar a repartidor de gas, hiri\u00e9ndolo con un cuchillo. Perseguido por la polic\u00eda, el delincuente huy\u00f3 cruzando el r\u00edo hasta llegar a la techumbre del gimnasio del Colegio Alem\u00e1n donde amenaz\u00f3 suicidarse para evitar su captura. Finalmente su madre logr\u00f3 convencerlo de bajar y entregarse a la polic\u00eda.<\/p>\n<p><strong>OCTUBRE<\/strong><br \/>\n<strong>Jueves 1:<\/strong> Madre estrangula a su peque\u00f1o hijo e intenta suicidarse con f\u00e1rmacos. Comunidad consternada por macabro parricidio en Santa Mar\u00eda. Menor de s\u00f3lo cinco a\u00f1os fue estrangulado por su madre Miriam Chac\u00f3n Hasler, la que luego decidiera atentar contra su vida ingiriendo una gran dosis de medicamentos que la mantuvieron en estado grave en la UCI del Hospital San Camilo de San Felipe, en calidad de detenida.<br \/>\n<strong>Martes 13:<\/strong> Capturan a puma que paseaba por la ruta en Curim\u00f3n. Vecinos junto a Carabineros lograron capturar vivo a peligroso animal que deambulaba por el sector San Francisco y Bucalemu<br \/>\n<strong>Mi\u00e9rcoles 14:<\/strong> Profundo dolor por muerte de joven instructor de escalada. Gonzalo Gajardo (23) falleci\u00f3 durante pr\u00e1ctica habitual en Caj\u00f3n del Maipo.<br \/>\n<strong>Martes 20:<\/strong> Santa Mar\u00eda cumpli\u00f3 con preparar Chupe de Guata m\u00e1s grande de Chile.<\/p>\n<p><strong>NOVIEMBRE<\/strong><br \/>\n<strong>Martes 5:<\/strong> Embalse Chacrillas presenta graves filtraciones de agua que impiden llenado. Se confirma por primera vez algo que ya era un secreto a voces.<br \/>\n<strong>Jueves 12:<\/strong> Pac\u00edfico desalojo termin\u00f3 con seis meses de viviendas tomadas en villa Santa Teresita. Familias que se tomaron casas de Conjunto Habitacional en busca de un beneficio, tendr\u00e1n que acudir a la v\u00eda institucional para poder cumplir el sue\u00f1o de la casa propia.<br \/>\n<strong>Viernes 20:<\/strong> M\u00e1s de 7 hect\u00e1reas arrasadas por dos incendios forestales. Helic\u00f3ptero ayud\u00f3 a enfrentar gigantescos siniestros. Onemi declar\u00f3 Alerta Roja por r\u00e1pido crecimiento del fuego que amenaz\u00f3 viviendas y oblig\u00f3 evacuaci\u00f3n.<br \/>\n<strong>Lunes 23<\/strong>: Incendio destruy\u00f3 Multitienda Suasel dejando millonarias p\u00e9rdidas. Arduo trabajo de Bomberos se extendi\u00f3 por m\u00e1s de seis horas.<\/p>\n<p><strong>DICIEMBRE<\/strong><br \/>\n<strong>Mi\u00e9rcoles 2:<\/strong> Pesar por muerte de Fernando Silva Castell\u00f3n (82), ex Director de la Escuela Industrial de San Felipe, quien sufri\u00f3 ataque al coraz\u00f3n diez d\u00edas antes. Su gran legado fue el sello que dej\u00f3 en la Escuela Industrial.<br \/>\n<strong>Lunes 7:<\/strong> Conductor ebrio atropella y provoca muerte de ciclista Miguel Chac\u00f3n Chac\u00f3n (50) en Calle Larga. Homicida manejaba con 2.18 gramos de alcohol y tribunal prohibi\u00f3 a la prensa dar a conocer su identidad. En Llay Llay, en tanto, un incendio de proporciones cuesta la vida a Jaime Moraga Araya (55), destruyendo dos casas y da\u00f1ando otras dos. El fuego se habr\u00eda iniciado por una vela encendida a una imagen religiosa.<br \/>\n<strong>Jueves 10:<\/strong> Cobarde y salvaje asalto sufre mujer en la v\u00eda p\u00fablica. La dieron por muerta y la abandonaron en potrero. Familia de la se\u00f1ora Nelly Argomedo anuncia querellas contra Enjoy y el hospital San Camilo, donde la atendieron y enviaron a casa sin advertir graves lesiones.<\/p>\n<div class=\"tiled-gallery type-rectangular tiled-gallery-unresized\" data-original-width=\"640\" data-carousel-extra='null' itemscope itemtype=\"http:\/\/schema.org\/ImageGallery\" > <div class=\"gallery-row\" style=\"width: 640px; height: 283px;\" data-original-width=\"640\" data-original-height=\"283\" > <div class=\"gallery-group images-1\" style=\"width: 428px; height: 283px;\" data-original-width=\"428\" data-original-height=\"283\" > <div class=\"tiled-gallery-item tiled-gallery-item-large\" itemprop=\"associatedMedia\" itemscope itemtype=\"http:\/\/schema.org\/ImageObject\"> <a href=\"https:\/\/eltrabajo.cl\/portal\/recuento-de-los-principales-acontecimientos-ocurridos-el-ano-2015\/javier-munoz-3\/\" border=\"0\" itemprop=\"url\"> <meta itemprop=\"width\" content=\"424\"> <meta itemprop=\"height\" content=\"279\"> <img decoding=\"async\" class=\"\" data-attachment-id=\"65341\" data-orig-file=\"https:\/\/eltrabajo.cl\/portal\/wp-content\/uploads\/2015\/12\/JAVIER-MUNOZ.jpg\" data-orig-size=\"530,349\" data-comments-opened=\"1\" data-image-meta=\"{&quot;aperture&quot;:&quot;0&quot;,&quot;credit&quot;:&quot;&quot;,&quot;camera&quot;:&quot;&quot;,&quot;caption&quot;:&quot;&quot;,&quot;created_timestamp&quot;:&quot;0&quot;,&quot;copyright&quot;:&quot;&quot;,&quot;focal_length&quot;:&quot;0&quot;,&quot;iso&quot;:&quot;0&quot;,&quot;shutter_speed&quot;:&quot;0&quot;,&quot;title&quot;:&quot;&quot;,&quot;orientation&quot;:&quot;0&quot;}\" data-image-title=\"JAVIER MUNOZ\" data-image-description=\"&lt;p&gt;La muerte de Javier Mu\u00f1oz Delgado, relator deportivo ampliamente conocido y querido por su forma de ser, fue sin duda el acontecimiento que caus\u00f3 mayor conmoci\u00f3n en la zona.&lt;\/p&gt; \" data-medium-file=\"https:\/\/i0.wp.com\/eltrabajo.cl\/portal\/wp-content\/uploads\/2015\/12\/JAVIER-MUNOZ.jpg?fit=300%2C198&#038;ssl=1\" data-large-file=\"https:\/\/i0.wp.com\/eltrabajo.cl\/portal\/wp-content\/uploads\/2015\/12\/JAVIER-MUNOZ.jpg?fit=530%2C349&#038;ssl=1\" src=\"https:\/\/i0.wp.com\/eltrabajo.cl\/portal\/wp-content\/uploads\/2015\/12\/JAVIER-MUNOZ.jpg?w=424&#038;h=279&#038;ssl=1\" srcset=\"https:\/\/i0.wp.com\/eltrabajo.cl\/portal\/wp-content\/uploads\/2015\/12\/JAVIER-MUNOZ.jpg?w=530&amp;ssl=1 530w, https:\/\/i0.wp.com\/eltrabajo.cl\/portal\/wp-content\/uploads\/2015\/12\/JAVIER-MUNOZ.jpg?resize=200%2C132&amp;ssl=1 200w, https:\/\/i0.wp.com\/eltrabajo.cl\/portal\/wp-content\/uploads\/2015\/12\/JAVIER-MUNOZ.jpg?resize=300%2C198&amp;ssl=1 300w, https:\/\/i0.wp.com\/eltrabajo.cl\/portal\/wp-content\/uploads\/2015\/12\/JAVIER-MUNOZ.jpg?resize=228%2C150&amp;ssl=1 228w, https:\/\/i0.wp.com\/eltrabajo.cl\/portal\/wp-content\/uploads\/2015\/12\/JAVIER-MUNOZ.jpg?resize=400%2C263&amp;ssl=1 400w\" width=\"424\" height=\"279\" loading=\"lazy\" data-original-width=\"424\" data-original-height=\"279\" itemprop=\"http:\/\/schema.org\/image\" title=\"JAVIER MUNOZ\" alt=\"La muerte de Javier Mu\u00f1oz Delgado, relator deportivo ampliamente conocido y querido por su forma de ser, fue sin duda el acontecimiento que caus\u00f3 mayor conmoci\u00f3n en la zona.\" style=\"width: 424px; height: 279px;\" \/> <\/a> <div class=\"tiled-gallery-caption\" itemprop=\"caption description\"> La muerte de Javier Mu\u00f1oz Delgado, relator deportivo ampliamente conocido y querido por su forma de ser, fue sin duda el acontecimiento que caus\u00f3 mayor conmoci\u00f3n en la zona. <\/div> <\/div> <\/div> <!-- close group --> <div class=\"gallery-group images-2\" style=\"width: 212px; height: 283px;\" data-original-width=\"212\" data-original-height=\"283\" > <div class=\"tiled-gallery-item tiled-gallery-item-small\" itemprop=\"associatedMedia\" itemscope itemtype=\"http:\/\/schema.org\/ImageObject\"> <a href=\"https:\/\/eltrabajo.cl\/portal\/recuento-de-los-principales-acontecimientos-ocurridos-el-ano-2015\/desalojo-villa-santa-teresita-7-3\/\" border=\"0\" itemprop=\"url\"> <meta itemprop=\"width\" content=\"208\"> <meta itemprop=\"height\" content=\"137\"> <img decoding=\"async\" class=\"\" data-attachment-id=\"65340\" data-orig-file=\"https:\/\/eltrabajo.cl\/portal\/wp-content\/uploads\/2015\/12\/Desalojo-villa-Santa-Teresita-7.jpg\" data-orig-size=\"530,349\" data-comments-opened=\"1\" data-image-meta=\"{&quot;aperture&quot;:&quot;0&quot;,&quot;credit&quot;:&quot;&quot;,&quot;camera&quot;:&quot;&quot;,&quot;caption&quot;:&quot;&quot;,&quot;created_timestamp&quot;:&quot;0&quot;,&quot;copyright&quot;:&quot;Copyright 2012&quot;,&quot;focal_length&quot;:&quot;0&quot;,&quot;iso&quot;:&quot;0&quot;,&quot;shutter_speed&quot;:&quot;0&quot;,&quot;title&quot;:&quot;&quot;,&quot;orientation&quot;:&quot;0&quot;}\" data-image-title=\"Desalojo villa Santa Teresita 7\" data-image-description=\"&lt;p&gt;Pac\u00edfico desalojo de familias que se tomaron casas de Santa Teresita.&lt;\/p&gt; \" data-medium-file=\"https:\/\/i0.wp.com\/eltrabajo.cl\/portal\/wp-content\/uploads\/2015\/12\/Desalojo-villa-Santa-Teresita-7.jpg?fit=300%2C198&#038;ssl=1\" data-large-file=\"https:\/\/i0.wp.com\/eltrabajo.cl\/portal\/wp-content\/uploads\/2015\/12\/Desalojo-villa-Santa-Teresita-7.jpg?fit=530%2C349&#038;ssl=1\" src=\"https:\/\/i0.wp.com\/eltrabajo.cl\/portal\/wp-content\/uploads\/2015\/12\/Desalojo-villa-Santa-Teresita-7.jpg?w=208&#038;h=137&#038;ssl=1\" srcset=\"https:\/\/i0.wp.com\/eltrabajo.cl\/portal\/wp-content\/uploads\/2015\/12\/Desalojo-villa-Santa-Teresita-7.jpg?w=530&amp;ssl=1 530w, https:\/\/i0.wp.com\/eltrabajo.cl\/portal\/wp-content\/uploads\/2015\/12\/Desalojo-villa-Santa-Teresita-7.jpg?resize=200%2C132&amp;ssl=1 200w, https:\/\/i0.wp.com\/eltrabajo.cl\/portal\/wp-content\/uploads\/2015\/12\/Desalojo-villa-Santa-Teresita-7.jpg?resize=300%2C198&amp;ssl=1 300w, https:\/\/i0.wp.com\/eltrabajo.cl\/portal\/wp-content\/uploads\/2015\/12\/Desalojo-villa-Santa-Teresita-7.jpg?resize=228%2C150&amp;ssl=1 228w, https:\/\/i0.wp.com\/eltrabajo.cl\/portal\/wp-content\/uploads\/2015\/12\/Desalojo-villa-Santa-Teresita-7.jpg?resize=400%2C263&amp;ssl=1 400w\" width=\"208\" height=\"137\" loading=\"lazy\" data-original-width=\"208\" data-original-height=\"137\" itemprop=\"http:\/\/schema.org\/image\" title=\"Desalojo villa Santa Teresita 7\" alt=\"Pac\u00edfico desalojo de familias que se tomaron casas de Santa Teresita.\" style=\"width: 208px; height: 137px;\" \/> <\/a> <div class=\"tiled-gallery-caption\" itemprop=\"caption description\"> Pac\u00edfico desalojo de familias que se tomaron casas de Santa Teresita. <\/div> <\/div> <div class=\"tiled-gallery-item tiled-gallery-item-small\" itemprop=\"associatedMedia\" itemscope itemtype=\"http:\/\/schema.org\/ImageObject\"> <a href=\"https:\/\/eltrabajo.cl\/portal\/recuento-de-los-principales-acontecimientos-ocurridos-el-ano-2015\/trabajadores-pixels-toma-gobernacion\/\" border=\"0\" itemprop=\"url\"> <meta itemprop=\"width\" content=\"208\"> <meta itemprop=\"height\" content=\"138\"> <img decoding=\"async\" class=\"\" data-attachment-id=\"65343\" data-orig-file=\"https:\/\/eltrabajo.cl\/portal\/wp-content\/uploads\/2015\/12\/trabajadores-pixels-toma-gobernacion.jpg\" data-orig-size=\"530,350\" data-comments-opened=\"1\" data-image-meta=\"{&quot;aperture&quot;:&quot;0&quot;,&quot;credit&quot;:&quot;&quot;,&quot;camera&quot;:&quot;&quot;,&quot;caption&quot;:&quot;&quot;,&quot;created_timestamp&quot;:&quot;0&quot;,&quot;copyright&quot;:&quot;&quot;,&quot;focal_length&quot;:&quot;0&quot;,&quot;iso&quot;:&quot;0&quot;,&quot;shutter_speed&quot;:&quot;0&quot;,&quot;title&quot;:&quot;&quot;,&quot;orientation&quot;:&quot;0&quot;}\" data-image-title=\"trabajadores pixels toma gobernacion\" data-image-description=\"&lt;p&gt;Fueron 20 los trabajadores detenidos en\u00e9rgicamente por Carabineros.&lt;\/p&gt; \" data-medium-file=\"https:\/\/i0.wp.com\/eltrabajo.cl\/portal\/wp-content\/uploads\/2015\/12\/trabajadores-pixels-toma-gobernacion.jpg?fit=300%2C198&#038;ssl=1\" data-large-file=\"https:\/\/i0.wp.com\/eltrabajo.cl\/portal\/wp-content\/uploads\/2015\/12\/trabajadores-pixels-toma-gobernacion.jpg?fit=530%2C350&#038;ssl=1\" src=\"https:\/\/i0.wp.com\/eltrabajo.cl\/portal\/wp-content\/uploads\/2015\/12\/trabajadores-pixels-toma-gobernacion.jpg?w=208&#038;h=138&#038;ssl=1\" srcset=\"https:\/\/i0.wp.com\/eltrabajo.cl\/portal\/wp-content\/uploads\/2015\/12\/trabajadores-pixels-toma-gobernacion.jpg?w=530&amp;ssl=1 530w, https:\/\/i0.wp.com\/eltrabajo.cl\/portal\/wp-content\/uploads\/2015\/12\/trabajadores-pixels-toma-gobernacion.jpg?resize=200%2C132&amp;ssl=1 200w, https:\/\/i0.wp.com\/eltrabajo.cl\/portal\/wp-content\/uploads\/2015\/12\/trabajadores-pixels-toma-gobernacion.jpg?resize=300%2C198&amp;ssl=1 300w, https:\/\/i0.wp.com\/eltrabajo.cl\/portal\/wp-content\/uploads\/2015\/12\/trabajadores-pixels-toma-gobernacion.jpg?resize=227%2C150&amp;ssl=1 227w, https:\/\/i0.wp.com\/eltrabajo.cl\/portal\/wp-content\/uploads\/2015\/12\/trabajadores-pixels-toma-gobernacion.jpg?resize=400%2C264&amp;ssl=1 400w\" width=\"208\" height=\"138\" loading=\"lazy\" data-original-width=\"208\" data-original-height=\"138\" itemprop=\"http:\/\/schema.org\/image\" title=\"trabajadores pixels toma gobernacion\" alt=\"Fueron 20 los trabajadores detenidos en\u00e9rgicamente por Carabineros.\" style=\"width: 208px; height: 138px;\" \/> <\/a> <div class=\"tiled-gallery-caption\" itemprop=\"caption description\"> Fueron 20 los trabajadores detenidos en\u00e9rgicamente por Carabineros. <\/div> <\/div> <\/div> <!-- close group --> <\/div> <!-- close row --> <div class=\"gallery-row\" style=\"width: 640px; height: 424px;\" data-original-width=\"640\" data-original-height=\"424\" > <div class=\"gallery-group images-1\" style=\"width: 640px; height: 424px;\" data-original-width=\"640\" data-original-height=\"424\" > <div class=\"tiled-gallery-item tiled-gallery-item-large\" itemprop=\"associatedMedia\" itemscope itemtype=\"http:\/\/schema.org\/ImageObject\"> <a href=\"https:\/\/eltrabajo.cl\/portal\/recuento-de-los-principales-acontecimientos-ocurridos-el-ano-2015\/ministra-carmen-castillo\/\" border=\"0\" itemprop=\"url\"> <meta itemprop=\"width\" content=\"636\"> <meta itemprop=\"height\" content=\"420\"> <img decoding=\"async\" class=\"\" data-attachment-id=\"65342\" data-orig-file=\"https:\/\/eltrabajo.cl\/portal\/wp-content\/uploads\/2015\/12\/Ministra-carmen-castillo.jpg\" data-orig-size=\"530,350\" data-comments-opened=\"1\" data-image-meta=\"{&quot;aperture&quot;:&quot;0&quot;,&quot;credit&quot;:&quot;&quot;,&quot;camera&quot;:&quot;&quot;,&quot;caption&quot;:&quot;&quot;,&quot;created_timestamp&quot;:&quot;0&quot;,&quot;copyright&quot;:&quot;&quot;,&quot;focal_length&quot;:&quot;0&quot;,&quot;iso&quot;:&quot;0&quot;,&quot;shutter_speed&quot;:&quot;0&quot;,&quot;title&quot;:&quot;&quot;,&quot;orientation&quot;:&quot;0&quot;}\" data-image-title=\"Ministra carmen castillo\" data-image-description=\"&lt;p&gt;Ministra de Salud Carmen Castillo.&lt;\/p&gt; \" data-medium-file=\"https:\/\/i0.wp.com\/eltrabajo.cl\/portal\/wp-content\/uploads\/2015\/12\/Ministra-carmen-castillo.jpg?fit=300%2C198&#038;ssl=1\" data-large-file=\"https:\/\/i0.wp.com\/eltrabajo.cl\/portal\/wp-content\/uploads\/2015\/12\/Ministra-carmen-castillo.jpg?fit=530%2C350&#038;ssl=1\" src=\"https:\/\/i0.wp.com\/eltrabajo.cl\/portal\/wp-content\/uploads\/2015\/12\/Ministra-carmen-castillo.jpg?w=636&#038;h=420&#038;ssl=1\" srcset=\"https:\/\/i0.wp.com\/eltrabajo.cl\/portal\/wp-content\/uploads\/2015\/12\/Ministra-carmen-castillo.jpg?w=530&amp;ssl=1 530w, https:\/\/i0.wp.com\/eltrabajo.cl\/portal\/wp-content\/uploads\/2015\/12\/Ministra-carmen-castillo.jpg?resize=200%2C132&amp;ssl=1 200w, https:\/\/i0.wp.com\/eltrabajo.cl\/portal\/wp-content\/uploads\/2015\/12\/Ministra-carmen-castillo.jpg?resize=300%2C198&amp;ssl=1 300w, https:\/\/i0.wp.com\/eltrabajo.cl\/portal\/wp-content\/uploads\/2015\/12\/Ministra-carmen-castillo.jpg?resize=227%2C150&amp;ssl=1 227w, https:\/\/i0.wp.com\/eltrabajo.cl\/portal\/wp-content\/uploads\/2015\/12\/Ministra-carmen-castillo.jpg?resize=400%2C264&amp;ssl=1 400w\" width=\"636\" height=\"420\" loading=\"lazy\" data-original-width=\"636\" data-original-height=\"420\" itemprop=\"http:\/\/schema.org\/image\" title=\"Ministra carmen castillo\" alt=\"Ministra de Salud Carmen Castillo.\" style=\"width: 636px; height: 420px;\" \/> <\/a> <div class=\"tiled-gallery-caption\" itemprop=\"caption description\"> Ministra de Salud Carmen Castillo. <\/div> <\/div> <\/div> <!-- close group --> <\/div> <!-- close row --> <\/div>\n","protected":false},"excerpt":{"rendered":"<p>ENERO Lunes 5: Grave denuncia en el Registro Civil de San Felipe. Investigaci\u00f3n sumaria contra funcionaria acusada de dejarse dinero de inscripciones automotrices. La mujer, en forma intencional, ingresaba err\u00f3neamente datos del&#8230;<\/p>\n","protected":false},"author":482,"featured_media":65339,"comment_status":"open","ping_status":"open","sticky":false,"template":"","format":"standard","meta":{"advanced_seo_description":"","jetpack_seo_html_title":"","jetpack_seo_noindex":false,"_jetpack_memberships_contains_paid_content":false,"footnotes":""},"categories":[15],"tags":[],"class_list":["post-65338","post","type-post","status-publish","format-standard","has-post-thumbnail","hentry","category-comunidad"],"jetpack_featured_media_url":"https:\/\/i0.wp.com\/eltrabajo.cl\/portal\/wp-content\/uploads\/2015\/12\/gladys-donaire-femicidio.jpg?fit=530%2C349&ssl=1","jetpack_sharing_enabled":true,"jetpack_likes_enabled":true,"jetpack-related-posts":[],"_links":{"self":[{"href":"https:\/\/eltrabajo.cl\/portal\/wp-json\/wp\/v2\/posts\/65338","targetHints":{"allow":["GET"]}}],"collection":[{"href":"https:\/\/eltrabajo.cl\/portal\/wp-json\/wp\/v2\/posts"}],"about":[{"href":"https:\/\/eltrabajo.cl\/portal\/wp-json\/wp\/v2\/types\/post"}],"author":[{"embeddable":true,"href":"https:\/\/eltrabajo.cl\/portal\/wp-json\/wp\/v2\/users\/482"}],"replies":[{"embeddable":true,"href":"https:\/\/eltrabajo.cl\/portal\/wp-json\/wp\/v2\/comments?post=65338"}],"version-history":[{"count":0,"href":"https:\/\/eltrabajo.cl\/portal\/wp-json\/wp\/v2\/posts\/65338\/revisions"}],"wp:featuredmedia":[{"embeddable":true,"href":"https:\/\/eltrabajo.cl\/portal\/wp-json\/wp\/v2\/media\/65339"}],"wp:attachment":[{"href":"https:\/\/eltrabajo.cl\/portal\/wp-json\/wp\/v2\/media?parent=65338"}],"wp:term":[{"taxonomy":"category","embeddable":true,"href":"https:\/\/eltrabajo.cl\/portal\/wp-json\/wp\/v2\/categories?post=65338"},{"taxonomy":"post_tag","embeddable":true,"href":"https:\/\/eltrabajo.cl\/portal\/wp-json\/wp\/v2\/tags?post=65338"}],"curies":[{"name":"wp","href":"https:\/\/api.w.org\/{rel}","templated":true}]}}