{"id":65346,"date":"2015-12-31T15:00:48","date_gmt":"2015-12-31T18:00:48","guid":{"rendered":"http:\/\/www.eltrabajo.cl\/portal\/?p=65346"},"modified":"2015-12-31T15:00:48","modified_gmt":"2015-12-31T18:00:48","slug":"desarrollan-huerto-sustentable-y-compostaje-en-escuela-republica-del-brasil","status":"publish","type":"post","link":"https:\/\/eltrabajo.cl\/portal\/desarrollan-huerto-sustentable-y-compostaje-en-escuela-republica-del-brasil\/","title":{"rendered":"Desarrollan huerto sustentable y compostaje en Escuela Rep\u00fablica del Brasil"},"content":{"rendered":"<figure id=\"attachment_65347\" aria-describedby=\"caption-attachment-65347\" style=\"width: 300px\" class=\"wp-caption alignleft\"><img data-recalc-dims=\"1\" loading=\"lazy\" decoding=\"async\" class=\"wp-image-65347 size-medium\" src=\"https:\/\/i0.wp.com\/www.eltrabajo.cl\/portal\/wp-content\/uploads\/2015\/12\/Huerto-Esc-Republica-de-Brasil-4-300x197.jpg?resize=300%2C197\" alt=\"La Escuela B\u00e1sica Rep\u00fablica del Brasil cre\u00f3 un huerto sustentable, en el cual los estudiantes, a trav\u00e9s de productos reciclados, han podido cultivar diferentes tipos de verduras y hortalizas.\" width=\"300\" height=\"197\" srcset=\"https:\/\/i0.wp.com\/eltrabajo.cl\/portal\/wp-content\/uploads\/2015\/12\/Huerto-Esc-Republica-de-Brasil-4.jpg?resize=300%2C197&amp;ssl=1 300w, https:\/\/i0.wp.com\/eltrabajo.cl\/portal\/wp-content\/uploads\/2015\/12\/Huerto-Esc-Republica-de-Brasil-4.jpg?resize=200%2C131&amp;ssl=1 200w, https:\/\/i0.wp.com\/eltrabajo.cl\/portal\/wp-content\/uploads\/2015\/12\/Huerto-Esc-Republica-de-Brasil-4.jpg?resize=228%2C150&amp;ssl=1 228w, https:\/\/i0.wp.com\/eltrabajo.cl\/portal\/wp-content\/uploads\/2015\/12\/Huerto-Esc-Republica-de-Brasil-4.jpg?resize=400%2C263&amp;ssl=1 400w, https:\/\/i0.wp.com\/eltrabajo.cl\/portal\/wp-content\/uploads\/2015\/12\/Huerto-Esc-Republica-de-Brasil-4.jpg?w=530&amp;ssl=1 530w\" sizes=\"auto, (max-width: 300px) 100vw, 300px\" \/><figcaption id=\"caption-attachment-65347\" class=\"wp-caption-text\">La Escuela B\u00e1sica Rep\u00fablica del Brasil cre\u00f3 un huerto sustentable, en el cual los estudiantes, a trav\u00e9s de productos reciclados, han podido cultivar diferentes tipos de verduras y hortalizas.<\/figcaption><\/figure>\n<p><strong>LOS ANDES<\/strong>.- Con el fin de proteger el Medio Ambiente y promover la participaci\u00f3n de la comunidad estudiantil por medio del cultivo de vegetales, la Escuela B\u00e1sica Rep\u00fablica del Brasil de la comuna de San Esteban cre\u00f3 un huerto sustentable, en el cual los estudiantes, a trav\u00e9s de productos reciclados, han podido cultivar diferentes tipos de verduras y hortalizas. La gobernadora provincial de Los Andes, Mar\u00eda Victoria Rodr\u00edguez, visit\u00f3 el huerto, destacando la labor realizada por el cuerpo docente encargado del proyecto.<br \/>\nComo una forma de potenciar la participaci\u00f3n de los estudiantes y desarrollar espacios de promoci\u00f3n del ecosistema, la Escuela Municipal Rep\u00fablica del Brasil decidi\u00f3 implementar este proyecto desde marzo de este a\u00f1o, en el marco de su programa de gesti\u00f3n sustentable y preocupaci\u00f3n del Medio Ambiente, recuperando al uno de los espacios al interior del colegio.<br \/>\nLa profesora encargada de retomar este proyecto postulado al Fosis, \u2018Vive tu Huerto\u2019 en el a\u00f1o 2013, Agustina Mella, destac\u00f3 esta iniciativa que present\u00f3 a inicios de a\u00f1o, se\u00f1alando que \u201cel objetivo de nuestro huerto es implementar un lugar de aprendizaje al aire libre y contacto con la naturaleza, donde se promueve la vida saludable y el cuidado del medio ambiente, a trav\u00e9s del cultivo de vegetales por parte de la participaci\u00f3n de los mismos estudiantes\u201d, se\u00f1al\u00f3 la profesora Agustina Mella.<br \/>\n\u201cDurante el a\u00f1o se cultivaron m\u00e1s de sesenta especies, entre vegetales, \u00e1rboles, arbustos y flores, adem\u00e1s de plantas medicinales, permitiendo que los mismos ni\u00f1os tomen conciencia ecol\u00f3gica, ya que ellos tienen inter\u00e9s y motivaci\u00f3n al momento de trabajar al estar en contacto con la tierra y ver el proceso de crecimiento de la planta, adem\u00e1s de ser un lugar de investigaci\u00f3n\u201d. Se realizaron dos mini ferias demostrativas con productos cosechados en nuestro huerto, adem\u00e1s se destaca la participaci\u00f3n de apoderados en estas actividades, agreg\u00f3 la profesora.<br \/>\nAsimismo, existe un sistema de cultivo de compostaje por medio de la lombricultura, lo que contribuye a abonar la tierra con material org\u00e1nico, instancia en la cual cada curso participa semanalmente.<br \/>\nChristopher, estudiante de 3\u00baA, dijo que \u201cme encanta ir al huerto, antes me portaba mal, molestaba en clases no cumpl\u00eda con mis actividades, pero ahora soy el primero para poder participar en plantar, regar, desmalezar y usar las palas grandes\u201d argumenta el alumno.<\/p>\n","protected":false},"excerpt":{"rendered":"<p>LOS ANDES.- Con el fin de proteger el Medio Ambiente y promover la participaci\u00f3n de la comunidad estudiantil por medio del cultivo de vegetales, la Escuela B\u00e1sica Rep\u00fablica del Brasil de la&#8230;<\/p>\n","protected":false},"author":482,"featured_media":65347,"comment_status":"open","ping_status":"open","sticky":false,"template":"","format":"standard","meta":{"advanced_seo_description":"","jetpack_seo_html_title":"","jetpack_seo_noindex":false,"_jetpack_memberships_contains_paid_content":false,"footnotes":""},"categories":[15],"tags":[],"class_list":["post-65346","post","type-post","status-publish","format-standard","has-post-thumbnail","hentry","category-comunidad"],"jetpack_featured_media_url":"https:\/\/i0.wp.com\/eltrabajo.cl\/portal\/wp-content\/uploads\/2015\/12\/Huerto-Esc-Republica-de-Brasil-4.jpg?fit=530%2C348&ssl=1","jetpack_sharing_enabled":true,"jetpack_likes_enabled":true,"jetpack-related-posts":[],"_links":{"self":[{"href":"https:\/\/eltrabajo.cl\/portal\/wp-json\/wp\/v2\/posts\/65346","targetHints":{"allow":["GET"]}}],"collection":[{"href":"https:\/\/eltrabajo.cl\/portal\/wp-json\/wp\/v2\/posts"}],"about":[{"href":"https:\/\/eltrabajo.cl\/portal\/wp-json\/wp\/v2\/types\/post"}],"author":[{"embeddable":true,"href":"https:\/\/eltrabajo.cl\/portal\/wp-json\/wp\/v2\/users\/482"}],"replies":[{"embeddable":true,"href":"https:\/\/eltrabajo.cl\/portal\/wp-json\/wp\/v2\/comments?post=65346"}],"version-history":[{"count":0,"href":"https:\/\/eltrabajo.cl\/portal\/wp-json\/wp\/v2\/posts\/65346\/revisions"}],"wp:featuredmedia":[{"embeddable":true,"href":"https:\/\/eltrabajo.cl\/portal\/wp-json\/wp\/v2\/media\/65347"}],"wp:attachment":[{"href":"https:\/\/eltrabajo.cl\/portal\/wp-json\/wp\/v2\/media?parent=65346"}],"wp:term":[{"taxonomy":"category","embeddable":true,"href":"https:\/\/eltrabajo.cl\/portal\/wp-json\/wp\/v2\/categories?post=65346"},{"taxonomy":"post_tag","embeddable":true,"href":"https:\/\/eltrabajo.cl\/portal\/wp-json\/wp\/v2\/tags?post=65346"}],"curies":[{"name":"wp","href":"https:\/\/api.w.org\/{rel}","templated":true}]}}