{"id":65349,"date":"2015-12-31T15:02:01","date_gmt":"2015-12-31T18:02:01","guid":{"rendered":"http:\/\/www.eltrabajo.cl\/portal\/?p=65349"},"modified":"2015-12-31T15:02:01","modified_gmt":"2015-12-31T18:02:01","slug":"vegetacion-origina-serio-peligro-para-automovilistas-en-carretera-putaendo-san-felipe","status":"publish","type":"post","link":"https:\/\/eltrabajo.cl\/portal\/vegetacion-origina-serio-peligro-para-automovilistas-en-carretera-putaendo-san-felipe\/","title":{"rendered":"Vegetaci\u00f3n origina serio peligro para automovilistas en carretera Putaendo-San Felipe"},"content":{"rendered":"<figure id=\"attachment_65350\" aria-describedby=\"caption-attachment-65350\" style=\"width: 300px\" class=\"wp-caption alignleft\"><img data-recalc-dims=\"1\" loading=\"lazy\" decoding=\"async\" class=\"wp-image-65350 size-medium\" src=\"https:\/\/i0.wp.com\/www.eltrabajo.cl\/portal\/wp-content\/uploads\/2015\/12\/Crecimiento-de-vegetacion-300x197.jpg?resize=300%2C197\" alt=\"La vegetaci\u00f3n incluso ha cubierto las bermas de la calle, llegando casi hasta la calzada.\" width=\"300\" height=\"197\" srcset=\"https:\/\/i0.wp.com\/eltrabajo.cl\/portal\/wp-content\/uploads\/2015\/12\/Crecimiento-de-vegetacion.jpg?resize=300%2C197&amp;ssl=1 300w, https:\/\/i0.wp.com\/eltrabajo.cl\/portal\/wp-content\/uploads\/2015\/12\/Crecimiento-de-vegetacion.jpg?resize=200%2C131&amp;ssl=1 200w, https:\/\/i0.wp.com\/eltrabajo.cl\/portal\/wp-content\/uploads\/2015\/12\/Crecimiento-de-vegetacion.jpg?resize=228%2C150&amp;ssl=1 228w, https:\/\/i0.wp.com\/eltrabajo.cl\/portal\/wp-content\/uploads\/2015\/12\/Crecimiento-de-vegetacion.jpg?resize=400%2C263&amp;ssl=1 400w, https:\/\/i0.wp.com\/eltrabajo.cl\/portal\/wp-content\/uploads\/2015\/12\/Crecimiento-de-vegetacion.jpg?w=530&amp;ssl=1 530w\" sizes=\"auto, (max-width: 300px) 100vw, 300px\" \/><figcaption id=\"caption-attachment-65350\" class=\"wp-caption-text\">La vegetaci\u00f3n incluso ha cubierto las bermas de la calle, llegando casi hasta la calzada.<\/figcaption><\/figure>\n<p><strong>PUTAENDO.-<\/strong>Un serio peligro para los conductores que deben ingresar a la carretera que une Putaendo con San Felipe est\u00e1 ocasionando la mala mantenci\u00f3n y limpieza que por ley debe realizar Vialidad en todos los caminos del pa\u00eds.<br \/>\nVarias denuncias recibi\u00f3 nuestro medio durante los \u00faltimos d\u00edas de automovilistas que deben ingresar a la carretera desde la Calle Brasil, los que se enfrentan a una muy mala visibilidad producto de la gran cantidad de vegetaci\u00f3n que literalmente ha cubierto las estrechas bermas, e incluso y tal como lo demuestran nuestras fotograf\u00edas, ya cubre parte de la calzada.<br \/>\nBasta recorrer la ruta entre los sectores de Las Tunas y calle Eduardo Wegener a la entrada de Putaendo y es posible apreciar que efectivamente ya no hay berma y los arbustos han crecido considerablemente y en algunos casos ya han cubierto la l\u00ednea blanca que demarca el camino, dejando en evidencia que las mantenciones que por ley debiese realizar validad no se han realizado hace bastante tiempo.<br \/>\n<strong>Patricio Gallardo M.<\/strong><\/p>\n","protected":false},"excerpt":{"rendered":"<p>PUTAENDO.-Un serio peligro para los conductores que deben ingresar a la carretera que une Putaendo con San Felipe est\u00e1 ocasionando la mala mantenci\u00f3n y limpieza que por ley debe realizar Vialidad en&#8230;<\/p>\n","protected":false},"author":482,"featured_media":65350,"comment_status":"open","ping_status":"open","sticky":false,"template":"","format":"standard","meta":{"advanced_seo_description":"","jetpack_seo_html_title":"","jetpack_seo_noindex":false,"_jetpack_memberships_contains_paid_content":false,"footnotes":""},"categories":[15],"tags":[],"class_list":["post-65349","post","type-post","status-publish","format-standard","has-post-thumbnail","hentry","category-comunidad"],"jetpack_featured_media_url":"https:\/\/i0.wp.com\/eltrabajo.cl\/portal\/wp-content\/uploads\/2015\/12\/Crecimiento-de-vegetacion.jpg?fit=530%2C348&ssl=1","jetpack_sharing_enabled":true,"jetpack_likes_enabled":true,"jetpack-related-posts":[],"_links":{"self":[{"href":"https:\/\/eltrabajo.cl\/portal\/wp-json\/wp\/v2\/posts\/65349","targetHints":{"allow":["GET"]}}],"collection":[{"href":"https:\/\/eltrabajo.cl\/portal\/wp-json\/wp\/v2\/posts"}],"about":[{"href":"https:\/\/eltrabajo.cl\/portal\/wp-json\/wp\/v2\/types\/post"}],"author":[{"embeddable":true,"href":"https:\/\/eltrabajo.cl\/portal\/wp-json\/wp\/v2\/users\/482"}],"replies":[{"embeddable":true,"href":"https:\/\/eltrabajo.cl\/portal\/wp-json\/wp\/v2\/comments?post=65349"}],"version-history":[{"count":0,"href":"https:\/\/eltrabajo.cl\/portal\/wp-json\/wp\/v2\/posts\/65349\/revisions"}],"wp:featuredmedia":[{"embeddable":true,"href":"https:\/\/eltrabajo.cl\/portal\/wp-json\/wp\/v2\/media\/65350"}],"wp:attachment":[{"href":"https:\/\/eltrabajo.cl\/portal\/wp-json\/wp\/v2\/media?parent=65349"}],"wp:term":[{"taxonomy":"category","embeddable":true,"href":"https:\/\/eltrabajo.cl\/portal\/wp-json\/wp\/v2\/categories?post=65349"},{"taxonomy":"post_tag","embeddable":true,"href":"https:\/\/eltrabajo.cl\/portal\/wp-json\/wp\/v2\/tags?post=65349"}],"curies":[{"name":"wp","href":"https:\/\/api.w.org\/{rel}","templated":true}]}}