{"id":65352,"date":"2015-12-31T15:04:11","date_gmt":"2015-12-31T18:04:11","guid":{"rendered":"http:\/\/www.eltrabajo.cl\/portal\/?p=65352"},"modified":"2015-12-31T15:04:11","modified_gmt":"2015-12-31T18:04:11","slug":"estricto-control-policial-durante-las-fiestas-de-fin-de-ano","status":"publish","type":"post","link":"https:\/\/eltrabajo.cl\/portal\/estricto-control-policial-durante-las-fiestas-de-fin-de-ano\/","title":{"rendered":"Estricto control policial durante las fiestas de fin de a\u00f1o"},"content":{"rendered":"<figure id=\"attachment_65353\" aria-describedby=\"caption-attachment-65353\" style=\"width: 300px\" class=\"wp-caption alignleft\"><img data-recalc-dims=\"1\" loading=\"lazy\" decoding=\"async\" class=\"wp-image-65353 size-medium\" src=\"https:\/\/i0.wp.com\/www.eltrabajo.cl\/portal\/wp-content\/uploads\/2015\/12\/FOTO-1-Mayor-Maureen-Espinoza-300x198.jpg?resize=300%2C198\" alt=\"Mayor Maureen Espinoza, jefe de la Segunda Comisaria de Carabineros de San Felipe.\" width=\"300\" height=\"198\" srcset=\"https:\/\/i0.wp.com\/eltrabajo.cl\/portal\/wp-content\/uploads\/2015\/12\/FOTO-1-Mayor-Maureen-Espinoza.jpg?resize=300%2C198&amp;ssl=1 300w, https:\/\/i0.wp.com\/eltrabajo.cl\/portal\/wp-content\/uploads\/2015\/12\/FOTO-1-Mayor-Maureen-Espinoza.jpg?resize=200%2C132&amp;ssl=1 200w, https:\/\/i0.wp.com\/eltrabajo.cl\/portal\/wp-content\/uploads\/2015\/12\/FOTO-1-Mayor-Maureen-Espinoza.jpg?resize=228%2C150&amp;ssl=1 228w, https:\/\/i0.wp.com\/eltrabajo.cl\/portal\/wp-content\/uploads\/2015\/12\/FOTO-1-Mayor-Maureen-Espinoza.jpg?resize=400%2C263&amp;ssl=1 400w, https:\/\/i0.wp.com\/eltrabajo.cl\/portal\/wp-content\/uploads\/2015\/12\/FOTO-1-Mayor-Maureen-Espinoza.jpg?w=530&amp;ssl=1 530w\" sizes=\"auto, (max-width: 300px) 100vw, 300px\" \/><figcaption id=\"caption-attachment-65353\" class=\"wp-caption-text\">Mayor Maureen Espinoza, jefe de la Segunda Comisaria de Carabineros de San Felipe.<\/figcaption><\/figure>\n<ul>\n<li><strong>El consejo apunta a recordar que el consumo de alcohol y la conducci\u00f3n no son compatibles, a que los pasajeros de los veh\u00edculos sean rigurosos con quienes los trasladan y a que los padres est\u00e9n pendientes del lugar, estado y compa\u00f1\u00eda en que est\u00e1n sus hijos.<\/strong><\/li>\n<\/ul>\n<p>La jefe de la Segunda Comisaria de Carabineros de San Felipe, Mayor Maureen Espinoza, hizo un llamado especial a recibir el nuevo a\u00f1o de la forma m\u00e1s controlada y responsable posible, sobre todo a aquellas personas que deben conducir durante la noche de hoy y las primeras horas del 2016.<br \/>\nLa oficial de Carabineros asegur\u00f3 que se ha implementado una serie de servicios preventivos, con la finalidad de evitar accidentes de tr\u00e1nsito y tambi\u00e9n hurtos en lugares con grandes aglomeraciones de personas. Sin embargo, Espinoza extendi\u00f3 el llamado no s\u00f3lo a los conductores sino tambi\u00e9n a los acompa\u00f1antes de los conductores, argumentando que \u201clos pasajeros tambi\u00e9n son actores pasivos de aqu\u00e9l chofer que maneja bajo la influencia del alcohol, a sabiendas de que est\u00e1 poniendo en riesgo no s\u00f3lo su vida, sino la de otras personas que tambi\u00e9n ocupan las v\u00edas\u201d, expres\u00f3.<br \/>\nAdem\u00e1s de lo anterior, Espinoza se refiri\u00f3 a la responsabilidad que tambi\u00e9n deben asumir otros actores importantes de las calles sanfelipe\u00f1as y mencion\u00f3 que \u201clos accidentes de tr\u00e1nsito no son s\u00f3lo provocados por conductores ebrios, sino tambi\u00e9n por peatones, ciclistas y gente que se desplaza en caballos y que tambi\u00e9n ocasiona grandes accidentes de tr\u00e1nsito por estar bajo la influencia del alcohol\u201d.<br \/>\nLa Comisario, aprovech\u00f3 la oportunidad para referirse a las fiestas ilegales denominadas \u2018parcelazos\u2019, que est\u00e1n destinadas principalmente a reunir a menores de edad que no consiguen consumir tragos en lugares establecidos y que encuentran en estos sitios clandestinos, el lugar ideal para embriagarse.<br \/>\nSeg\u00fan Espinoza, en estos casos es muy importante el control parental pues \u201clos padres en todo momento deben saber d\u00f3nde y con qui\u00e9nes est\u00e1n sus hijos y que est\u00e1n haciendo\u201d, apunt\u00f3.<br \/>\nRespecto de los riesgos que corren ni\u00f1os y adolescentes en este tipo de bacanales, Espinoza fue enf\u00e1tica en afirmar que \u201cestas son fiestas ilegales, no poseen ning\u00fan tipo de autorizaci\u00f3n, por eso al ser pesquisadas por Carabineros procede la detenci\u00f3n de los organizadores, como as\u00ed tambi\u00e9n la incautaci\u00f3n de todas las bebidas alcoh\u00f3licas que se encuentren en el lugar\u201d y reiter\u00f3 que \u201clos padres deben tener presente que en esos sitios no existe ning\u00fan tipo de seguridad, no existen ba\u00f1os, no hay personal a cargo de resguardar el evento y normalmente se desarrollan en terrenos o sitios eriazos que no cuentan con implementaci\u00f3n de seguridad, por lo tanto est\u00e1n expuestos a ser v\u00edctimas de hurtos, intoxicaci\u00f3n por alcohol o de alguna agresi\u00f3n sexual\u201d, expuso.<\/p>\n","protected":false},"excerpt":{"rendered":"<p>El consejo apunta a recordar que el consumo de alcohol y la conducci\u00f3n no son compatibles, a que los pasajeros de los veh\u00edculos sean rigurosos con quienes los trasladan y a que&#8230;<\/p>\n","protected":false},"author":482,"featured_media":65353,"comment_status":"open","ping_status":"open","sticky":false,"template":"","format":"standard","meta":{"advanced_seo_description":"","jetpack_seo_html_title":"","jetpack_seo_noindex":false,"_jetpack_memberships_contains_paid_content":false,"footnotes":""},"categories":[1],"tags":[],"class_list":["post-65352","post","type-post","status-publish","format-standard","has-post-thumbnail","hentry","category-cronica"],"jetpack_featured_media_url":"https:\/\/i0.wp.com\/eltrabajo.cl\/portal\/wp-content\/uploads\/2015\/12\/FOTO-1-Mayor-Maureen-Espinoza.jpg?fit=530%2C349&ssl=1","jetpack_sharing_enabled":true,"jetpack_likes_enabled":true,"jetpack-related-posts":[],"_links":{"self":[{"href":"https:\/\/eltrabajo.cl\/portal\/wp-json\/wp\/v2\/posts\/65352","targetHints":{"allow":["GET"]}}],"collection":[{"href":"https:\/\/eltrabajo.cl\/portal\/wp-json\/wp\/v2\/posts"}],"about":[{"href":"https:\/\/eltrabajo.cl\/portal\/wp-json\/wp\/v2\/types\/post"}],"author":[{"embeddable":true,"href":"https:\/\/eltrabajo.cl\/portal\/wp-json\/wp\/v2\/users\/482"}],"replies":[{"embeddable":true,"href":"https:\/\/eltrabajo.cl\/portal\/wp-json\/wp\/v2\/comments?post=65352"}],"version-history":[{"count":0,"href":"https:\/\/eltrabajo.cl\/portal\/wp-json\/wp\/v2\/posts\/65352\/revisions"}],"wp:featuredmedia":[{"embeddable":true,"href":"https:\/\/eltrabajo.cl\/portal\/wp-json\/wp\/v2\/media\/65353"}],"wp:attachment":[{"href":"https:\/\/eltrabajo.cl\/portal\/wp-json\/wp\/v2\/media?parent=65352"}],"wp:term":[{"taxonomy":"category","embeddable":true,"href":"https:\/\/eltrabajo.cl\/portal\/wp-json\/wp\/v2\/categories?post=65352"},{"taxonomy":"post_tag","embeddable":true,"href":"https:\/\/eltrabajo.cl\/portal\/wp-json\/wp\/v2\/tags?post=65352"}],"curies":[{"name":"wp","href":"https:\/\/api.w.org\/{rel}","templated":true}]}}