{"id":65355,"date":"2015-12-31T15:06:07","date_gmt":"2015-12-31T18:06:07","guid":{"rendered":"http:\/\/www.eltrabajo.cl\/portal\/?p=65355"},"modified":"2015-12-31T15:06:07","modified_gmt":"2015-12-31T18:06:07","slug":"presentan-nuevos-recursos-y-denuncias-contra-empresa-andes-cooper","status":"publish","type":"post","link":"https:\/\/eltrabajo.cl\/portal\/presentan-nuevos-recursos-y-denuncias-contra-empresa-andes-cooper\/","title":{"rendered":"Presentan nuevos recursos y denuncias contra empresa Andes Cooper"},"content":{"rendered":"<figure id=\"attachment_65356\" aria-describedby=\"caption-attachment-65356\" style=\"width: 300px\" class=\"wp-caption alignleft\"><img data-recalc-dims=\"1\" loading=\"lazy\" decoding=\"async\" class=\"wp-image-65356 size-medium\" src=\"https:\/\/i0.wp.com\/www.eltrabajo.cl\/portal\/wp-content\/uploads\/2015\/12\/MIGUEL-VEGA-300x198.jpg?resize=300%2C198\" alt=\"Miguel Vega, presidente de la Junta de Vigilancia del R\u00edo Putaendo.\" width=\"300\" height=\"198\" srcset=\"https:\/\/i0.wp.com\/eltrabajo.cl\/portal\/wp-content\/uploads\/2015\/12\/MIGUEL-VEGA.jpg?resize=300%2C198&amp;ssl=1 300w, https:\/\/i0.wp.com\/eltrabajo.cl\/portal\/wp-content\/uploads\/2015\/12\/MIGUEL-VEGA.jpg?resize=200%2C132&amp;ssl=1 200w, https:\/\/i0.wp.com\/eltrabajo.cl\/portal\/wp-content\/uploads\/2015\/12\/MIGUEL-VEGA.jpg?resize=228%2C150&amp;ssl=1 228w, https:\/\/i0.wp.com\/eltrabajo.cl\/portal\/wp-content\/uploads\/2015\/12\/MIGUEL-VEGA.jpg?resize=400%2C263&amp;ssl=1 400w, https:\/\/i0.wp.com\/eltrabajo.cl\/portal\/wp-content\/uploads\/2015\/12\/MIGUEL-VEGA.jpg?w=530&amp;ssl=1 530w\" sizes=\"auto, (max-width: 300px) 100vw, 300px\" \/><figcaption id=\"caption-attachment-65356\" class=\"wp-caption-text\">Miguel Vega, presidente de la Junta de Vigilancia del R\u00edo Putaendo.<\/figcaption><\/figure>\n<ul>\n<li><strong>Ante la Justicia y ante la DGA. Adem\u00e1s anuncian construcci\u00f3n de diques para recuperar napas subterr\u00e1neas<\/strong><\/li>\n<\/ul>\n<p><strong>PUTAENDO<\/strong>.- El presidente de la Junta de Vigilancia del R\u00edo Putaendo, Miguel Vega Berr\u00edos, manifest\u00f3 que fue ingresada una denuncia ante la Direcci\u00f3n General de Aguas en Santiago, solicitando la paralizaci\u00f3n de las faenas en forma inmediata que la empresa Canadiense Andes Cooper est\u00e1 desarrollando al interior del R\u00edo Roc\u00edn y adem\u00e1s el retiro de maquinarias de uso mayor que la empresa minera mantiene en R\u00edo Roc\u00edn, sector Junta de Los R\u00edos y Las Tejas.<br \/>\nEn entrevista con nuestro medio, Miguel Vega agreg\u00f3 que el reclamo fue presentado este martes en Santiago y espera que \u00e9ste pueda ser derivado a nivel regional y analizado a la brevedad por la DGA, ya que las alteraciones que ha sufrido el r\u00edo Roc\u00edn en el sector donde se emplazan las prospecciones son muy graves y continuas, por lo que esperan que la DGA realice una exhaustiva fiscalizaci\u00f3n y ordene la paralizaci\u00f3n inmediata de todo tipo de prospecciones.<\/p>\n<p><strong>NUEVO RECURSO JUDICIAL ANTE <\/strong><br \/>\n<strong>CORTE DE APELACIONES DE VALPARA\u00cdSO<\/strong><br \/>\nMiguel Vega sostuvo adem\u00e1s que el directorio va a presentar un nuevo recurso de protecci\u00f3n ante la Corte de Apelaciones de Valpara\u00edso dentro de la pr\u00f3xima semana, para lo cual ya est\u00e1n siendo asesorados por el estudio de los consultores abogados Cubillos Evans, con la finalidad de presentar un recurso contundente que tambi\u00e9n mediante la v\u00eda legal permita terminar con los trabajos de Andes Cooper al interior de Los Patos.<\/p>\n<p><strong>CONSTRUIR\u00c1N DIQUES PARA <\/strong><br \/>\n<strong>RECUPERAR NAPAS SUBTERR\u00c1NEAS<\/strong><br \/>\nVega entreg\u00f3 otra muy buena noticia para los agricultores de la comuna de Putaendo, pues dijo que tras lograr un acuerdo con la Direcci\u00f3n de Obras Hidr\u00e1ulica (DOH), la Junta de Vigilancia del R\u00edo Putaendo iniciar\u00e1 las obras de recarga artificial de los pozos existentes con el prop\u00f3sito de obtener reservas de aguas subterr\u00e1neas, con el fin de recuperar las napas.<br \/>\nLo anterior se traducir\u00e1 en m\u00e1s de 100 horas de trabajo de maquinaria pesada que construir\u00e1 diques e infiltrar\u00e1 el agua del cauce del r\u00edo, lo que significar\u00e1 una merma en su caudal, pero un tremendo beneficio para poder recuperar las napas que producto de la gran sequ\u00eda incluso desaparecieron.<br \/>\nLos Trabajos se desarrollar\u00e1n entre Casa Blanca y El T\u00e1rtaro y comenzar\u00e1n durante la pr\u00f3xima semana, ya que la maquinaria pesada debiese haber llegado durante este mi\u00e9rcoles.<br \/>\nFinalmente Miguel Vega manifest\u00f3 que en la reuni\u00f3n efectuada en Santiago tambi\u00e9n fue tratado el tema de la regularizaci\u00f3n de derechos de agua que est\u00e1 entrampado desde el a\u00f1o 2008, el que se debiera formalizar finalmente el d\u00eda 14 de enero pr\u00f3ximo en la ciudad de Quillota.<br \/>\n<strong>Patricio Gallardo M.<\/strong><\/p>\n","protected":false},"excerpt":{"rendered":"<p>Ante la Justicia y ante la DGA. Adem\u00e1s anuncian construcci\u00f3n de diques para recuperar napas subterr\u00e1neas PUTAENDO.- El presidente de la Junta de Vigilancia del R\u00edo Putaendo, Miguel Vega Berr\u00edos, manifest\u00f3 que&#8230;<\/p>\n","protected":false},"author":482,"featured_media":65356,"comment_status":"open","ping_status":"open","sticky":false,"template":"","format":"standard","meta":{"advanced_seo_description":"","jetpack_seo_html_title":"","jetpack_seo_noindex":false,"_jetpack_memberships_contains_paid_content":false,"footnotes":""},"categories":[1],"tags":[],"class_list":["post-65355","post","type-post","status-publish","format-standard","has-post-thumbnail","hentry","category-cronica"],"jetpack_featured_media_url":"https:\/\/i0.wp.com\/eltrabajo.cl\/portal\/wp-content\/uploads\/2015\/12\/MIGUEL-VEGA.jpg?fit=530%2C349&ssl=1","jetpack_sharing_enabled":true,"jetpack_likes_enabled":true,"jetpack-related-posts":[],"_links":{"self":[{"href":"https:\/\/eltrabajo.cl\/portal\/wp-json\/wp\/v2\/posts\/65355","targetHints":{"allow":["GET"]}}],"collection":[{"href":"https:\/\/eltrabajo.cl\/portal\/wp-json\/wp\/v2\/posts"}],"about":[{"href":"https:\/\/eltrabajo.cl\/portal\/wp-json\/wp\/v2\/types\/post"}],"author":[{"embeddable":true,"href":"https:\/\/eltrabajo.cl\/portal\/wp-json\/wp\/v2\/users\/482"}],"replies":[{"embeddable":true,"href":"https:\/\/eltrabajo.cl\/portal\/wp-json\/wp\/v2\/comments?post=65355"}],"version-history":[{"count":0,"href":"https:\/\/eltrabajo.cl\/portal\/wp-json\/wp\/v2\/posts\/65355\/revisions"}],"wp:featuredmedia":[{"embeddable":true,"href":"https:\/\/eltrabajo.cl\/portal\/wp-json\/wp\/v2\/media\/65356"}],"wp:attachment":[{"href":"https:\/\/eltrabajo.cl\/portal\/wp-json\/wp\/v2\/media?parent=65355"}],"wp:term":[{"taxonomy":"category","embeddable":true,"href":"https:\/\/eltrabajo.cl\/portal\/wp-json\/wp\/v2\/categories?post=65355"},{"taxonomy":"post_tag","embeddable":true,"href":"https:\/\/eltrabajo.cl\/portal\/wp-json\/wp\/v2\/tags?post=65355"}],"curies":[{"name":"wp","href":"https:\/\/api.w.org\/{rel}","templated":true}]}}