{"id":65358,"date":"2015-12-31T15:08:03","date_gmt":"2015-12-31T18:08:03","guid":{"rendered":"http:\/\/www.eltrabajo.cl\/portal\/?p=65358"},"modified":"2015-12-31T15:08:03","modified_gmt":"2015-12-31T18:08:03","slug":"este-domingo-realizaran-nuevo-operativo-gratuito-de-esterilizacion-de-mascotas-en-pob-alonso-de-ercilla","status":"publish","type":"post","link":"https:\/\/eltrabajo.cl\/portal\/este-domingo-realizaran-nuevo-operativo-gratuito-de-esterilizacion-de-mascotas-en-pob-alonso-de-ercilla\/","title":{"rendered":"Este domingo realizar\u00e1n nuevo operativo gratuito de esterilizaci\u00f3n de mascotas en Pob. Alonso de Ercilla"},"content":{"rendered":"<figure id=\"attachment_65359\" aria-describedby=\"caption-attachment-65359\" style=\"width: 300px\" class=\"wp-caption alignleft\"><img data-recalc-dims=\"1\" loading=\"lazy\" decoding=\"async\" class=\"wp-image-65359 size-medium\" src=\"https:\/\/i0.wp.com\/www.eltrabajo.cl\/portal\/wp-content\/uploads\/2015\/12\/esterilizacion-Los-Andes-300x197.jpg?resize=300%2C197\" alt=\"Este domingo 3 de enero se realizar\u00e1 el \u00faltimo operativo de esterilizaci\u00f3n gratuita de mascotas en la sede de la poblaci\u00f3n Alonso de Ercilla.\" width=\"300\" height=\"197\" srcset=\"https:\/\/i0.wp.com\/eltrabajo.cl\/portal\/wp-content\/uploads\/2015\/12\/esterilizacion-Los-Andes.jpg?resize=300%2C197&amp;ssl=1 300w, https:\/\/i0.wp.com\/eltrabajo.cl\/portal\/wp-content\/uploads\/2015\/12\/esterilizacion-Los-Andes.jpg?resize=200%2C131&amp;ssl=1 200w, https:\/\/i0.wp.com\/eltrabajo.cl\/portal\/wp-content\/uploads\/2015\/12\/esterilizacion-Los-Andes.jpg?resize=228%2C150&amp;ssl=1 228w, https:\/\/i0.wp.com\/eltrabajo.cl\/portal\/wp-content\/uploads\/2015\/12\/esterilizacion-Los-Andes.jpg?resize=400%2C263&amp;ssl=1 400w, https:\/\/i0.wp.com\/eltrabajo.cl\/portal\/wp-content\/uploads\/2015\/12\/esterilizacion-Los-Andes.jpg?w=530&amp;ssl=1 530w\" sizes=\"auto, (max-width: 300px) 100vw, 300px\" \/><figcaption id=\"caption-attachment-65359\" class=\"wp-caption-text\">Este domingo 3 de enero se realizar\u00e1 el \u00faltimo operativo de esterilizaci\u00f3n gratuita de mascotas en la sede de la poblaci\u00f3n Alonso de Ercilla.<\/figcaption><\/figure>\n<ul>\n<li><strong>Este operativo ser\u00e1 el \u00faltimo que se realizar\u00e1 durante esta etapa del programa Tenencia Responsable<\/strong><\/li>\n<\/ul>\n<p><strong>LOS ANDES.<\/strong>&#8211; Un nuevo operativo de esterilizaci\u00f3n gratuita de perros y gatos realizar\u00e1 este domingo 3 de enero el municipio andino, en el marco del Programa Tenencia Responsable de Mascotas, iniciativa desarrollada con el apoyo del Gobierno de Chile, a trav\u00e9s de la Subsecretar\u00eda de Desarrollo Regional.<br \/>\nLa actividad se realizar\u00e1 en la sede de la poblaci\u00f3n Alonso de Ercilla, a partir de las 9 de la ma\u00f1ana, con atenci\u00f3n a personas inscritas y no inscritas en el programa, de cualquier sector de la comuna. Seg\u00fan inform\u00f3 Pamela Ulloa, profesional de la Direcci\u00f3n Municipal de Medioambiente, durante la jornada el equipo veterinario realizar\u00e1 hasta un m\u00e1ximo de 60 intervenciones, con atenci\u00f3n por orden de llegada.<br \/>\nLas esterilizaciones son completamente gratuitas y est\u00e1n dirigidas a perros y gatos, tanto hembras como machos, desde los cuatro meses hasta los ocho a\u00f1os de edad. Los animales deben estar sanos y previamente el equipo m\u00e9dico evaluar\u00e1 si re\u00fanen las condiciones para la intervenci\u00f3n quir\u00fargica.<br \/>\nEste operativo ser\u00e1 el \u00faltimo que se realizar\u00e1 durante esta etapa del programa Tenencia Responsable, por lo que se enfatiz\u00f3 en el llamado a aprovechar la oportunidad que ofrece el municipio andino. El plan ya permiti\u00f3 esterilizar cerca de mil mascotas, en operativos realizados en distintos sectores de la comuna, donde tambi\u00e9n han participado activamente agrupaciones locales de protecci\u00f3n animal.<\/p>\n","protected":false},"excerpt":{"rendered":"<p>Este operativo ser\u00e1 el \u00faltimo que se realizar\u00e1 durante esta etapa del programa Tenencia Responsable LOS ANDES.&#8211; Un nuevo operativo de esterilizaci\u00f3n gratuita de perros y gatos realizar\u00e1 este domingo 3 de&#8230;<\/p>\n","protected":false},"author":482,"featured_media":65359,"comment_status":"open","ping_status":"open","sticky":false,"template":"","format":"standard","meta":{"advanced_seo_description":"","jetpack_seo_html_title":"","jetpack_seo_noindex":false,"_jetpack_memberships_contains_paid_content":false,"footnotes":""},"categories":[15],"tags":[],"class_list":["post-65358","post","type-post","status-publish","format-standard","has-post-thumbnail","hentry","category-comunidad"],"jetpack_featured_media_url":"https:\/\/i0.wp.com\/eltrabajo.cl\/portal\/wp-content\/uploads\/2015\/12\/esterilizacion-Los-Andes.jpg?fit=530%2C348&ssl=1","jetpack_sharing_enabled":true,"jetpack_likes_enabled":true,"jetpack-related-posts":[],"_links":{"self":[{"href":"https:\/\/eltrabajo.cl\/portal\/wp-json\/wp\/v2\/posts\/65358","targetHints":{"allow":["GET"]}}],"collection":[{"href":"https:\/\/eltrabajo.cl\/portal\/wp-json\/wp\/v2\/posts"}],"about":[{"href":"https:\/\/eltrabajo.cl\/portal\/wp-json\/wp\/v2\/types\/post"}],"author":[{"embeddable":true,"href":"https:\/\/eltrabajo.cl\/portal\/wp-json\/wp\/v2\/users\/482"}],"replies":[{"embeddable":true,"href":"https:\/\/eltrabajo.cl\/portal\/wp-json\/wp\/v2\/comments?post=65358"}],"version-history":[{"count":0,"href":"https:\/\/eltrabajo.cl\/portal\/wp-json\/wp\/v2\/posts\/65358\/revisions"}],"wp:featuredmedia":[{"embeddable":true,"href":"https:\/\/eltrabajo.cl\/portal\/wp-json\/wp\/v2\/media\/65359"}],"wp:attachment":[{"href":"https:\/\/eltrabajo.cl\/portal\/wp-json\/wp\/v2\/media?parent=65358"}],"wp:term":[{"taxonomy":"category","embeddable":true,"href":"https:\/\/eltrabajo.cl\/portal\/wp-json\/wp\/v2\/categories?post=65358"},{"taxonomy":"post_tag","embeddable":true,"href":"https:\/\/eltrabajo.cl\/portal\/wp-json\/wp\/v2\/tags?post=65358"}],"curies":[{"name":"wp","href":"https:\/\/api.w.org\/{rel}","templated":true}]}}