{"id":65361,"date":"2015-12-31T15:09:28","date_gmt":"2015-12-31T18:09:28","guid":{"rendered":"http:\/\/www.eltrabajo.cl\/portal\/?p=65361"},"modified":"2015-12-31T15:09:28","modified_gmt":"2015-12-31T18:09:28","slug":"agrupaciones-sociales-fueron-beneficiadas-con-fondo-social-presidente-de-la-republica","status":"publish","type":"post","link":"https:\/\/eltrabajo.cl\/portal\/agrupaciones-sociales-fueron-beneficiadas-con-fondo-social-presidente-de-la-republica\/","title":{"rendered":"Agrupaciones sociales fueron beneficiadas con Fondo Social Presidente de la Rep\u00fablica"},"content":{"rendered":"<figure id=\"attachment_65362\" aria-describedby=\"caption-attachment-65362\" style=\"width: 300px\" class=\"wp-caption alignleft\"><img data-recalc-dims=\"1\" loading=\"lazy\" decoding=\"async\" class=\"wp-image-65362 size-medium\" src=\"https:\/\/i0.wp.com\/www.eltrabajo.cl\/portal\/wp-content\/uploads\/2015\/12\/FOTO-Fondo-social-presidente-de-la-republica-300x198.jpg?resize=300%2C198\" alt=\"Agrupaciones de Putaendo fueron beneficiadas por el Fondo Social Presidente de la Rep\u00fablica.\" width=\"300\" height=\"198\" srcset=\"https:\/\/i0.wp.com\/eltrabajo.cl\/portal\/wp-content\/uploads\/2015\/12\/FOTO-Fondo-social-presidente-de-la-republica.jpg?resize=300%2C198&amp;ssl=1 300w, https:\/\/i0.wp.com\/eltrabajo.cl\/portal\/wp-content\/uploads\/2015\/12\/FOTO-Fondo-social-presidente-de-la-republica.jpg?resize=200%2C132&amp;ssl=1 200w, https:\/\/i0.wp.com\/eltrabajo.cl\/portal\/wp-content\/uploads\/2015\/12\/FOTO-Fondo-social-presidente-de-la-republica.jpg?resize=227%2C150&amp;ssl=1 227w, https:\/\/i0.wp.com\/eltrabajo.cl\/portal\/wp-content\/uploads\/2015\/12\/FOTO-Fondo-social-presidente-de-la-republica.jpg?resize=400%2C264&amp;ssl=1 400w, https:\/\/i0.wp.com\/eltrabajo.cl\/portal\/wp-content\/uploads\/2015\/12\/FOTO-Fondo-social-presidente-de-la-republica.jpg?w=530&amp;ssl=1 530w\" sizes=\"auto, (max-width: 300px) 100vw, 300px\" \/><figcaption id=\"caption-attachment-65362\" class=\"wp-caption-text\">Agrupaciones de Putaendo fueron beneficiadas por el Fondo Social Presidente de la Rep\u00fablica.<\/figcaption><\/figure>\n<ul>\n<li><strong>6 agrupaciones de Putaendo y Llay Llay recibieron estos recursos que permitir\u00e1n mejorar la infraestructura y adquirir nuevos equipamientos.<\/strong><\/li>\n<\/ul>\n<p>3 agrupaciones de Llay Llay y 3 de Putaendo fueron beneficiadas con el Fondo Social Presidente de la Rep\u00fablica, que tiene como objetivo financiar proyectos e iniciativas de car\u00e1cter social, que contribuyan a apoyar y complementar las pol\u00edticas de inversi\u00f3n social del Gobierno.<br \/>\nEste fondo permite mejorar la calidad de vida de la poblaci\u00f3n y tambi\u00e9n prevenir y mitigar las condiciones de vulnerabilidad que les afectan.<br \/>\nEl gobernador Eduardo Le\u00f3n junto a los alcaldes de ambas comunas, entregaron los cheques a las organizaciones para adquirir equipamiento e infraestructuras a la cual postularon.<br \/>\nEn Llay Llay, quienes se adjudicaron estos recursos fueron: Club Deportivo Enrique Meiggs ($921.080); Junta de Vecinos Leucot\u00f3n ($739.900); Agrupaci\u00f3n Ballet Folcl\u00f3rico Kuska Risun (1.197.975).<br \/>\nEn esta ocasi\u00f3n, Jenny Silva, Directora del Ballet Folcl\u00f3rico Kuska Risun,valor\u00f3 la entrega de este dinero ya que \u201cnuestra agrupaci\u00f3n se financia pr\u00e1cticamente en base a proyectos. Cada vez se nos incorporan m\u00e1s ni\u00f1os, por lo que postulamos a todos los fondos. Estamos agradecidos de la Gobernaci\u00f3n, ya que siempre nos apoyan en nuestras postulaciones\u201d, afirm\u00f3.<br \/>\nEn tanto, en la comuna de Putaendo, las organizaciones que se adjudicaron Fondes 2015 son: Centro de Padres y Apoderados Escuela Especial de Juan Rozas (642.840); Club Deportivo Riverton, Putaendo (528.580); Junta de Vecinos villa Los R\u00edos II Etapa (739.960).<\/p>\n","protected":false},"excerpt":{"rendered":"<p>6 agrupaciones de Putaendo y Llay Llay recibieron estos recursos que permitir\u00e1n mejorar la infraestructura y adquirir nuevos equipamientos. 3 agrupaciones de Llay Llay y 3 de Putaendo fueron beneficiadas con el&#8230;<\/p>\n","protected":false},"author":482,"featured_media":65362,"comment_status":"open","ping_status":"open","sticky":false,"template":"","format":"standard","meta":{"advanced_seo_description":"","jetpack_seo_html_title":"","jetpack_seo_noindex":false,"_jetpack_memberships_contains_paid_content":false,"footnotes":""},"categories":[15],"tags":[],"class_list":["post-65361","post","type-post","status-publish","format-standard","has-post-thumbnail","hentry","category-comunidad"],"jetpack_featured_media_url":"https:\/\/i0.wp.com\/eltrabajo.cl\/portal\/wp-content\/uploads\/2015\/12\/FOTO-Fondo-social-presidente-de-la-republica.jpg?fit=530%2C350&ssl=1","jetpack_sharing_enabled":true,"jetpack_likes_enabled":true,"jetpack-related-posts":[],"_links":{"self":[{"href":"https:\/\/eltrabajo.cl\/portal\/wp-json\/wp\/v2\/posts\/65361","targetHints":{"allow":["GET"]}}],"collection":[{"href":"https:\/\/eltrabajo.cl\/portal\/wp-json\/wp\/v2\/posts"}],"about":[{"href":"https:\/\/eltrabajo.cl\/portal\/wp-json\/wp\/v2\/types\/post"}],"author":[{"embeddable":true,"href":"https:\/\/eltrabajo.cl\/portal\/wp-json\/wp\/v2\/users\/482"}],"replies":[{"embeddable":true,"href":"https:\/\/eltrabajo.cl\/portal\/wp-json\/wp\/v2\/comments?post=65361"}],"version-history":[{"count":0,"href":"https:\/\/eltrabajo.cl\/portal\/wp-json\/wp\/v2\/posts\/65361\/revisions"}],"wp:featuredmedia":[{"embeddable":true,"href":"https:\/\/eltrabajo.cl\/portal\/wp-json\/wp\/v2\/media\/65362"}],"wp:attachment":[{"href":"https:\/\/eltrabajo.cl\/portal\/wp-json\/wp\/v2\/media?parent=65361"}],"wp:term":[{"taxonomy":"category","embeddable":true,"href":"https:\/\/eltrabajo.cl\/portal\/wp-json\/wp\/v2\/categories?post=65361"},{"taxonomy":"post_tag","embeddable":true,"href":"https:\/\/eltrabajo.cl\/portal\/wp-json\/wp\/v2\/tags?post=65361"}],"curies":[{"name":"wp","href":"https:\/\/api.w.org\/{rel}","templated":true}]}}