{"id":65364,"date":"2015-12-31T15:14:49","date_gmt":"2015-12-31T18:14:49","guid":{"rendered":"http:\/\/www.eltrabajo.cl\/portal\/?p=65364"},"modified":"2015-12-31T15:14:49","modified_gmt":"2015-12-31T18:14:49","slug":"teatro-a-mil-elige-el-valle-de-aconcagua-para-continuar-su-proceso-de-descentralizacion","status":"publish","type":"post","link":"https:\/\/eltrabajo.cl\/portal\/teatro-a-mil-elige-el-valle-de-aconcagua-para-continuar-su-proceso-de-descentralizacion\/","title":{"rendered":"Teatro a Mil elige el Valle de Aconcagua para continuar su proceso de descentralizaci\u00f3n"},"content":{"rendered":"<figure id=\"attachment_65369\" aria-describedby=\"caption-attachment-65369\" style=\"width: 300px\" class=\"wp-caption alignleft\"><img data-recalc-dims=\"1\" loading=\"lazy\" decoding=\"async\" class=\"wp-image-65369 size-medium\" src=\"https:\/\/i0.wp.com\/www.eltrabajo.cl\/portal\/wp-content\/uploads\/2015\/12\/FOTO-5-ALCALDE-FREIRE-FIRMAN-CONVENIO-QUE-INSTALA-A-SAN-FELIPE-COMO-UNA-DE-LAS-CAPITALES-DE-FITAM-2016-300x198.jpg?resize=300%2C198\" alt=\"Alcalde Freire firma convenio que instala a San Felipe como una de las capitales de Fitam 2016.\" width=\"300\" height=\"198\" srcset=\"https:\/\/i0.wp.com\/eltrabajo.cl\/portal\/wp-content\/uploads\/2015\/12\/FOTO-5-ALCALDE-FREIRE-FIRMAN-CONVENIO-QUE-INSTALA-A-SAN-FELIPE-COMO-UNA-DE-LAS-CAPITALES-DE-FITAM-2016.jpg?resize=300%2C198&amp;ssl=1 300w, https:\/\/i0.wp.com\/eltrabajo.cl\/portal\/wp-content\/uploads\/2015\/12\/FOTO-5-ALCALDE-FREIRE-FIRMAN-CONVENIO-QUE-INSTALA-A-SAN-FELIPE-COMO-UNA-DE-LAS-CAPITALES-DE-FITAM-2016.jpg?resize=200%2C132&amp;ssl=1 200w, https:\/\/i0.wp.com\/eltrabajo.cl\/portal\/wp-content\/uploads\/2015\/12\/FOTO-5-ALCALDE-FREIRE-FIRMAN-CONVENIO-QUE-INSTALA-A-SAN-FELIPE-COMO-UNA-DE-LAS-CAPITALES-DE-FITAM-2016.jpg?resize=228%2C150&amp;ssl=1 228w, https:\/\/i0.wp.com\/eltrabajo.cl\/portal\/wp-content\/uploads\/2015\/12\/FOTO-5-ALCALDE-FREIRE-FIRMAN-CONVENIO-QUE-INSTALA-A-SAN-FELIPE-COMO-UNA-DE-LAS-CAPITALES-DE-FITAM-2016.jpg?resize=400%2C263&amp;ssl=1 400w, https:\/\/i0.wp.com\/eltrabajo.cl\/portal\/wp-content\/uploads\/2015\/12\/FOTO-5-ALCALDE-FREIRE-FIRMAN-CONVENIO-QUE-INSTALA-A-SAN-FELIPE-COMO-UNA-DE-LAS-CAPITALES-DE-FITAM-2016.jpg?w=530&amp;ssl=1 530w\" sizes=\"auto, (max-width: 300px) 100vw, 300px\" \/><figcaption id=\"caption-attachment-65369\" class=\"wp-caption-text\">Alcalde Freire firma convenio que instala a San Felipe como una de las capitales de Fitam 2016.<\/figcaption><\/figure>\n<p><strong>En San Felipe, ser\u00e1 el Estadio Municipal donde se realice el lanzamiento latinoamericano de la Obra de Shakespeare Romeo y Julieta en la versi\u00f3n de 31 Minutos.<\/strong><\/p>\n<p>Con pasa calles, espect\u00e1culos al aire libre y el estreno latinoamericano de Romeo y Julieta en la versi\u00f3n de 31 Minutos, el pr\u00f3ximo 8 de enero se dar\u00e1 el vamos a una de las actividades culturales de mayor impacto durante el per\u00edodo estival en el Valle de Aconcagua. Se trata de la incursi\u00f3n de la Fundaci\u00f3n Teatro a Mil, Fitam, que por tercer a\u00f1o consecutivo pondr\u00e1 parte de su cartelera a disposici\u00f3n de la ciudad de San Felipe, pero que adem\u00e1s en esta oportunidad sumar\u00e1 presentaciones en las Comunas de Los Andes y Rinconada.<br \/>\nAs\u00ed lo manifest\u00f3 la Directora ejecutiva de la Fitam, Carmen Romero, quien se mostr\u00f3 feliz de poder llevar el arte a otras zonas que no sean la Capital, expresando que \u201cestos son gestos reales de descentralizaci\u00f3n, tambi\u00e9n los estrenos se pueden realizar en lugares que no sean Santiago. La compa\u00f1\u00eda est\u00e1 feliz, los alcaldes est\u00e1n felices y la gente va a estar muy contenta\u201d, asegur\u00f3.<br \/>\nA su vez, Romero se mostr\u00f3 esperanzada en que el Festival pueda ser un motivo de celebraci\u00f3n para todo el Valle, argumentando que \u201cno es s\u00f3lo c\u00f3mo salimos de Santiago, sino c\u00f3mo llegamos a otros lugares que no sean las capitales regionales, a otras ciudades, donde tambi\u00e9n hay gente. Chile es un pa\u00eds extra\u00f1o, maravilloso, pero desconectado muchas veces, y el arte y el teatro nos conectan\u201d, puntualiz\u00f3<br \/>\nRespecto de c\u00f3mo se puede llevar a cabo una actividad de semejante envergadura, Romero dijo estar muy contenta con la disposici\u00f3n que han mostrado las autoridades de la zona y ratific\u00f3 que \u201cestos espect\u00e1culos son un logro de muchas voluntades y agradezco que podamos contar con personas sensibles, que son las autoridades de estas localidades que nos permiten llegar a la gente, estar en la calle, con la gente\u201d, expres\u00f3.<br \/>\nPor \u00faltimo, Romero mencion\u00f3 la enorme influencia y el \u00e9xito que tuvo el festival el a\u00f1o pasado en San Felipe, para que ahora se sumen dos nuevas comunas. \u201cesto s\u00f3lo nos hace bien, no es muy dif\u00edcil convencer a los alcaldes, as\u00ed que esperamos que el pr\u00f3ximo a\u00f1o hayan m\u00e1s comunas que se quieran unir a esta fiesta\u201d, enfatiz\u00f3.<br \/>\nEl alcalde Patricio Freire valor\u00f3 que despu\u00e9s de tres a\u00f1os los sanfelipe\u00f1os puedan seguir disfrutando de artistas de primer nivel internacional, aludiendo que \u201csiempre nos pregunt\u00e1bamos por qu\u00e9 los provincianos ten\u00edamos que viajar a la capital a ver estos grandes espect\u00e1culos y bueno esto ha significado que sean 3 comunas las que nos sumamos al desarrollo del arte en las calles y estamos muy felices de esta alianza que hemos formado entre Teatro a Mil y los gobiernos locales de la regi\u00f3n interior\u201d, asever\u00f3.<br \/>\nAs\u00ed mismo, Freire destac\u00f3 que sea San Felipe el escenario del lanzamiento Latinoamericano del nuevo trabajo de 31 Minutos y explic\u00f3 adem\u00e1s por qu\u00e9 se produjo un cambio de escenario para la presentaci\u00f3n de estas obras, arguyendo que \u201cseremos testigos de una obra de Shakespeare y de su lanzamiento a Chile y Am\u00e9rica Latina y eso nos enorgullece. Aprovecho de mencionar que siempre pensamos en hacerlo en la Plaza de Armas pero no dimos cuenta que no daba, as\u00ed que hemos resuelto realizarlo en el Estadio Municipal\u201d, detall\u00f3, agregando que la raz\u00f3n de esta medida se debe a la gran convocatoria que tienen este tipo de presentaciones y que el espect\u00e1culo debe estar abierto a todos los habitantes del Valle de Aconcagua.<br \/>\nEn Rinconada la presentaci\u00f3n de las obras de la Fitam, coinciden con el aniversario de la comuna, por lo que el alcalde, Pedro Caballer\u00eda, asegur\u00f3 que \u201ces un motivo de orgullo para los rinconadinos tener este tipo de obras. El d\u00eda 13 tenemos la primera presentaci\u00f3n y el 24 la segunda\u2026me ha tocado verla en Santiago y que ahora est\u00e9 a disposici\u00f3n de los vecinos de nuestra comuna, nos tiene a todos muy contentos\u201d, apunt\u00f3.<br \/>\nPor su parte el alcalde de Los Andes Mauricio Navarro, describi\u00f3 cu\u00e1les son las obras que tendr\u00e1n la posibilidad de ver los aconcag\u00fcinos en su comuna y detall\u00f3 que \u201ctenemos 2 espect\u00e1culos importantes: uno es el Gram\u00f3fono, que trata del descubrimiento que realiza un arque\u00f3logo respecto de un vinilo, el cual contiene historias de nuestro pa\u00eds bastante relevantes y que es transversal para todas las generaciones. En segundo lugar, un pasacalles denominado Alas de Fuego, que representa la lucha entre el bien y el mal. Esto va a comenzar en la Plaza Centenario y culminar\u00e1 en Plaza de Armas y va a ser un espect\u00e1culo maravilloso\u201d, sentenci\u00f3.<\/p>\n<div class=\"tiled-gallery type-rectangular tiled-gallery-unresized\" data-original-width=\"640\" data-carousel-extra='null' itemscope itemtype=\"http:\/\/schema.org\/ImageGallery\" > <div class=\"gallery-row\" style=\"width: 640px; height: 282px;\" data-original-width=\"640\" data-original-height=\"282\" > <div class=\"gallery-group images-1\" style=\"width: 428px; height: 282px;\" data-original-width=\"428\" data-original-height=\"282\" > <div class=\"tiled-gallery-item tiled-gallery-item-large\" itemprop=\"associatedMedia\" itemscope itemtype=\"http:\/\/schema.org\/ImageObject\"> <a href=\"https:\/\/eltrabajo.cl\/portal\/teatro-a-mil-elige-el-valle-de-aconcagua-para-continuar-su-proceso-de-descentralizacion\/foto-1-alcalde-de-san-felipe-patricio-freire-canto-3\/\" border=\"0\" itemprop=\"url\"> <meta itemprop=\"width\" content=\"424\"> <meta itemprop=\"height\" content=\"278\"> <img decoding=\"async\" class=\"\" data-attachment-id=\"65365\" data-orig-file=\"https:\/\/eltrabajo.cl\/portal\/wp-content\/uploads\/2015\/12\/FOTO-1-Alcalde-de-San-Felipe-Patricio-Freire-Canto-1.jpg\" data-orig-size=\"530,348\" data-comments-opened=\"1\" data-image-meta=\"{&quot;aperture&quot;:&quot;0&quot;,&quot;credit&quot;:&quot;&quot;,&quot;camera&quot;:&quot;&quot;,&quot;caption&quot;:&quot;&quot;,&quot;created_timestamp&quot;:&quot;0&quot;,&quot;copyright&quot;:&quot;Copyright 2012&quot;,&quot;focal_length&quot;:&quot;0&quot;,&quot;iso&quot;:&quot;0&quot;,&quot;shutter_speed&quot;:&quot;0&quot;,&quot;title&quot;:&quot;&quot;,&quot;orientation&quot;:&quot;0&quot;}\" data-image-title=\"FOTO 1 Alcalde de San Felipe Patricio Freire Canto\" data-image-description=\"&lt;p&gt;Alcalde de San Felipe, Patricio Freire Canto.&lt;\/p&gt; \" data-medium-file=\"https:\/\/i0.wp.com\/eltrabajo.cl\/portal\/wp-content\/uploads\/2015\/12\/FOTO-1-Alcalde-de-San-Felipe-Patricio-Freire-Canto-1.jpg?fit=300%2C197&#038;ssl=1\" data-large-file=\"https:\/\/i0.wp.com\/eltrabajo.cl\/portal\/wp-content\/uploads\/2015\/12\/FOTO-1-Alcalde-de-San-Felipe-Patricio-Freire-Canto-1.jpg?fit=530%2C348&#038;ssl=1\" src=\"https:\/\/i0.wp.com\/eltrabajo.cl\/portal\/wp-content\/uploads\/2015\/12\/FOTO-1-Alcalde-de-San-Felipe-Patricio-Freire-Canto-1.jpg?w=424&#038;h=278&#038;ssl=1\" srcset=\"https:\/\/i0.wp.com\/eltrabajo.cl\/portal\/wp-content\/uploads\/2015\/12\/FOTO-1-Alcalde-de-San-Felipe-Patricio-Freire-Canto-1.jpg?w=530&amp;ssl=1 530w, https:\/\/i0.wp.com\/eltrabajo.cl\/portal\/wp-content\/uploads\/2015\/12\/FOTO-1-Alcalde-de-San-Felipe-Patricio-Freire-Canto-1.jpg?resize=200%2C131&amp;ssl=1 200w, https:\/\/i0.wp.com\/eltrabajo.cl\/portal\/wp-content\/uploads\/2015\/12\/FOTO-1-Alcalde-de-San-Felipe-Patricio-Freire-Canto-1.jpg?resize=300%2C197&amp;ssl=1 300w, https:\/\/i0.wp.com\/eltrabajo.cl\/portal\/wp-content\/uploads\/2015\/12\/FOTO-1-Alcalde-de-San-Felipe-Patricio-Freire-Canto-1.jpg?resize=228%2C150&amp;ssl=1 228w, https:\/\/i0.wp.com\/eltrabajo.cl\/portal\/wp-content\/uploads\/2015\/12\/FOTO-1-Alcalde-de-San-Felipe-Patricio-Freire-Canto-1.jpg?resize=400%2C263&amp;ssl=1 400w\" width=\"424\" height=\"278\" loading=\"lazy\" data-original-width=\"424\" data-original-height=\"278\" itemprop=\"http:\/\/schema.org\/image\" title=\"FOTO 1 Alcalde de San Felipe Patricio Freire Canto\" alt=\"Alcalde de San Felipe, Patricio Freire Canto.\" style=\"width: 424px; height: 278px;\" \/> <\/a> <div class=\"tiled-gallery-caption\" itemprop=\"caption description\"> Alcalde de San Felipe, Patricio Freire Canto. <\/div> <\/div> <\/div> <!-- close group --> <div class=\"gallery-group images-2\" style=\"width: 212px; height: 282px;\" data-original-width=\"212\" data-original-height=\"282\" > <div class=\"tiled-gallery-item tiled-gallery-item-small\" itemprop=\"associatedMedia\" itemscope itemtype=\"http:\/\/schema.org\/ImageObject\"> <a href=\"https:\/\/eltrabajo.cl\/portal\/teatro-a-mil-elige-el-valle-de-aconcagua-para-continuar-su-proceso-de-descentralizacion\/foto-4-directora-ejecutiva-de-fitam-carmen-romero\/\" border=\"0\" itemprop=\"url\"> <meta itemprop=\"width\" content=\"208\"> <meta itemprop=\"height\" content=\"137\"> <img decoding=\"async\" class=\"\" data-attachment-id=\"65368\" data-orig-file=\"https:\/\/eltrabajo.cl\/portal\/wp-content\/uploads\/2015\/12\/FOTO-4-DIRECTORA-EJECUTIVA-DE-FITAM-CARMEN-ROMERO.jpg\" data-orig-size=\"530,350\" data-comments-opened=\"1\" data-image-meta=\"{&quot;aperture&quot;:&quot;0&quot;,&quot;credit&quot;:&quot;&quot;,&quot;camera&quot;:&quot;&quot;,&quot;caption&quot;:&quot;&quot;,&quot;created_timestamp&quot;:&quot;0&quot;,&quot;copyright&quot;:&quot;Copyright 2012&quot;,&quot;focal_length&quot;:&quot;0&quot;,&quot;iso&quot;:&quot;0&quot;,&quot;shutter_speed&quot;:&quot;0&quot;,&quot;title&quot;:&quot;&quot;,&quot;orientation&quot;:&quot;0&quot;}\" data-image-title=\"FOTO 4 DIRECTORA EJECUTIVA DE FITAM CARMEN ROMERO\" data-image-description=\"&lt;p&gt;Directora Ejecutiva de Fitam, Carmen Romero.&lt;\/p&gt; \" data-medium-file=\"https:\/\/i0.wp.com\/eltrabajo.cl\/portal\/wp-content\/uploads\/2015\/12\/FOTO-4-DIRECTORA-EJECUTIVA-DE-FITAM-CARMEN-ROMERO.jpg?fit=300%2C198&#038;ssl=1\" data-large-file=\"https:\/\/i0.wp.com\/eltrabajo.cl\/portal\/wp-content\/uploads\/2015\/12\/FOTO-4-DIRECTORA-EJECUTIVA-DE-FITAM-CARMEN-ROMERO.jpg?fit=530%2C350&#038;ssl=1\" src=\"https:\/\/i0.wp.com\/eltrabajo.cl\/portal\/wp-content\/uploads\/2015\/12\/FOTO-4-DIRECTORA-EJECUTIVA-DE-FITAM-CARMEN-ROMERO.jpg?w=208&#038;h=137&#038;ssl=1\" srcset=\"https:\/\/i0.wp.com\/eltrabajo.cl\/portal\/wp-content\/uploads\/2015\/12\/FOTO-4-DIRECTORA-EJECUTIVA-DE-FITAM-CARMEN-ROMERO.jpg?w=530&amp;ssl=1 530w, https:\/\/i0.wp.com\/eltrabajo.cl\/portal\/wp-content\/uploads\/2015\/12\/FOTO-4-DIRECTORA-EJECUTIVA-DE-FITAM-CARMEN-ROMERO.jpg?resize=200%2C132&amp;ssl=1 200w, https:\/\/i0.wp.com\/eltrabajo.cl\/portal\/wp-content\/uploads\/2015\/12\/FOTO-4-DIRECTORA-EJECUTIVA-DE-FITAM-CARMEN-ROMERO.jpg?resize=300%2C198&amp;ssl=1 300w, https:\/\/i0.wp.com\/eltrabajo.cl\/portal\/wp-content\/uploads\/2015\/12\/FOTO-4-DIRECTORA-EJECUTIVA-DE-FITAM-CARMEN-ROMERO.jpg?resize=227%2C150&amp;ssl=1 227w, https:\/\/i0.wp.com\/eltrabajo.cl\/portal\/wp-content\/uploads\/2015\/12\/FOTO-4-DIRECTORA-EJECUTIVA-DE-FITAM-CARMEN-ROMERO.jpg?resize=400%2C264&amp;ssl=1 400w\" width=\"208\" height=\"137\" loading=\"lazy\" data-original-width=\"208\" data-original-height=\"137\" itemprop=\"http:\/\/schema.org\/image\" title=\"FOTO 4 DIRECTORA EJECUTIVA DE FITAM CARMEN ROMERO\" alt=\"Directora Ejecutiva de Fitam, Carmen Romero.\" style=\"width: 208px; height: 137px;\" \/> <\/a> <div class=\"tiled-gallery-caption\" itemprop=\"caption description\"> Directora Ejecutiva de Fitam, Carmen Romero. <\/div> <\/div> <div class=\"tiled-gallery-item tiled-gallery-item-small\" itemprop=\"associatedMedia\" itemscope itemtype=\"http:\/\/schema.org\/ImageObject\"> <a href=\"https:\/\/eltrabajo.cl\/portal\/teatro-a-mil-elige-el-valle-de-aconcagua-para-continuar-su-proceso-de-descentralizacion\/foto-2-alcalde-de-rinconada-pedro-caballeria\/\" border=\"0\" itemprop=\"url\"> <meta itemprop=\"width\" content=\"208\"> <meta itemprop=\"height\" content=\"137\"> <img decoding=\"async\" class=\"\" data-attachment-id=\"65366\" data-orig-file=\"https:\/\/eltrabajo.cl\/portal\/wp-content\/uploads\/2015\/12\/FOTO-2-ALCALDE-DE-RINCONADA-PEDRO-CABALLERIA.jpg\" data-orig-size=\"530,348\" data-comments-opened=\"1\" data-image-meta=\"{&quot;aperture&quot;:&quot;0&quot;,&quot;credit&quot;:&quot;&quot;,&quot;camera&quot;:&quot;&quot;,&quot;caption&quot;:&quot;&quot;,&quot;created_timestamp&quot;:&quot;0&quot;,&quot;copyright&quot;:&quot;Copyright 2012&quot;,&quot;focal_length&quot;:&quot;0&quot;,&quot;iso&quot;:&quot;0&quot;,&quot;shutter_speed&quot;:&quot;0&quot;,&quot;title&quot;:&quot;&quot;,&quot;orientation&quot;:&quot;0&quot;}\" data-image-title=\"FOTO 2 ALCALDE DE RINCONADA PEDRO CABALLERIA\" data-image-description=\"&lt;p&gt;Alcalde de Rinconada, Pedro Caballer\u00eda.&lt;\/p&gt; \" data-medium-file=\"https:\/\/i0.wp.com\/eltrabajo.cl\/portal\/wp-content\/uploads\/2015\/12\/FOTO-2-ALCALDE-DE-RINCONADA-PEDRO-CABALLERIA.jpg?fit=300%2C197&#038;ssl=1\" data-large-file=\"https:\/\/i0.wp.com\/eltrabajo.cl\/portal\/wp-content\/uploads\/2015\/12\/FOTO-2-ALCALDE-DE-RINCONADA-PEDRO-CABALLERIA.jpg?fit=530%2C348&#038;ssl=1\" src=\"https:\/\/i0.wp.com\/eltrabajo.cl\/portal\/wp-content\/uploads\/2015\/12\/FOTO-2-ALCALDE-DE-RINCONADA-PEDRO-CABALLERIA.jpg?w=208&#038;h=137&#038;ssl=1\" srcset=\"https:\/\/i0.wp.com\/eltrabajo.cl\/portal\/wp-content\/uploads\/2015\/12\/FOTO-2-ALCALDE-DE-RINCONADA-PEDRO-CABALLERIA.jpg?w=530&amp;ssl=1 530w, https:\/\/i0.wp.com\/eltrabajo.cl\/portal\/wp-content\/uploads\/2015\/12\/FOTO-2-ALCALDE-DE-RINCONADA-PEDRO-CABALLERIA.jpg?resize=200%2C131&amp;ssl=1 200w, https:\/\/i0.wp.com\/eltrabajo.cl\/portal\/wp-content\/uploads\/2015\/12\/FOTO-2-ALCALDE-DE-RINCONADA-PEDRO-CABALLERIA.jpg?resize=300%2C197&amp;ssl=1 300w, https:\/\/i0.wp.com\/eltrabajo.cl\/portal\/wp-content\/uploads\/2015\/12\/FOTO-2-ALCALDE-DE-RINCONADA-PEDRO-CABALLERIA.jpg?resize=228%2C150&amp;ssl=1 228w, https:\/\/i0.wp.com\/eltrabajo.cl\/portal\/wp-content\/uploads\/2015\/12\/FOTO-2-ALCALDE-DE-RINCONADA-PEDRO-CABALLERIA.jpg?resize=400%2C263&amp;ssl=1 400w\" width=\"208\" height=\"137\" loading=\"lazy\" data-original-width=\"208\" data-original-height=\"137\" itemprop=\"http:\/\/schema.org\/image\" title=\"FOTO 2 ALCALDE DE RINCONADA PEDRO CABALLERIA\" alt=\"Alcalde de Rinconada, Pedro Caballer\u00eda.\" style=\"width: 208px; height: 137px;\" \/> <\/a> <div class=\"tiled-gallery-caption\" itemprop=\"caption description\"> Alcalde de Rinconada, Pedro Caballer\u00eda. <\/div> <\/div> <\/div> <!-- close group --> <\/div> <!-- close row --> <div class=\"gallery-row\" style=\"width: 640px; height: 422px;\" data-original-width=\"640\" data-original-height=\"422\" > <div class=\"gallery-group images-1\" style=\"width: 640px; height: 422px;\" data-original-width=\"640\" data-original-height=\"422\" > <div class=\"tiled-gallery-item tiled-gallery-item-large\" itemprop=\"associatedMedia\" itemscope itemtype=\"http:\/\/schema.org\/ImageObject\"> <a href=\"https:\/\/eltrabajo.cl\/portal\/teatro-a-mil-elige-el-valle-de-aconcagua-para-continuar-su-proceso-de-descentralizacion\/foto-3-alcalde-de-los-andes-mauricio-navarro\/\" border=\"0\" itemprop=\"url\"> <meta itemprop=\"width\" content=\"636\"> <meta itemprop=\"height\" content=\"418\"> <img decoding=\"async\" class=\"\" data-attachment-id=\"65367\" data-orig-file=\"https:\/\/eltrabajo.cl\/portal\/wp-content\/uploads\/2015\/12\/FOTO-3-ALCALDE-DE-LOS-ANDES-MAURICIO-NAVARRO.jpg\" data-orig-size=\"530,348\" data-comments-opened=\"1\" data-image-meta=\"{&quot;aperture&quot;:&quot;0&quot;,&quot;credit&quot;:&quot;&quot;,&quot;camera&quot;:&quot;&quot;,&quot;caption&quot;:&quot;&quot;,&quot;created_timestamp&quot;:&quot;0&quot;,&quot;copyright&quot;:&quot;Copyright 2012&quot;,&quot;focal_length&quot;:&quot;0&quot;,&quot;iso&quot;:&quot;0&quot;,&quot;shutter_speed&quot;:&quot;0&quot;,&quot;title&quot;:&quot;&quot;,&quot;orientation&quot;:&quot;0&quot;}\" data-image-title=\"FOTO 3 ALCALDE DE LOS ANDES MAURICIO NAVARRO\" data-image-description=\"&lt;p&gt;Alcalde de Los Andes, Mauricio Navarro.&lt;\/p&gt; \" data-medium-file=\"https:\/\/i0.wp.com\/eltrabajo.cl\/portal\/wp-content\/uploads\/2015\/12\/FOTO-3-ALCALDE-DE-LOS-ANDES-MAURICIO-NAVARRO.jpg?fit=300%2C197&#038;ssl=1\" data-large-file=\"https:\/\/i0.wp.com\/eltrabajo.cl\/portal\/wp-content\/uploads\/2015\/12\/FOTO-3-ALCALDE-DE-LOS-ANDES-MAURICIO-NAVARRO.jpg?fit=530%2C348&#038;ssl=1\" src=\"https:\/\/i0.wp.com\/eltrabajo.cl\/portal\/wp-content\/uploads\/2015\/12\/FOTO-3-ALCALDE-DE-LOS-ANDES-MAURICIO-NAVARRO.jpg?w=636&#038;h=418&#038;ssl=1\" srcset=\"https:\/\/i0.wp.com\/eltrabajo.cl\/portal\/wp-content\/uploads\/2015\/12\/FOTO-3-ALCALDE-DE-LOS-ANDES-MAURICIO-NAVARRO.jpg?w=530&amp;ssl=1 530w, https:\/\/i0.wp.com\/eltrabajo.cl\/portal\/wp-content\/uploads\/2015\/12\/FOTO-3-ALCALDE-DE-LOS-ANDES-MAURICIO-NAVARRO.jpg?resize=200%2C131&amp;ssl=1 200w, https:\/\/i0.wp.com\/eltrabajo.cl\/portal\/wp-content\/uploads\/2015\/12\/FOTO-3-ALCALDE-DE-LOS-ANDES-MAURICIO-NAVARRO.jpg?resize=300%2C197&amp;ssl=1 300w, https:\/\/i0.wp.com\/eltrabajo.cl\/portal\/wp-content\/uploads\/2015\/12\/FOTO-3-ALCALDE-DE-LOS-ANDES-MAURICIO-NAVARRO.jpg?resize=228%2C150&amp;ssl=1 228w, https:\/\/i0.wp.com\/eltrabajo.cl\/portal\/wp-content\/uploads\/2015\/12\/FOTO-3-ALCALDE-DE-LOS-ANDES-MAURICIO-NAVARRO.jpg?resize=400%2C263&amp;ssl=1 400w\" width=\"636\" height=\"418\" loading=\"lazy\" data-original-width=\"636\" data-original-height=\"418\" itemprop=\"http:\/\/schema.org\/image\" title=\"FOTO 3 ALCALDE DE LOS ANDES MAURICIO NAVARRO\" alt=\"Alcalde de Los Andes, Mauricio Navarro.\" style=\"width: 636px; height: 418px;\" \/> <\/a> <div class=\"tiled-gallery-caption\" itemprop=\"caption description\"> Alcalde de Los Andes, Mauricio Navarro. <\/div> <\/div> <\/div> <!-- close group --> <\/div> <!-- close row --> <\/div>\n","protected":false},"excerpt":{"rendered":"<p>En San Felipe, ser\u00e1 el Estadio Municipal donde se realice el lanzamiento latinoamericano de la Obra de Shakespeare Romeo y Julieta en la versi\u00f3n de 31 Minutos. Con pasa calles, espect\u00e1culos al&#8230;<\/p>\n","protected":false},"author":482,"featured_media":65369,"comment_status":"open","ping_status":"open","sticky":false,"template":"","format":"standard","meta":{"advanced_seo_description":"","jetpack_seo_html_title":"","jetpack_seo_noindex":false,"_jetpack_memberships_contains_paid_content":false,"footnotes":""},"categories":[15],"tags":[],"class_list":["post-65364","post","type-post","status-publish","format-standard","has-post-thumbnail","hentry","category-comunidad"],"jetpack_featured_media_url":"https:\/\/i0.wp.com\/eltrabajo.cl\/portal\/wp-content\/uploads\/2015\/12\/FOTO-5-ALCALDE-FREIRE-FIRMAN-CONVENIO-QUE-INSTALA-A-SAN-FELIPE-COMO-UNA-DE-LAS-CAPITALES-DE-FITAM-2016.jpg?fit=530%2C349&ssl=1","jetpack_sharing_enabled":true,"jetpack_likes_enabled":true,"jetpack-related-posts":[],"_links":{"self":[{"href":"https:\/\/eltrabajo.cl\/portal\/wp-json\/wp\/v2\/posts\/65364","targetHints":{"allow":["GET"]}}],"collection":[{"href":"https:\/\/eltrabajo.cl\/portal\/wp-json\/wp\/v2\/posts"}],"about":[{"href":"https:\/\/eltrabajo.cl\/portal\/wp-json\/wp\/v2\/types\/post"}],"author":[{"embeddable":true,"href":"https:\/\/eltrabajo.cl\/portal\/wp-json\/wp\/v2\/users\/482"}],"replies":[{"embeddable":true,"href":"https:\/\/eltrabajo.cl\/portal\/wp-json\/wp\/v2\/comments?post=65364"}],"version-history":[{"count":0,"href":"https:\/\/eltrabajo.cl\/portal\/wp-json\/wp\/v2\/posts\/65364\/revisions"}],"wp:featuredmedia":[{"embeddable":true,"href":"https:\/\/eltrabajo.cl\/portal\/wp-json\/wp\/v2\/media\/65369"}],"wp:attachment":[{"href":"https:\/\/eltrabajo.cl\/portal\/wp-json\/wp\/v2\/media?parent=65364"}],"wp:term":[{"taxonomy":"category","embeddable":true,"href":"https:\/\/eltrabajo.cl\/portal\/wp-json\/wp\/v2\/categories?post=65364"},{"taxonomy":"post_tag","embeddable":true,"href":"https:\/\/eltrabajo.cl\/portal\/wp-json\/wp\/v2\/tags?post=65364"}],"curies":[{"name":"wp","href":"https:\/\/api.w.org\/{rel}","templated":true}]}}