{"id":65372,"date":"2015-12-31T15:16:30","date_gmt":"2015-12-31T18:16:30","guid":{"rendered":"http:\/\/www.eltrabajo.cl\/portal\/?p=65372"},"modified":"2015-12-31T15:16:30","modified_gmt":"2015-12-31T18:16:30","slug":"dos-detenidos-por-robo-de-radio-musical-desde-vehiculo-estacionado","status":"publish","type":"post","link":"https:\/\/eltrabajo.cl\/portal\/dos-detenidos-por-robo-de-radio-musical-desde-vehiculo-estacionado\/","title":{"rendered":"Dos detenidos por robo de radio musical desde veh\u00edculo estacionado"},"content":{"rendered":"<figure id=\"attachment_65373\" aria-describedby=\"caption-attachment-65373\" style=\"width: 300px\" class=\"wp-caption alignleft\"><img data-recalc-dims=\"1\" loading=\"lazy\" decoding=\"async\" class=\"wp-image-65373 size-medium\" src=\"https:\/\/i0.wp.com\/www.eltrabajo.cl\/portal\/wp-content\/uploads\/2015\/12\/DETENIDO-1-Y-2-copia-300x197.jpg?resize=300%2C197\" alt=\"Christopher Eduardo Escobar Espinoza y Camilo Andr\u00e9s L\u00f3pez Contreras fueron capturados por Carabineros tras cometer el robo de una radio musical desde un veh\u00edculo estacionado en calle Molina de San Felipe.\" width=\"300\" height=\"197\" srcset=\"https:\/\/i0.wp.com\/eltrabajo.cl\/portal\/wp-content\/uploads\/2015\/12\/DETENIDO-1-Y-2-copia.jpg?resize=300%2C197&amp;ssl=1 300w, https:\/\/i0.wp.com\/eltrabajo.cl\/portal\/wp-content\/uploads\/2015\/12\/DETENIDO-1-Y-2-copia.jpg?resize=200%2C131&amp;ssl=1 200w, https:\/\/i0.wp.com\/eltrabajo.cl\/portal\/wp-content\/uploads\/2015\/12\/DETENIDO-1-Y-2-copia.jpg?resize=228%2C150&amp;ssl=1 228w, https:\/\/i0.wp.com\/eltrabajo.cl\/portal\/wp-content\/uploads\/2015\/12\/DETENIDO-1-Y-2-copia.jpg?resize=400%2C263&amp;ssl=1 400w, https:\/\/i0.wp.com\/eltrabajo.cl\/portal\/wp-content\/uploads\/2015\/12\/DETENIDO-1-Y-2-copia.jpg?w=530&amp;ssl=1 530w\" sizes=\"auto, (max-width: 300px) 100vw, 300px\" \/><figcaption id=\"caption-attachment-65373\" class=\"wp-caption-text\">Christopher Eduardo Escobar Espinoza y Camilo Andr\u00e9s L\u00f3pez Contreras fueron capturados por Carabineros tras cometer el robo de una radio musical desde un veh\u00edculo estacionado en calle Molina de San Felipe.<\/figcaption><\/figure>\n<ul>\n<li><strong>Los antisociales rompieron el vidrio de una de las puertas para acceder al interior del m\u00f3vil y apoderarse de la especie para luego huir de la polic\u00eda uniformada que los sorprendi\u00f3.<\/strong><\/li>\n<\/ul>\n<p>Firma mensual y arraigo nacional, fueron las cautelares impuestas por el Juzgado de Garant\u00eda de San Felipe en contra de dos sujetos que fueron detenidos por Carabineros tras haber concretado el robo de una radio musical desde un veh\u00edculo estacionado en calle Molina esquina Buin de esta comuna.<br \/>\nEl procedimiento policial qued\u00f3 al descubierto cerca de las 05:00 hora de la madrugada de ayer mi\u00e9rcoles, cuando Carabineros fue alertado de la ocurrencia del delito en ese sector, moviliz\u00e1ndose de inmediato hasta dicha arteria, sorprendiendo a dos desconocidos al interior del veh\u00edculo marca Ford, quienes al advertir la presencia policial escaparon.<br \/>\nSin embargo, Carabineros logr\u00f3 darles alcance pudiendo reducirlos y recuperar la especie robada. En tanto, uno de los sujetos manten\u00eda en su poder un bolso de color negro en cuyo interior manten\u00eda un alicate, un caim\u00e1n y un fierro de 22 cm.<br \/>\nAsimismo la polic\u00eda tom\u00f3 contacto con el propietario del autom\u00f3vil que result\u00f3 con da\u00f1os en uno de los vidrios de la puerta trasera y la sustracci\u00f3n de la radio musical avaluada en $70.000, especie que fue recuperada por la polic\u00eda.<br \/>\nLos detenidos fueron individualizados como Christopher Eduardo Escobar Espinoza de 20 a\u00f1os y Camilo Andr\u00e9s L\u00f3pez Contreras de 19 a\u00f1os, ambos con antecedentes delictuales, quienes fueron conducidos hasta el Tribunal de Garant\u00eda para ser formalizados por la Fiscal\u00eda, fij\u00e1ndose un plazo de investigaci\u00f3n de 60 d\u00edas recuperando posteriormente su libertad.<br \/>\nDesde la instituci\u00f3n uniformada se hizo un llamado a los automovilistas en el resguardo de sus veh\u00edculos que quedan estacionados en la v\u00eda p\u00fablica, en especial atenci\u00f3n durante la madrugada donde se producen este tipo de robo de especies. Elegir lugares ampliamente iluminados y seguros son algunas de las recomendaciones.<br \/>\n<strong>Pablo Salinas Sald\u00edas<\/strong><\/p>\n","protected":false},"excerpt":{"rendered":"<p>Los antisociales rompieron el vidrio de una de las puertas para acceder al interior del m\u00f3vil y apoderarse de la especie para luego huir de la polic\u00eda uniformada que los sorprendi\u00f3. Firma&#8230;<\/p>\n","protected":false},"author":482,"featured_media":65373,"comment_status":"open","ping_status":"open","sticky":false,"template":"","format":"standard","meta":{"advanced_seo_description":"","jetpack_seo_html_title":"","jetpack_seo_noindex":false,"_jetpack_memberships_contains_paid_content":false,"footnotes":""},"categories":[21],"tags":[],"class_list":["post-65372","post","type-post","status-publish","format-standard","has-post-thumbnail","hentry","category-policial"],"jetpack_featured_media_url":"https:\/\/i0.wp.com\/eltrabajo.cl\/portal\/wp-content\/uploads\/2015\/12\/DETENIDO-1-Y-2-copia.jpg?fit=530%2C348&ssl=1","jetpack_sharing_enabled":true,"jetpack_likes_enabled":true,"jetpack-related-posts":[],"_links":{"self":[{"href":"https:\/\/eltrabajo.cl\/portal\/wp-json\/wp\/v2\/posts\/65372","targetHints":{"allow":["GET"]}}],"collection":[{"href":"https:\/\/eltrabajo.cl\/portal\/wp-json\/wp\/v2\/posts"}],"about":[{"href":"https:\/\/eltrabajo.cl\/portal\/wp-json\/wp\/v2\/types\/post"}],"author":[{"embeddable":true,"href":"https:\/\/eltrabajo.cl\/portal\/wp-json\/wp\/v2\/users\/482"}],"replies":[{"embeddable":true,"href":"https:\/\/eltrabajo.cl\/portal\/wp-json\/wp\/v2\/comments?post=65372"}],"version-history":[{"count":0,"href":"https:\/\/eltrabajo.cl\/portal\/wp-json\/wp\/v2\/posts\/65372\/revisions"}],"wp:featuredmedia":[{"embeddable":true,"href":"https:\/\/eltrabajo.cl\/portal\/wp-json\/wp\/v2\/media\/65373"}],"wp:attachment":[{"href":"https:\/\/eltrabajo.cl\/portal\/wp-json\/wp\/v2\/media?parent=65372"}],"wp:term":[{"taxonomy":"category","embeddable":true,"href":"https:\/\/eltrabajo.cl\/portal\/wp-json\/wp\/v2\/categories?post=65372"},{"taxonomy":"post_tag","embeddable":true,"href":"https:\/\/eltrabajo.cl\/portal\/wp-json\/wp\/v2\/tags?post=65372"}],"curies":[{"name":"wp","href":"https:\/\/api.w.org\/{rel}","templated":true}]}}