{"id":65375,"date":"2015-12-31T15:19:28","date_gmt":"2015-12-31T18:19:28","guid":{"rendered":"http:\/\/www.eltrabajo.cl\/portal\/?p=65375"},"modified":"2015-12-31T15:19:28","modified_gmt":"2015-12-31T18:19:28","slug":"ccp-san-felipe-realizo-paralizacion-parcial-de-funciones-para-lograr-acuerdo-con-direccion-regional-de-gendarmeria","status":"publish","type":"post","link":"https:\/\/eltrabajo.cl\/portal\/ccp-san-felipe-realizo-paralizacion-parcial-de-funciones-para-lograr-acuerdo-con-direccion-regional-de-gendarmeria\/","title":{"rendered":"CCP San Felipe realiz\u00f3 paralizaci\u00f3n parcial de funciones para lograr acuerdo con Direcci\u00f3n Regional de Gendarmer\u00eda"},"content":{"rendered":"<figure id=\"attachment_65376\" aria-describedby=\"caption-attachment-65376\" style=\"width: 300px\" class=\"wp-caption alignleft\"><img data-recalc-dims=\"1\" loading=\"lazy\" decoding=\"async\" class=\"wp-image-65376 size-medium\" src=\"https:\/\/i0.wp.com\/www.eltrabajo.cl\/portal\/wp-content\/uploads\/2015\/12\/FOTO-1-GENDARMES-DE-CCP-SAN-FELIPE-VOLVIERON-A-MANIFESTARSE-Y-PARALIZARON-PARCIALMENTE-SUS-FUNCIONES-300x199.jpg?resize=300%2C199\" alt=\"Gendarmes de CCP San Felipe volvieron a manifestarse y paralizaron parcialmente sus funciones.\" width=\"300\" height=\"199\" srcset=\"https:\/\/i0.wp.com\/eltrabajo.cl\/portal\/wp-content\/uploads\/2015\/12\/FOTO-1-GENDARMES-DE-CCP-SAN-FELIPE-VOLVIERON-A-MANIFESTARSE-Y-PARALIZARON-PARCIALMENTE-SUS-FUNCIONES.jpg?resize=300%2C199&amp;ssl=1 300w, https:\/\/i0.wp.com\/eltrabajo.cl\/portal\/wp-content\/uploads\/2015\/12\/FOTO-1-GENDARMES-DE-CCP-SAN-FELIPE-VOLVIERON-A-MANIFESTARSE-Y-PARALIZARON-PARCIALMENTE-SUS-FUNCIONES.jpg?resize=200%2C133&amp;ssl=1 200w, https:\/\/i0.wp.com\/eltrabajo.cl\/portal\/wp-content\/uploads\/2015\/12\/FOTO-1-GENDARMES-DE-CCP-SAN-FELIPE-VOLVIERON-A-MANIFESTARSE-Y-PARALIZARON-PARCIALMENTE-SUS-FUNCIONES.jpg?resize=226%2C150&amp;ssl=1 226w, https:\/\/i0.wp.com\/eltrabajo.cl\/portal\/wp-content\/uploads\/2015\/12\/FOTO-1-GENDARMES-DE-CCP-SAN-FELIPE-VOLVIERON-A-MANIFESTARSE-Y-PARALIZARON-PARCIALMENTE-SUS-FUNCIONES.jpg?resize=400%2C265&amp;ssl=1 400w, https:\/\/i0.wp.com\/eltrabajo.cl\/portal\/wp-content\/uploads\/2015\/12\/FOTO-1-GENDARMES-DE-CCP-SAN-FELIPE-VOLVIERON-A-MANIFESTARSE-Y-PARALIZARON-PARCIALMENTE-SUS-FUNCIONES.jpg?w=528&amp;ssl=1 528w\" sizes=\"auto, (max-width: 300px) 100vw, 300px\" \/><figcaption id=\"caption-attachment-65376\" class=\"wp-caption-text\">Gendarmes de CCP San Felipe volvieron a manifestarse y paralizaron parcialmente sus funciones.<\/figcaption><\/figure>\n<ul>\n<li><strong>Dirigentes provinciales de Anfup y Ansog descartaron paro total, pero aseguraron se mantendr\u00e1n en estado alerta hasta el inicio de las negociaciones el 5 de enero pr\u00f3ximo.<\/strong><\/li>\n<\/ul>\n<p>Personal de Gendarmer\u00eda del Centro de Cumplimiento Penitenciaro, CCP, San Felipe, se jug\u00f3 una \u00faltima carta antes de radicalizar por completo las movilizaciones de sus funcionarios y en la jornada matutina de ayer realiz\u00f3 una paralizaci\u00f3n parcial de labores, tanto en tribunales como en el traslado de reos, trabajo que finalmente debi\u00f3 ser ejecutado por personal de Carabineros.<br \/>\nTal como anunci\u00e1ramos en la edici\u00f3n del 23 de diciembre pasado, el petitorio del plantel de gendarmer\u00eda del CCP San Felipe, es la reposici\u00f3n de un total de 10 funcionarios que durante el 2015 han dejado de trabajar en el recinto y cuyos puestos no han sido cubiertos en su totalidad.<br \/>\nAnte la nula respuesta recibida por parte de las autoridades, personeros de la Asociaci\u00f3n Nacional de Funcionarios Penitenciarios, Anfup y de la Asociaci\u00f3n Nacional de Sub Oficiales de Gendarmer\u00eda, Ansog, llamaron a un cese parcial de funciones, con lo que finalmente lograron entrevistarse con el Director Regional de Gendarmer\u00eda, Coronel Eduardo Mu\u00f1oz Bravo, quien se present\u00f3 en el CCP San Felipe.<br \/>\nTras la reuni\u00f3n, los dirigentes de ambas asociaciones se mostraron confiados por el compromiso asumido por el Director Regional y la disposici\u00f3n al di\u00e1logo que ha mostrado el alto mando. Por un lado, el presidente provincial de la Anfup, Andr\u00e9s Orrego Contreras dijo sentir cierta conformidad y asegur\u00f3 que \u201ctras escuchar al personal, la autoridad accedi\u00f3 a darnos prontamente una respuesta respecto de la problem\u00e1tica que radica en estos momentos en este recinto\u201d, sentenci\u00f3.<br \/>\nAs\u00ed mismo afirm\u00f3 que lo deja tranquilo el hecho de que estas medidas de presi\u00f3n hayan servido, se\u00f1alando que \u201cel primer objetivo, que era llamar la atenci\u00f3n de la autoridad y que nos diera una respuesta adecuada a nuestro petitorio, se ha cumplido y a partir del d\u00eda 5 de enero comenzaremos con todas las negociaciones\u201d, adujo.<br \/>\nPor su parte, el presidente provincial de Ansog, Sargento Segundo Luis Medina Le\u00f3n, confirm\u00f3 que por el momento las movilizaciones se detienen, destacando que \u201cen este momento nosotros nos mantendremos en estado de alerta, gracias a las conversaciones que hemos tenido con el director regional, por lo tanto, las conversaciones van por buen camino y las funciones se restablecen en forma normal\u201d, aclar\u00f3.<br \/>\nRespecto de la solicitud formal que realizaron a la m\u00e1xima autoridad de Gendarmer\u00eda a nivel Regional, Medina expres\u00f3 que \u201cen la fecha que ya se ha indicado (5 de enero), esperamos llegar a un buen t\u00e9rmino de las conversaciones respecto de las necesidades que est\u00e1 presentando nuestra unidad\u2026esperamos acercarnos lo m\u00e1s posible al n\u00famero de funcionarios que estamos solicitando\u201d, sentenci\u00f3.<br \/>\nPor \u00faltimo, Medina lament\u00f3 el hecho de ver sobrecargado de horas laborales a los funcionarios, aunque aquello dijo, es un problema a nivel pa\u00eds respecto de las guardias armadas.<br \/>\n\u201cEs un tema preocupante para las asociaciones, lamentablemente es muy relativo el tema de los turnos, dependiendo del personal que se encuentre en la unidad de servicios. Hay funcionarios que a veces pueden hacer uso de licencias m\u00e9dicas, otros que utilizan el feriado legal, entonces se ampl\u00edan enormemente los turnos, en estos momentos est\u00e1bamos con pautas de 6 por 1 y estamos tratando de reducir ese tiempo, para eso son las conversaciones con las autoridades regionales, para poder solventar la necesidad de recursos humanos con la que cuenta nuestra unidad\u201d, remat\u00f3 el representante de Ansog.<br \/>\nLa petici\u00f3n formal que los dirigentes sanfelipe\u00f1os habr\u00edan realizado al Coronel Eduardo Mu\u00f1oz Bravo, ser\u00eda sumar al menos 7 funcionarios, pues ya se habr\u00edan inscrito a la dotaci\u00f3n sanfelipe\u00f1a 3 gendarmes y 1 oficial.<br \/>\nSin embargo, esta cifra podr\u00eda variar si es que la poblaci\u00f3n penal aumenta cuando ya se encuentren operativas las nuevas redes contra incendios, pues los inicios de estos trabajos implicaron el traslado de aproximadamente 70 reos a distintas c\u00e1rceles del pa\u00eds, quienes podr\u00edan retornar al Penal de San Felipe, trayendo consigo una nueva demanda de personal de Gendarmer\u00eda.<\/p>\n<div class=\"tiled-gallery type-rectangular tiled-gallery-unresized\" data-original-width=\"640\" data-carousel-extra='null' itemscope itemtype=\"http:\/\/schema.org\/ImageGallery\" > <div class=\"gallery-row\" style=\"width: 640px; height: 212px;\" data-original-width=\"640\" data-original-height=\"212\" > <div class=\"gallery-group images-1\" style=\"width: 319px; height: 212px;\" data-original-width=\"319\" data-original-height=\"212\" > <div class=\"tiled-gallery-item tiled-gallery-item-large\" itemprop=\"associatedMedia\" itemscope itemtype=\"http:\/\/schema.org\/ImageObject\"> <a href=\"https:\/\/eltrabajo.cl\/portal\/ccp-san-felipe-realizo-paralizacion-parcial-de-funciones-para-lograr-acuerdo-con-direccion-regional-de-gendarmeria\/foto-2-presidente-provincial-de-la-anfup-andres-orrego-contreras\/\" border=\"0\" itemprop=\"url\"> <meta itemprop=\"width\" content=\"315\"> <meta itemprop=\"height\" content=\"208\"> <img decoding=\"async\" class=\"\" data-attachment-id=\"65378\" data-orig-file=\"https:\/\/eltrabajo.cl\/portal\/wp-content\/uploads\/2015\/12\/FOTO-2-Presidente-provincial-de-la-ANFUP-Andres-Orrego-Contreras.jpg\" data-orig-size=\"530,350\" data-comments-opened=\"1\" data-image-meta=\"{&quot;aperture&quot;:&quot;0&quot;,&quot;credit&quot;:&quot;&quot;,&quot;camera&quot;:&quot;&quot;,&quot;caption&quot;:&quot;&quot;,&quot;created_timestamp&quot;:&quot;0&quot;,&quot;copyright&quot;:&quot;Copyright 2012&quot;,&quot;focal_length&quot;:&quot;0&quot;,&quot;iso&quot;:&quot;0&quot;,&quot;shutter_speed&quot;:&quot;0&quot;,&quot;title&quot;:&quot;&quot;,&quot;orientation&quot;:&quot;0&quot;}\" data-image-title=\"FOTO 2 Presidente provincial de la ANFUP Andres Orrego Contreras\" data-image-description=\"&lt;p&gt;Presidente provincial de la Anfup, Andr\u00e9s Orrego Contreras.&lt;\/p&gt; \" data-medium-file=\"https:\/\/i0.wp.com\/eltrabajo.cl\/portal\/wp-content\/uploads\/2015\/12\/FOTO-2-Presidente-provincial-de-la-ANFUP-Andres-Orrego-Contreras.jpg?fit=300%2C198&#038;ssl=1\" data-large-file=\"https:\/\/i0.wp.com\/eltrabajo.cl\/portal\/wp-content\/uploads\/2015\/12\/FOTO-2-Presidente-provincial-de-la-ANFUP-Andres-Orrego-Contreras.jpg?fit=530%2C350&#038;ssl=1\" src=\"https:\/\/i0.wp.com\/eltrabajo.cl\/portal\/wp-content\/uploads\/2015\/12\/FOTO-2-Presidente-provincial-de-la-ANFUP-Andres-Orrego-Contreras.jpg?w=315&#038;h=208&#038;ssl=1\" srcset=\"https:\/\/i0.wp.com\/eltrabajo.cl\/portal\/wp-content\/uploads\/2015\/12\/FOTO-2-Presidente-provincial-de-la-ANFUP-Andres-Orrego-Contreras.jpg?w=530&amp;ssl=1 530w, https:\/\/i0.wp.com\/eltrabajo.cl\/portal\/wp-content\/uploads\/2015\/12\/FOTO-2-Presidente-provincial-de-la-ANFUP-Andres-Orrego-Contreras.jpg?resize=200%2C132&amp;ssl=1 200w, https:\/\/i0.wp.com\/eltrabajo.cl\/portal\/wp-content\/uploads\/2015\/12\/FOTO-2-Presidente-provincial-de-la-ANFUP-Andres-Orrego-Contreras.jpg?resize=300%2C198&amp;ssl=1 300w, https:\/\/i0.wp.com\/eltrabajo.cl\/portal\/wp-content\/uploads\/2015\/12\/FOTO-2-Presidente-provincial-de-la-ANFUP-Andres-Orrego-Contreras.jpg?resize=227%2C150&amp;ssl=1 227w, https:\/\/i0.wp.com\/eltrabajo.cl\/portal\/wp-content\/uploads\/2015\/12\/FOTO-2-Presidente-provincial-de-la-ANFUP-Andres-Orrego-Contreras.jpg?resize=400%2C264&amp;ssl=1 400w\" width=\"315\" height=\"208\" loading=\"lazy\" data-original-width=\"315\" data-original-height=\"208\" itemprop=\"http:\/\/schema.org\/image\" title=\"FOTO 2 Presidente provincial de la ANFUP Andres Orrego Contreras\" alt=\"Presidente provincial de la Anfup, Andr\u00e9s Orrego Contreras.\" style=\"width: 315px; height: 208px;\" \/> <\/a> <div class=\"tiled-gallery-caption\" itemprop=\"caption description\"> Presidente provincial de la Anfup, Andr\u00e9s Orrego Contreras. <\/div> <\/div> <\/div> <!-- close group --> <div class=\"gallery-group images-1\" style=\"width: 321px; height: 212px;\" data-original-width=\"321\" data-original-height=\"212\" > <div class=\"tiled-gallery-item tiled-gallery-item-large\" itemprop=\"associatedMedia\" itemscope itemtype=\"http:\/\/schema.org\/ImageObject\"> <a href=\"https:\/\/eltrabajo.cl\/portal\/ccp-san-felipe-realizo-paralizacion-parcial-de-funciones-para-lograr-acuerdo-con-direccion-regional-de-gendarmeria\/foto-3-presidente-provincial-de-ansog-sargento-segundo-luis-medina-leon\/\" border=\"0\" itemprop=\"url\"> <meta itemprop=\"width\" content=\"317\"> <meta itemprop=\"height\" content=\"208\"> <img decoding=\"async\" class=\"\" data-attachment-id=\"65379\" data-orig-file=\"https:\/\/eltrabajo.cl\/portal\/wp-content\/uploads\/2015\/12\/FOTO-3-Presidente-provincial-de-ANSOG-Sargento-Segundo-Luis-Medina-Leon.jpg\" data-orig-size=\"530,348\" data-comments-opened=\"1\" data-image-meta=\"{&quot;aperture&quot;:&quot;0&quot;,&quot;credit&quot;:&quot;&quot;,&quot;camera&quot;:&quot;&quot;,&quot;caption&quot;:&quot;&quot;,&quot;created_timestamp&quot;:&quot;0&quot;,&quot;copyright&quot;:&quot;Copyright 2012&quot;,&quot;focal_length&quot;:&quot;0&quot;,&quot;iso&quot;:&quot;0&quot;,&quot;shutter_speed&quot;:&quot;0&quot;,&quot;title&quot;:&quot;&quot;,&quot;orientation&quot;:&quot;0&quot;}\" data-image-title=\"FOTO 3 Presidente provincial de ANSOG Sargento Segundo Luis Medina Leon\" data-image-description=\"&lt;p&gt;Presidente provincial de Ansog, Sargento Segundo Luis Medina Le\u00f3n.&lt;\/p&gt; \" data-medium-file=\"https:\/\/i0.wp.com\/eltrabajo.cl\/portal\/wp-content\/uploads\/2015\/12\/FOTO-3-Presidente-provincial-de-ANSOG-Sargento-Segundo-Luis-Medina-Leon.jpg?fit=300%2C197&#038;ssl=1\" data-large-file=\"https:\/\/i0.wp.com\/eltrabajo.cl\/portal\/wp-content\/uploads\/2015\/12\/FOTO-3-Presidente-provincial-de-ANSOG-Sargento-Segundo-Luis-Medina-Leon.jpg?fit=530%2C348&#038;ssl=1\" src=\"https:\/\/i0.wp.com\/eltrabajo.cl\/portal\/wp-content\/uploads\/2015\/12\/FOTO-3-Presidente-provincial-de-ANSOG-Sargento-Segundo-Luis-Medina-Leon.jpg?w=317&#038;h=208&#038;ssl=1\" srcset=\"https:\/\/i0.wp.com\/eltrabajo.cl\/portal\/wp-content\/uploads\/2015\/12\/FOTO-3-Presidente-provincial-de-ANSOG-Sargento-Segundo-Luis-Medina-Leon.jpg?w=530&amp;ssl=1 530w, https:\/\/i0.wp.com\/eltrabajo.cl\/portal\/wp-content\/uploads\/2015\/12\/FOTO-3-Presidente-provincial-de-ANSOG-Sargento-Segundo-Luis-Medina-Leon.jpg?resize=200%2C131&amp;ssl=1 200w, https:\/\/i0.wp.com\/eltrabajo.cl\/portal\/wp-content\/uploads\/2015\/12\/FOTO-3-Presidente-provincial-de-ANSOG-Sargento-Segundo-Luis-Medina-Leon.jpg?resize=300%2C197&amp;ssl=1 300w, https:\/\/i0.wp.com\/eltrabajo.cl\/portal\/wp-content\/uploads\/2015\/12\/FOTO-3-Presidente-provincial-de-ANSOG-Sargento-Segundo-Luis-Medina-Leon.jpg?resize=228%2C150&amp;ssl=1 228w, https:\/\/i0.wp.com\/eltrabajo.cl\/portal\/wp-content\/uploads\/2015\/12\/FOTO-3-Presidente-provincial-de-ANSOG-Sargento-Segundo-Luis-Medina-Leon.jpg?resize=400%2C263&amp;ssl=1 400w\" width=\"317\" height=\"208\" loading=\"lazy\" data-original-width=\"317\" data-original-height=\"208\" itemprop=\"http:\/\/schema.org\/image\" title=\"FOTO 3 Presidente provincial de ANSOG Sargento Segundo Luis Medina Leon\" alt=\"Presidente provincial de Ansog, Sargento Segundo Luis Medina Le\u00f3n.\" style=\"width: 317px; height: 208px;\" \/> <\/a> <div class=\"tiled-gallery-caption\" itemprop=\"caption description\"> Presidente provincial de Ansog, Sargento Segundo Luis Medina Le\u00f3n. <\/div> <\/div> <\/div> <!-- close group --> <\/div> <!-- close row --> <\/div>\n","protected":false},"excerpt":{"rendered":"<p>Dirigentes provinciales de Anfup y Ansog descartaron paro total, pero aseguraron se mantendr\u00e1n en estado alerta hasta el inicio de las negociaciones el 5 de enero pr\u00f3ximo. Personal de Gendarmer\u00eda del Centro&#8230;<\/p>\n","protected":false},"author":482,"featured_media":65376,"comment_status":"open","ping_status":"open","sticky":false,"template":"","format":"standard","meta":{"advanced_seo_description":"","jetpack_seo_html_title":"","jetpack_seo_noindex":false,"_jetpack_memberships_contains_paid_content":false,"footnotes":""},"categories":[1],"tags":[],"class_list":["post-65375","post","type-post","status-publish","format-standard","has-post-thumbnail","hentry","category-cronica"],"jetpack_featured_media_url":"https:\/\/i0.wp.com\/eltrabajo.cl\/portal\/wp-content\/uploads\/2015\/12\/FOTO-1-GENDARMES-DE-CCP-SAN-FELIPE-VOLVIERON-A-MANIFESTARSE-Y-PARALIZARON-PARCIALMENTE-SUS-FUNCIONES.jpg?fit=528%2C350&ssl=1","jetpack_sharing_enabled":true,"jetpack_likes_enabled":true,"jetpack-related-posts":[],"_links":{"self":[{"href":"https:\/\/eltrabajo.cl\/portal\/wp-json\/wp\/v2\/posts\/65375","targetHints":{"allow":["GET"]}}],"collection":[{"href":"https:\/\/eltrabajo.cl\/portal\/wp-json\/wp\/v2\/posts"}],"about":[{"href":"https:\/\/eltrabajo.cl\/portal\/wp-json\/wp\/v2\/types\/post"}],"author":[{"embeddable":true,"href":"https:\/\/eltrabajo.cl\/portal\/wp-json\/wp\/v2\/users\/482"}],"replies":[{"embeddable":true,"href":"https:\/\/eltrabajo.cl\/portal\/wp-json\/wp\/v2\/comments?post=65375"}],"version-history":[{"count":0,"href":"https:\/\/eltrabajo.cl\/portal\/wp-json\/wp\/v2\/posts\/65375\/revisions"}],"wp:featuredmedia":[{"embeddable":true,"href":"https:\/\/eltrabajo.cl\/portal\/wp-json\/wp\/v2\/media\/65376"}],"wp:attachment":[{"href":"https:\/\/eltrabajo.cl\/portal\/wp-json\/wp\/v2\/media?parent=65375"}],"wp:term":[{"taxonomy":"category","embeddable":true,"href":"https:\/\/eltrabajo.cl\/portal\/wp-json\/wp\/v2\/categories?post=65375"},{"taxonomy":"post_tag","embeddable":true,"href":"https:\/\/eltrabajo.cl\/portal\/wp-json\/wp\/v2\/tags?post=65375"}],"curies":[{"name":"wp","href":"https:\/\/api.w.org\/{rel}","templated":true}]}}