{"id":65388,"date":"2016-01-04T14:14:21","date_gmt":"2016-01-04T17:14:21","guid":{"rendered":"http:\/\/www.eltrabajo.cl\/portal\/?p=65388"},"modified":"2016-01-04T14:14:21","modified_gmt":"2016-01-04T17:14:21","slug":"hinchas-dirigentes-funcionarios-y-prensa-despiden-al-magico-gonzalez","status":"publish","type":"post","link":"https:\/\/eltrabajo.cl\/portal\/hinchas-dirigentes-funcionarios-y-prensa-despiden-al-magico-gonzalez\/","title":{"rendered":"Hinchas, dirigentes, funcionarios y prensa despiden al \u2018M\u00e1gico\u2019 Gonz\u00e1lez"},"content":{"rendered":"<figure id=\"attachment_65389\" aria-describedby=\"caption-attachment-65389\" style=\"width: 300px\" class=\"wp-caption alignleft\"><img data-recalc-dims=\"1\" loading=\"lazy\" decoding=\"async\" class=\"wp-image-65389 size-medium\" src=\"https:\/\/i0.wp.com\/www.eltrabajo.cl\/portal\/wp-content\/uploads\/2016\/01\/magico-cn-reporteros-300x198.jpg?resize=300%2C198\" alt=\"El exjugador comparti\u00f3 con la prensa deportiva de San Felipe que fue invitada especialmente a su despedida.\" width=\"300\" height=\"198\" srcset=\"https:\/\/i0.wp.com\/eltrabajo.cl\/portal\/wp-content\/uploads\/2016\/01\/magico-cn-reporteros.jpg?resize=300%2C198&amp;ssl=1 300w, https:\/\/i0.wp.com\/eltrabajo.cl\/portal\/wp-content\/uploads\/2016\/01\/magico-cn-reporteros.jpg?resize=200%2C132&amp;ssl=1 200w, https:\/\/i0.wp.com\/eltrabajo.cl\/portal\/wp-content\/uploads\/2016\/01\/magico-cn-reporteros.jpg?resize=228%2C150&amp;ssl=1 228w, https:\/\/i0.wp.com\/eltrabajo.cl\/portal\/wp-content\/uploads\/2016\/01\/magico-cn-reporteros.jpg?resize=400%2C263&amp;ssl=1 400w, https:\/\/i0.wp.com\/eltrabajo.cl\/portal\/wp-content\/uploads\/2016\/01\/magico-cn-reporteros.jpg?w=530&amp;ssl=1 530w\" sizes=\"auto, (max-width: 300px) 100vw, 300px\" \/><figcaption id=\"caption-attachment-65389\" class=\"wp-caption-text\">El exjugador comparti\u00f3 con la prensa deportiva de San Felipe que fue invitada especialmente a su despedida.<\/figcaption><\/figure>\n<p>Horas antes que el 2015 llegara a su fin, en la sede de Uni\u00f3n San Felipe se realiz\u00f3 la despedida oficial al \u2018M\u00e1gico\u2019 Gonz\u00e1lez, el que debido a una seria lesi\u00f3n debi\u00f3 abandonar de manera anticipada la pr\u00e1ctica del f\u00fatbol profesional.<br \/>\nEn la ceremonia que fue simple, pero al mismo tiempo muy emotiva, estuvieron presentes representantes del club, plantel, hinchada y la prensa deportiva de la ciudad, la que fue especialmente invitada a la actividad efectuada el mi\u00e9rcoles 30 de diciembre.<br \/>\nEl \u2018M\u00e1gico\u2019 aprovech\u00f3 la oportunidad para agradecer el apoyo que siempre encontr\u00f3 en San Felipe, donde su talento sumado a su gran calidad humana, terminaron por convertirlo en un referente, y por qu\u00e9 no decirlo, en \u00eddolo ya que tanto los hinchas como el medio en general reconocen que el ahora exvolante de creaci\u00f3n ha sido uno de los mejores jugadores en toda la historia del club albirrojo. \u201cLes agradezco mucho el cari\u00f1o y el respeto que siempre me brindaron, los extra\u00f1ar\u00e9 mucho; quiero que sepan que siempre intent\u00e9 responderles\u201d, fueron las \u00faltimas palabras de Gonz\u00e1lez, al momento de su adi\u00f3s definitivo del Un\u00ed Un\u00ed.<\/p>\n","protected":false},"excerpt":{"rendered":"<p>Horas antes que el 2015 llegara a su fin, en la sede de Uni\u00f3n San Felipe se realiz\u00f3 la despedida oficial al \u2018M\u00e1gico\u2019 Gonz\u00e1lez, el que debido a una seria lesi\u00f3n debi\u00f3&#8230;<\/p>\n","protected":false},"author":482,"featured_media":65389,"comment_status":"open","ping_status":"open","sticky":false,"template":"","format":"standard","meta":{"advanced_seo_description":"","jetpack_seo_html_title":"","jetpack_seo_noindex":false,"_jetpack_memberships_contains_paid_content":false,"footnotes":""},"categories":[19],"tags":[],"class_list":["post-65388","post","type-post","status-publish","format-standard","has-post-thumbnail","hentry","category-deportes"],"jetpack_featured_media_url":"https:\/\/i0.wp.com\/eltrabajo.cl\/portal\/wp-content\/uploads\/2016\/01\/magico-cn-reporteros.jpg?fit=530%2C349&ssl=1","jetpack_sharing_enabled":true,"jetpack_likes_enabled":true,"jetpack-related-posts":[],"_links":{"self":[{"href":"https:\/\/eltrabajo.cl\/portal\/wp-json\/wp\/v2\/posts\/65388","targetHints":{"allow":["GET"]}}],"collection":[{"href":"https:\/\/eltrabajo.cl\/portal\/wp-json\/wp\/v2\/posts"}],"about":[{"href":"https:\/\/eltrabajo.cl\/portal\/wp-json\/wp\/v2\/types\/post"}],"author":[{"embeddable":true,"href":"https:\/\/eltrabajo.cl\/portal\/wp-json\/wp\/v2\/users\/482"}],"replies":[{"embeddable":true,"href":"https:\/\/eltrabajo.cl\/portal\/wp-json\/wp\/v2\/comments?post=65388"}],"version-history":[{"count":0,"href":"https:\/\/eltrabajo.cl\/portal\/wp-json\/wp\/v2\/posts\/65388\/revisions"}],"wp:featuredmedia":[{"embeddable":true,"href":"https:\/\/eltrabajo.cl\/portal\/wp-json\/wp\/v2\/media\/65389"}],"wp:attachment":[{"href":"https:\/\/eltrabajo.cl\/portal\/wp-json\/wp\/v2\/media?parent=65388"}],"wp:term":[{"taxonomy":"category","embeddable":true,"href":"https:\/\/eltrabajo.cl\/portal\/wp-json\/wp\/v2\/categories?post=65388"},{"taxonomy":"post_tag","embeddable":true,"href":"https:\/\/eltrabajo.cl\/portal\/wp-json\/wp\/v2\/tags?post=65388"}],"curies":[{"name":"wp","href":"https:\/\/api.w.org\/{rel}","templated":true}]}}