{"id":65391,"date":"2016-01-04T14:17:16","date_gmt":"2016-01-04T17:17:16","guid":{"rendered":"http:\/\/www.eltrabajo.cl\/portal\/?p=65391"},"modified":"2016-01-04T14:17:16","modified_gmt":"2016-01-04T17:17:16","slug":"dona-maria-molina-celebro-este-sabado-sus-103-anos-de-vida","status":"publish","type":"post","link":"https:\/\/eltrabajo.cl\/portal\/dona-maria-molina-celebro-este-sabado-sus-103-anos-de-vida\/","title":{"rendered":"Do\u00f1a Mar\u00eda Molina celebr\u00f3 este s\u00e1bado sus 103 a\u00f1os de vida"},"content":{"rendered":"<figure id=\"attachment_65392\" aria-describedby=\"caption-attachment-65392\" style=\"width: 300px\" class=\"wp-caption alignleft\"><img data-recalc-dims=\"1\" loading=\"lazy\" decoding=\"async\" class=\"wp-image-65392 size-medium\" src=\"https:\/\/i0.wp.com\/www.eltrabajo.cl\/portal\/wp-content\/uploads\/2016\/01\/Abuelita103-300x198.jpg?resize=300%2C198\" alt=\"TESORO VIVIENTE.- Rodeada de su familia y del alcalde Patricio Freire, as\u00ed celebr\u00f3 do\u00f1a Mar\u00eda Molina sus 103 a\u00f1os de vida.\" width=\"300\" height=\"198\" srcset=\"https:\/\/i0.wp.com\/eltrabajo.cl\/portal\/wp-content\/uploads\/2016\/01\/Abuelita103.jpg?resize=300%2C198&amp;ssl=1 300w, https:\/\/i0.wp.com\/eltrabajo.cl\/portal\/wp-content\/uploads\/2016\/01\/Abuelita103.jpg?resize=200%2C132&amp;ssl=1 200w, https:\/\/i0.wp.com\/eltrabajo.cl\/portal\/wp-content\/uploads\/2016\/01\/Abuelita103.jpg?resize=228%2C150&amp;ssl=1 228w, https:\/\/i0.wp.com\/eltrabajo.cl\/portal\/wp-content\/uploads\/2016\/01\/Abuelita103.jpg?resize=400%2C263&amp;ssl=1 400w, https:\/\/i0.wp.com\/eltrabajo.cl\/portal\/wp-content\/uploads\/2016\/01\/Abuelita103.jpg?w=530&amp;ssl=1 530w\" sizes=\"auto, (max-width: 300px) 100vw, 300px\" \/><figcaption id=\"caption-attachment-65392\" class=\"wp-caption-text\">TESORO VIVIENTE.- Rodeada de su familia y del alcalde Patricio Freire, as\u00ed celebr\u00f3 do\u00f1a Mar\u00eda Molina sus 103 a\u00f1os de vida.<\/figcaption><\/figure>\n<p>El s\u00e1bado fue su 103\u00ba cumplea\u00f1os. Naci\u00f3 el jueves 2 de enero de 1913 en Cha\u00f1aral, Copiap\u00f3; es la mayor de ocho hermanos y se desempe\u00f1\u00f3 trabajando como ec\u00f3noma en la antigua Escuela Hogar de San Felipe. Hablamos de do\u00f1a Mar\u00eda Molina Godoy, vecina de nuestra comuna que el s\u00e1bado estuvo cumpliendo 103 a\u00f1os de vida.<br \/>\nFue el propio alcalde de San Felipe, Patricio Freire Canto, quien en horas de la tarde toc\u00f3 a la puerta de su casa, siendo recibido por la familia de do\u00f1a Mar\u00eda. Ya con torta en mano, el edil comparti\u00f3 con do\u00f1a Mar\u00eda y la familia las an\u00e9cdotas de nuestra cumplea\u00f1era.<br \/>\n\u00abMam\u00e1 fue una mujer muy trabajadora, se cas\u00f3 con pap\u00e1, don Ren\u00e9 Flores, un connotado profesor del San Felipe de ayer, soy su \u00fanico hijo y le di a mam\u00e1 tres nietos, Alejandra, Cristian y Constanza, todos en casa le queremos, la cuidamos mucho y nos alegramos de que ella no sufra de enfermedades cr\u00f3nicas, es un roble mi madrecita\u00bb, coment\u00f3 emocionado a Diario El Trabajo, el hijo de do\u00f1a Mar\u00eda, don Ren\u00e9 Patricio Flores Molina.<\/p>\n<figure id=\"attachment_65393\" aria-describedby=\"caption-attachment-65393\" style=\"width: 300px\" class=\"wp-caption alignright\"><img data-recalc-dims=\"1\" loading=\"lazy\" decoding=\"async\" class=\"wp-image-65393 size-medium\" src=\"https:\/\/i0.wp.com\/www.eltrabajo.cl\/portal\/wp-content\/uploads\/2016\/01\/Juventud33-300x198.jpg?resize=300%2C198\" alt=\"A\u00d1OS DE JUVENTUD.- As\u00ed luc\u00eda do\u00f1a Mar\u00eda en sus a\u00f1os de juventud, foto del recuerdo con sus padres en los a\u00f1os treinta.\" width=\"300\" height=\"198\" srcset=\"https:\/\/i0.wp.com\/eltrabajo.cl\/portal\/wp-content\/uploads\/2016\/01\/Juventud33.jpg?resize=300%2C198&amp;ssl=1 300w, https:\/\/i0.wp.com\/eltrabajo.cl\/portal\/wp-content\/uploads\/2016\/01\/Juventud33.jpg?resize=200%2C132&amp;ssl=1 200w, https:\/\/i0.wp.com\/eltrabajo.cl\/portal\/wp-content\/uploads\/2016\/01\/Juventud33.jpg?resize=228%2C150&amp;ssl=1 228w, https:\/\/i0.wp.com\/eltrabajo.cl\/portal\/wp-content\/uploads\/2016\/01\/Juventud33.jpg?resize=400%2C263&amp;ssl=1 400w, https:\/\/i0.wp.com\/eltrabajo.cl\/portal\/wp-content\/uploads\/2016\/01\/Juventud33.jpg?w=530&amp;ssl=1 530w\" sizes=\"auto, (max-width: 300px) 100vw, 300px\" \/><figcaption id=\"caption-attachment-65393\" class=\"wp-caption-text\">A\u00d1OS DE JUVENTUD.- As\u00ed luc\u00eda do\u00f1a Mar\u00eda en sus a\u00f1os de juventud, foto del recuerdo con sus padres en los a\u00f1os treinta.<\/figcaption><\/figure>\n<p>Fue el mismo Ren\u00e9, quien le dio con cari\u00f1o un buen trozo de torta a do\u00f1a Mar\u00eda, quedando patentado el buen apetito de esta centenaria vecina sanfelipe\u00f1a. Es importante rescatar que do\u00f1a Mar\u00eda tambi\u00e9n desarroll\u00f3 sus virtudes a trav\u00e9s del trabajo social cuando milit\u00f3 en el Centro Femenino del Club Patria y Libertad; as\u00ed como fiel activista en el Club Social Uni\u00f3n Femenina de nuestra comuna.<br \/>\nTodos quienes laboramos en Diario El Trabajo le deseamos p\u00fablicamente un excelente 2016, colmado de salud y amor filial. Felicidades do\u00f1a Mar\u00eda.<br \/>\n<strong>Roberto Gonz\u00e1lez Short<\/strong><br \/>\n<strong>rgonzalez@eltrabajo.cl<\/strong><\/p>\n","protected":false},"excerpt":{"rendered":"<p>El s\u00e1bado fue su 103\u00ba cumplea\u00f1os. Naci\u00f3 el jueves 2 de enero de 1913 en Cha\u00f1aral, Copiap\u00f3; es la mayor de ocho hermanos y se desempe\u00f1\u00f3 trabajando como ec\u00f3noma en la antigua&#8230;<\/p>\n","protected":false},"author":482,"featured_media":65392,"comment_status":"open","ping_status":"open","sticky":false,"template":"","format":"standard","meta":{"advanced_seo_description":"","jetpack_seo_html_title":"","jetpack_seo_noindex":false,"_jetpack_memberships_contains_paid_content":false,"footnotes":""},"categories":[1],"tags":[],"class_list":["post-65391","post","type-post","status-publish","format-standard","has-post-thumbnail","hentry","category-cronica"],"jetpack_featured_media_url":"https:\/\/i0.wp.com\/eltrabajo.cl\/portal\/wp-content\/uploads\/2016\/01\/Abuelita103.jpg?fit=530%2C349&ssl=1","jetpack_sharing_enabled":true,"jetpack_likes_enabled":true,"jetpack-related-posts":[],"_links":{"self":[{"href":"https:\/\/eltrabajo.cl\/portal\/wp-json\/wp\/v2\/posts\/65391","targetHints":{"allow":["GET"]}}],"collection":[{"href":"https:\/\/eltrabajo.cl\/portal\/wp-json\/wp\/v2\/posts"}],"about":[{"href":"https:\/\/eltrabajo.cl\/portal\/wp-json\/wp\/v2\/types\/post"}],"author":[{"embeddable":true,"href":"https:\/\/eltrabajo.cl\/portal\/wp-json\/wp\/v2\/users\/482"}],"replies":[{"embeddable":true,"href":"https:\/\/eltrabajo.cl\/portal\/wp-json\/wp\/v2\/comments?post=65391"}],"version-history":[{"count":0,"href":"https:\/\/eltrabajo.cl\/portal\/wp-json\/wp\/v2\/posts\/65391\/revisions"}],"wp:featuredmedia":[{"embeddable":true,"href":"https:\/\/eltrabajo.cl\/portal\/wp-json\/wp\/v2\/media\/65392"}],"wp:attachment":[{"href":"https:\/\/eltrabajo.cl\/portal\/wp-json\/wp\/v2\/media?parent=65391"}],"wp:term":[{"taxonomy":"category","embeddable":true,"href":"https:\/\/eltrabajo.cl\/portal\/wp-json\/wp\/v2\/categories?post=65391"},{"taxonomy":"post_tag","embeddable":true,"href":"https:\/\/eltrabajo.cl\/portal\/wp-json\/wp\/v2\/tags?post=65391"}],"curies":[{"name":"wp","href":"https:\/\/api.w.org\/{rel}","templated":true}]}}