{"id":65395,"date":"2016-01-04T14:19:24","date_gmt":"2016-01-04T17:19:24","guid":{"rendered":"http:\/\/www.eltrabajo.cl\/portal\/?p=65395"},"modified":"2016-01-04T14:19:24","modified_gmt":"2016-01-04T17:19:24","slug":"proyecto-valle-resiliente-construye-domo-de-superadobe-en-santa-maria","status":"publish","type":"post","link":"https:\/\/eltrabajo.cl\/portal\/proyecto-valle-resiliente-construye-domo-de-superadobe-en-santa-maria\/","title":{"rendered":"Proyecto \u2018Valle resiliente\u2019 construye domo de superadobe en Santa Mar\u00eda"},"content":{"rendered":"<figure id=\"attachment_65396\" aria-describedby=\"caption-attachment-65396\" style=\"width: 300px\" class=\"wp-caption alignleft\"><img data-recalc-dims=\"1\" loading=\"lazy\" decoding=\"async\" class=\"wp-image-65396 size-medium\" src=\"https:\/\/i0.wp.com\/www.eltrabajo.cl\/portal\/wp-content\/uploads\/2016\/01\/Domo-Santa-Maria-300x198.jpg?resize=300%2C198\" alt=\"El proyecto \u2018Valle resiliente\u2019 considera la construcci\u00f3n de un domo y un ba\u00f1o seco de superadobe que servir\u00e1 como sala de clases.\" width=\"300\" height=\"198\" srcset=\"https:\/\/i0.wp.com\/eltrabajo.cl\/portal\/wp-content\/uploads\/2016\/01\/Domo-Santa-Maria.jpg?resize=300%2C198&amp;ssl=1 300w, https:\/\/i0.wp.com\/eltrabajo.cl\/portal\/wp-content\/uploads\/2016\/01\/Domo-Santa-Maria.jpg?resize=200%2C132&amp;ssl=1 200w, https:\/\/i0.wp.com\/eltrabajo.cl\/portal\/wp-content\/uploads\/2016\/01\/Domo-Santa-Maria.jpg?resize=227%2C150&amp;ssl=1 227w, https:\/\/i0.wp.com\/eltrabajo.cl\/portal\/wp-content\/uploads\/2016\/01\/Domo-Santa-Maria.jpg?resize=400%2C264&amp;ssl=1 400w, https:\/\/i0.wp.com\/eltrabajo.cl\/portal\/wp-content\/uploads\/2016\/01\/Domo-Santa-Maria.jpg?w=530&amp;ssl=1 530w\" sizes=\"auto, (max-width: 300px) 100vw, 300px\" \/><figcaption id=\"caption-attachment-65396\" class=\"wp-caption-text\">El proyecto \u2018Valle resiliente\u2019 considera la construcci\u00f3n de un domo y un ba\u00f1o seco de superadobe que servir\u00e1 como sala de clases.<\/figcaption><\/figure>\n<ul>\n<li><strong>Actividad ense\u00f1a a la comunidad de Jahuel sobre t\u00e9cnicas que no afectan el medio ambiente.<\/strong><\/li>\n<\/ul>\n<p>Una novedosa iniciativa se est\u00e1 llevando a cabo en Santa Mar\u00eda. Se trata de la construcci\u00f3n de un domo y un ba\u00f1o seco de superadobe, realizado bajo el proyecto \u2018Valle resiliente\u2019 (anteriormente conocidos como Tierra de ni\u00f1os), que busca entregar una metodolog\u00eda donde se empodere a los ni\u00f1os en la conservaci\u00f3n y preservaci\u00f3n de su medio natural y patrimonio. Por ese motivo, es que comenzaron la construcci\u00f3n de un domo de adobe para que sirva como sala de clases donde se promuevan y ense\u00f1an temas de conservaci\u00f3n y eficiencia h\u00eddrica.<br \/>\nEn esa l\u00ednea, Guillermo Sapaj, profesional de las ciencias ambientales, manifest\u00f3 que esta construcci\u00f3n es s\u00f3lo una parte de una importante iniciativa, que se desarrolla en conjunto con el Ciem Aconcagua, la Escuela Julio Tejedor, el municipio y la comunidad de Jahuel. \u201cEste proyecto comenz\u00f3 en 2008, con el nombre de \u2018Tierra de ni\u00f1os\u2019, donde busc\u00e1bamos empoderar a los ni\u00f1os y las comunidades. Ahora, lo que hacemos, es continuar ese proyecto bajo el nombre de \u2018Valle Resiliente\u2019 y la idea es combinar la idea de educaci\u00f3n ambiental, con algo pr\u00e1ctico como es la escasez h\u00eddrica\u201d, afirm\u00f3.<br \/>\nEn tanto, el gobernador Eduardo Le\u00f3n destac\u00f3 la realizaci\u00f3n de estos proyectos. \u201cAhora viene el cambio clim\u00e1tico y es importante estar preparados. Ac\u00e1, en Jahuel, confluyen varias organizaciones p\u00fablicas y privadas, que elaboran nuevas propuestas para poder adaptar al Valle de Aconcagua a esta situaci\u00f3n. Nosotros como Gobernaci\u00f3n apoyaremos estas iniciativas porque creemos que debemos avanzar con nuevas pr\u00e1cticas que sean compatibles con nuestro entorno\u201d, afirm\u00f3 la autoridad provincial.<br \/>\nLa agrupaci\u00f3n ha generado un sinf\u00edn de actividades y talleres para que la comunidad se informe sobre diversas materias medioambientales y a cambio los asistentes participen de la minga de eco-construcci\u00f3n, donde ayudan con la elaboraci\u00f3n y arreglo del terreno.<br \/>\nLos interesados pueden ingresar a la p\u00e1gina de Facebook de \u2018Valle Resiliente\u2019 donde encontrar\u00e1n toda la informaci\u00f3n necesaria.<\/p>\n","protected":false},"excerpt":{"rendered":"<p>Actividad ense\u00f1a a la comunidad de Jahuel sobre t\u00e9cnicas que no afectan el medio ambiente. Una novedosa iniciativa se est\u00e1 llevando a cabo en Santa Mar\u00eda. Se trata de la construcci\u00f3n de&#8230;<\/p>\n","protected":false},"author":482,"featured_media":65396,"comment_status":"open","ping_status":"open","sticky":false,"template":"","format":"standard","meta":{"advanced_seo_description":"","jetpack_seo_html_title":"","jetpack_seo_noindex":false,"_jetpack_memberships_contains_paid_content":false,"footnotes":""},"categories":[15],"tags":[],"class_list":["post-65395","post","type-post","status-publish","format-standard","has-post-thumbnail","hentry","category-comunidad"],"jetpack_featured_media_url":"https:\/\/i0.wp.com\/eltrabajo.cl\/portal\/wp-content\/uploads\/2016\/01\/Domo-Santa-Maria.jpg?fit=530%2C350&ssl=1","jetpack_sharing_enabled":true,"jetpack_likes_enabled":true,"jetpack-related-posts":[],"_links":{"self":[{"href":"https:\/\/eltrabajo.cl\/portal\/wp-json\/wp\/v2\/posts\/65395","targetHints":{"allow":["GET"]}}],"collection":[{"href":"https:\/\/eltrabajo.cl\/portal\/wp-json\/wp\/v2\/posts"}],"about":[{"href":"https:\/\/eltrabajo.cl\/portal\/wp-json\/wp\/v2\/types\/post"}],"author":[{"embeddable":true,"href":"https:\/\/eltrabajo.cl\/portal\/wp-json\/wp\/v2\/users\/482"}],"replies":[{"embeddable":true,"href":"https:\/\/eltrabajo.cl\/portal\/wp-json\/wp\/v2\/comments?post=65395"}],"version-history":[{"count":0,"href":"https:\/\/eltrabajo.cl\/portal\/wp-json\/wp\/v2\/posts\/65395\/revisions"}],"wp:featuredmedia":[{"embeddable":true,"href":"https:\/\/eltrabajo.cl\/portal\/wp-json\/wp\/v2\/media\/65396"}],"wp:attachment":[{"href":"https:\/\/eltrabajo.cl\/portal\/wp-json\/wp\/v2\/media?parent=65395"}],"wp:term":[{"taxonomy":"category","embeddable":true,"href":"https:\/\/eltrabajo.cl\/portal\/wp-json\/wp\/v2\/categories?post=65395"},{"taxonomy":"post_tag","embeddable":true,"href":"https:\/\/eltrabajo.cl\/portal\/wp-json\/wp\/v2\/tags?post=65395"}],"curies":[{"name":"wp","href":"https:\/\/api.w.org\/{rel}","templated":true}]}}