{"id":65398,"date":"2016-01-04T14:22:15","date_gmt":"2016-01-04T17:22:15","guid":{"rendered":"http:\/\/www.eltrabajo.cl\/portal\/?p=65398"},"modified":"2016-01-04T14:22:15","modified_gmt":"2016-01-04T17:22:15","slug":"realizaran-2a-version-de-eco-yoga-festival-2016-en-catemu","status":"publish","type":"post","link":"https:\/\/eltrabajo.cl\/portal\/realizaran-2a-version-de-eco-yoga-festival-2016-en-catemu\/","title":{"rendered":"Realizar\u00e1n 2\u00aa versi\u00f3n de Eco Yoga Festival 2016 en Catemu"},"content":{"rendered":"<figure id=\"attachment_65399\" aria-describedby=\"caption-attachment-65399\" style=\"width: 300px\" class=\"wp-caption alignleft\"><img data-recalc-dims=\"1\" loading=\"lazy\" decoding=\"async\" class=\"wp-image-65399 size-medium\" src=\"https:\/\/i0.wp.com\/www.eltrabajo.cl\/portal\/wp-content\/uploads\/2016\/01\/Eco-yoga-300x198.jpg?resize=300%2C198\" alt=\"La actividad se realizar\u00e1 los d\u00edas 15 y 16 de enero en Eka Chakra, en Catemu.\" width=\"300\" height=\"198\" srcset=\"https:\/\/i0.wp.com\/eltrabajo.cl\/portal\/wp-content\/uploads\/2016\/01\/Eco-yoga.jpg?resize=300%2C198&amp;ssl=1 300w, https:\/\/i0.wp.com\/eltrabajo.cl\/portal\/wp-content\/uploads\/2016\/01\/Eco-yoga.jpg?resize=200%2C132&amp;ssl=1 200w, https:\/\/i0.wp.com\/eltrabajo.cl\/portal\/wp-content\/uploads\/2016\/01\/Eco-yoga.jpg?resize=227%2C150&amp;ssl=1 227w, https:\/\/i0.wp.com\/eltrabajo.cl\/portal\/wp-content\/uploads\/2016\/01\/Eco-yoga.jpg?resize=400%2C264&amp;ssl=1 400w, https:\/\/i0.wp.com\/eltrabajo.cl\/portal\/wp-content\/uploads\/2016\/01\/Eco-yoga.jpg?w=530&amp;ssl=1 530w\" sizes=\"auto, (max-width: 300px) 100vw, 300px\" \/><figcaption id=\"caption-attachment-65399\" class=\"wp-caption-text\">La actividad se realizar\u00e1 los d\u00edas 15 y 16 de enero en Eka Chakra, en Catemu.<\/figcaption><\/figure>\n<ul>\n<li><strong>La actividad se desarrollar\u00e1 el 15 y 16 de enero.<\/strong><\/li>\n<\/ul>\n<p><strong>CATEMU<\/strong>.- En la ciudad catemina se llevar\u00e1 a cabo la 2\u00aa versi\u00f3n del Eco Yoga Festival 2016 en Eka Chakra, durante los d\u00edas 15 y 16 de enero.<br \/>\nEl d\u00eda del evento se efectuar\u00e1n actividades como pr\u00e1cticas de yoga (estilo Hatha Inbound, ashtanga), yoga para ni\u00f1os, ceremonia de fuego, meditaci\u00f3n con mantras y mudras, talleres de alimentaci\u00f3n saludable, bio construcci\u00f3n, huerta org\u00e1nica, m\u00fasico terapia, masaje abhyanga, quipropraxia sanaci\u00f3n de chakras con cristales, temazcal, talleres de mandalas terap\u00e9uticas para ni\u00f1os, y mucho m\u00e1s.<br \/>\nTodo esto en un ambiente grato, natural y lleno de armon\u00eda. Quienes deseen m\u00e1s informaci\u00f3n de valores de talleres, terapias, estad\u00eda y alimentaci\u00f3n, deben solicitarla a ekachacra@gmail.com. Habr\u00e1 hospedaje en camping y alimentaci\u00f3n vegetariana y vegana.<\/p>\n","protected":false},"excerpt":{"rendered":"<p>La actividad se desarrollar\u00e1 el 15 y 16 de enero. CATEMU.- En la ciudad catemina se llevar\u00e1 a cabo la 2\u00aa versi\u00f3n del Eco Yoga Festival 2016 en Eka Chakra, durante los&#8230;<\/p>\n","protected":false},"author":482,"featured_media":65399,"comment_status":"open","ping_status":"open","sticky":false,"template":"","format":"standard","meta":{"advanced_seo_description":"","jetpack_seo_html_title":"","jetpack_seo_noindex":false,"_jetpack_memberships_contains_paid_content":false,"footnotes":""},"categories":[15],"tags":[],"class_list":["post-65398","post","type-post","status-publish","format-standard","has-post-thumbnail","hentry","category-comunidad"],"jetpack_featured_media_url":"https:\/\/i0.wp.com\/eltrabajo.cl\/portal\/wp-content\/uploads\/2016\/01\/Eco-yoga.jpg?fit=530%2C350&ssl=1","jetpack_sharing_enabled":true,"jetpack_likes_enabled":true,"jetpack-related-posts":[],"_links":{"self":[{"href":"https:\/\/eltrabajo.cl\/portal\/wp-json\/wp\/v2\/posts\/65398","targetHints":{"allow":["GET"]}}],"collection":[{"href":"https:\/\/eltrabajo.cl\/portal\/wp-json\/wp\/v2\/posts"}],"about":[{"href":"https:\/\/eltrabajo.cl\/portal\/wp-json\/wp\/v2\/types\/post"}],"author":[{"embeddable":true,"href":"https:\/\/eltrabajo.cl\/portal\/wp-json\/wp\/v2\/users\/482"}],"replies":[{"embeddable":true,"href":"https:\/\/eltrabajo.cl\/portal\/wp-json\/wp\/v2\/comments?post=65398"}],"version-history":[{"count":0,"href":"https:\/\/eltrabajo.cl\/portal\/wp-json\/wp\/v2\/posts\/65398\/revisions"}],"wp:featuredmedia":[{"embeddable":true,"href":"https:\/\/eltrabajo.cl\/portal\/wp-json\/wp\/v2\/media\/65399"}],"wp:attachment":[{"href":"https:\/\/eltrabajo.cl\/portal\/wp-json\/wp\/v2\/media?parent=65398"}],"wp:term":[{"taxonomy":"category","embeddable":true,"href":"https:\/\/eltrabajo.cl\/portal\/wp-json\/wp\/v2\/categories?post=65398"},{"taxonomy":"post_tag","embeddable":true,"href":"https:\/\/eltrabajo.cl\/portal\/wp-json\/wp\/v2\/tags?post=65398"}],"curies":[{"name":"wp","href":"https:\/\/api.w.org\/{rel}","templated":true}]}}