{"id":65401,"date":"2016-01-04T14:23:18","date_gmt":"2016-01-04T17:23:18","guid":{"rendered":"http:\/\/www.eltrabajo.cl\/portal\/?p=65401"},"modified":"2016-01-04T14:23:18","modified_gmt":"2016-01-04T17:23:18","slug":"usuarios-de-prodesal-se-adjudican-recursos-para-proyectos-de-ifp","status":"publish","type":"post","link":"https:\/\/eltrabajo.cl\/portal\/usuarios-de-prodesal-se-adjudican-recursos-para-proyectos-de-ifp\/","title":{"rendered":"Usuarios de Prodesal se adjudican recursos para proyectos de IFP"},"content":{"rendered":"<figure id=\"attachment_65402\" aria-describedby=\"caption-attachment-65402\" style=\"width: 300px\" class=\"wp-caption alignleft\"><img data-recalc-dims=\"1\" loading=\"lazy\" decoding=\"async\" class=\"wp-image-65402 size-medium\" src=\"https:\/\/i0.wp.com\/www.eltrabajo.cl\/portal\/wp-content\/uploads\/2016\/01\/Luis-Salgado-Prodesal-panquehue-300x198.jpg?resize=300%2C198\" alt=\"Luis Salgado, m\u00e9dico veterinario, coordinador de programa Prodesal. \" width=\"300\" height=\"198\" srcset=\"https:\/\/i0.wp.com\/eltrabajo.cl\/portal\/wp-content\/uploads\/2016\/01\/Luis-Salgado-Prodesal-panquehue.jpg?resize=300%2C198&amp;ssl=1 300w, https:\/\/i0.wp.com\/eltrabajo.cl\/portal\/wp-content\/uploads\/2016\/01\/Luis-Salgado-Prodesal-panquehue.jpg?resize=200%2C132&amp;ssl=1 200w, https:\/\/i0.wp.com\/eltrabajo.cl\/portal\/wp-content\/uploads\/2016\/01\/Luis-Salgado-Prodesal-panquehue.jpg?resize=228%2C150&amp;ssl=1 228w, https:\/\/i0.wp.com\/eltrabajo.cl\/portal\/wp-content\/uploads\/2016\/01\/Luis-Salgado-Prodesal-panquehue.jpg?resize=400%2C263&amp;ssl=1 400w, https:\/\/i0.wp.com\/eltrabajo.cl\/portal\/wp-content\/uploads\/2016\/01\/Luis-Salgado-Prodesal-panquehue.jpg?w=530&amp;ssl=1 530w\" sizes=\"auto, (max-width: 300px) 100vw, 300px\" \/><figcaption id=\"caption-attachment-65402\" class=\"wp-caption-text\">Luis Salgado, m\u00e9dico veterinario, coordinador de programa Prodesal.<\/figcaption><\/figure>\n<p><strong>PANQUEHUE.<\/strong>&#8211; Un total de siete usuarios del programa Prodesal de la comuna de Panquehue, resultaron favorecidos con la asignaci\u00f3n de recursos a trav\u00e9s del programa de Inversi\u00f3n al Fomento Productivo (IFP).<br \/>\nDe acuerdo a lo informado por el coordinador del programa, el m\u00e9dico veterinario Luis Salgado, cada uno de los usuarios debi\u00f3 hacer un aporte del 10 % del costo total del proyecto y con la adquisici\u00f3n de los implementos, estos han logrado mejorar sus procesos productivos.<br \/>\n\u201cSe trata de proyectos de inversi\u00f3n de maquinaria como de infraestructura y dentro de los que m\u00e1s se destacan tenemos una m\u00e1quina para el cultivo de hongos de tipo ostra (se trata de un hongo tipo comestible, que no tiene oferta de venta en la zona), adem\u00e1s se contempla una unidad productiva de cultivos hidrop\u00f3nicos y una sala de orde\u00f1a para caprinos y bovinos y los dem\u00e1s a proyectos, consideran la compra de maquinaria para distinto uso agr\u00edcola.<br \/>\nLos usuarios al momento de postular a este programa, debe co-financiar el proyecto, con un aporte de sobre el 10 % del total\u201d.<br \/>\nEn tanto el alcalde de la comuna de Panquehue, Luis Pradenas, dijo que durante el a\u00f1o 2015, los usuarios de este programa, se han visto beneficiados con una serie de acciones, que entre otras instancias les ha permitido mejorar como avanzar en la calidad de sus productos agr\u00edcolas. A\u00f1adi\u00f3 que esperan para este 2016, aumentar la cantidad de usuarios que se puedan ver beneficiados con distintas iniciativas.<br \/>\nProdesal es un convenio suscrito entre la municipalidad de Panquehue e Indap, el cual est\u00e1 orientado a brindar apoyo a la agricultura familiar campesina. El programa se desarrolla en la comuna desde el a\u00f1o 2011, beneficiando en la actualidad a 67 personas con asesor\u00eda t\u00e9cnica especializada en el \u00e1rea agropecuaria, sumado al aporte de fomento productivo realizado por Indap a trav\u00e9s de concursos y el apoyo econ\u00f3mico, realizado por el municipio orientado a capacitar a los agricultores.<\/p>\n","protected":false},"excerpt":{"rendered":"<p>PANQUEHUE.&#8211; Un total de siete usuarios del programa Prodesal de la comuna de Panquehue, resultaron favorecidos con la asignaci\u00f3n de recursos a trav\u00e9s del programa de Inversi\u00f3n al Fomento Productivo (IFP). De&#8230;<\/p>\n","protected":false},"author":482,"featured_media":65402,"comment_status":"open","ping_status":"open","sticky":false,"template":"","format":"standard","meta":{"advanced_seo_description":"","jetpack_seo_html_title":"","jetpack_seo_noindex":false,"_jetpack_memberships_contains_paid_content":false,"footnotes":""},"categories":[1],"tags":[],"class_list":["post-65401","post","type-post","status-publish","format-standard","has-post-thumbnail","hentry","category-cronica"],"jetpack_featured_media_url":"https:\/\/i0.wp.com\/eltrabajo.cl\/portal\/wp-content\/uploads\/2016\/01\/Luis-Salgado-Prodesal-panquehue.jpg?fit=530%2C349&ssl=1","jetpack_sharing_enabled":true,"jetpack_likes_enabled":true,"jetpack-related-posts":[],"_links":{"self":[{"href":"https:\/\/eltrabajo.cl\/portal\/wp-json\/wp\/v2\/posts\/65401","targetHints":{"allow":["GET"]}}],"collection":[{"href":"https:\/\/eltrabajo.cl\/portal\/wp-json\/wp\/v2\/posts"}],"about":[{"href":"https:\/\/eltrabajo.cl\/portal\/wp-json\/wp\/v2\/types\/post"}],"author":[{"embeddable":true,"href":"https:\/\/eltrabajo.cl\/portal\/wp-json\/wp\/v2\/users\/482"}],"replies":[{"embeddable":true,"href":"https:\/\/eltrabajo.cl\/portal\/wp-json\/wp\/v2\/comments?post=65401"}],"version-history":[{"count":0,"href":"https:\/\/eltrabajo.cl\/portal\/wp-json\/wp\/v2\/posts\/65401\/revisions"}],"wp:featuredmedia":[{"embeddable":true,"href":"https:\/\/eltrabajo.cl\/portal\/wp-json\/wp\/v2\/media\/65402"}],"wp:attachment":[{"href":"https:\/\/eltrabajo.cl\/portal\/wp-json\/wp\/v2\/media?parent=65401"}],"wp:term":[{"taxonomy":"category","embeddable":true,"href":"https:\/\/eltrabajo.cl\/portal\/wp-json\/wp\/v2\/categories?post=65401"},{"taxonomy":"post_tag","embeddable":true,"href":"https:\/\/eltrabajo.cl\/portal\/wp-json\/wp\/v2\/tags?post=65401"}],"curies":[{"name":"wp","href":"https:\/\/api.w.org\/{rel}","templated":true}]}}