{"id":65404,"date":"2016-01-04T14:34:19","date_gmt":"2016-01-04T17:34:19","guid":{"rendered":"http:\/\/www.eltrabajo.cl\/portal\/?p=65404"},"modified":"2016-01-04T14:34:19","modified_gmt":"2016-01-04T17:34:19","slug":"vecinos-de-el-tartaro-se-suman-a-campana-judicial-contra-andes-copper","status":"publish","type":"post","link":"https:\/\/eltrabajo.cl\/portal\/vecinos-de-el-tartaro-se-suman-a-campana-judicial-contra-andes-copper\/","title":{"rendered":"Vecinos de El T\u00e1rtaro se suman a campa\u00f1a judicial contra Andes Copper"},"content":{"rendered":"<figure id=\"attachment_65405\" aria-describedby=\"caption-attachment-65405\" style=\"width: 300px\" class=\"wp-caption alignleft\"><img data-recalc-dims=\"1\" loading=\"lazy\" decoding=\"async\" class=\"wp-image-65405 size-medium\" src=\"https:\/\/i0.wp.com\/www.eltrabajo.cl\/portal\/wp-content\/uploads\/2016\/01\/Recurso-judicial-El-Tartaro-300x198.jpg?resize=300%2C198\" alt=\"Representantes de la Junta de vecinos El T\u00e1rtaro junto al abogado H\u00e9ctor P\u00e9rez, interpusieron un recurso judicial en la Corte de Apelaciones contra la minera Andes Cooper por los trabajos que est\u00e1 realizando al interior de Los Patos.\" width=\"300\" height=\"198\" srcset=\"https:\/\/i0.wp.com\/eltrabajo.cl\/portal\/wp-content\/uploads\/2016\/01\/Recurso-judicial-El-Tartaro.jpg?resize=300%2C198&amp;ssl=1 300w, https:\/\/i0.wp.com\/eltrabajo.cl\/portal\/wp-content\/uploads\/2016\/01\/Recurso-judicial-El-Tartaro.jpg?resize=200%2C132&amp;ssl=1 200w, https:\/\/i0.wp.com\/eltrabajo.cl\/portal\/wp-content\/uploads\/2016\/01\/Recurso-judicial-El-Tartaro.jpg?resize=227%2C150&amp;ssl=1 227w, https:\/\/i0.wp.com\/eltrabajo.cl\/portal\/wp-content\/uploads\/2016\/01\/Recurso-judicial-El-Tartaro.jpg?resize=400%2C264&amp;ssl=1 400w, https:\/\/i0.wp.com\/eltrabajo.cl\/portal\/wp-content\/uploads\/2016\/01\/Recurso-judicial-El-Tartaro.jpg?w=530&amp;ssl=1 530w\" sizes=\"auto, (max-width: 300px) 100vw, 300px\" \/><figcaption id=\"caption-attachment-65405\" class=\"wp-caption-text\">Representantes de la Junta de vecinos El T\u00e1rtaro junto al abogado H\u00e9ctor P\u00e9rez, interpusieron un recurso judicial en la Corte de Apelaciones contra la minera Andes Cooper por los trabajos que est\u00e1 realizando al interior de Los Patos.<\/figcaption><\/figure>\n<ul>\n<li><strong>La unidad vecinal se convierte en la primera organizaci\u00f3n que recurre a la justicia para buscar la paralizaci\u00f3n de las faenas de la multinacional canadiense, despu\u00e9s del recurso presentado por el empresario Luis Arancibia.<\/strong><\/li>\n<\/ul>\n<p><strong>PUTAENDO.<\/strong>&#8211; Durante la ma\u00f1ana de este s\u00e1bado, la Junta de Vecinos del sector El T\u00e1rtaro representada por su directiva, acudi\u00f3 hasta la Corte de Apelaciones de Valpara\u00edso para presentar un recurso judicial en contra de la empresa minera canadiense Andes Copper, denunciando la directa intervenci\u00f3n del cauce del R\u00edo Roc\u00edn y solicitando tambi\u00e9n la paralizaci\u00f3n de los trabajos que se est\u00e1n desarrollando al interior de la localidad de Los Patos mediante una orden de no innovar.<br \/>\nRepresentados por el abogado H\u00e9ctor P\u00e9rez \u2013 que tambi\u00e9n patrocin\u00f3 al empresario Luis Arancibia en la presentaci\u00f3n del recurso judicial que deriv\u00f3 en la orden de paralizaci\u00f3n de las faenas de Andes Copper \u2013 la organizaci\u00f3n de El T\u00e1rtaro se convirti\u00f3 en la primera junta de vecinos que recurre a la justicia con el objetivo de paralizar las obras de la multinacional, que hasta la fecha ha realizado m\u00e1s de 600 sondajes y de acuerdo a las pruebas presentadas en el anterior recurso, intervino directamente el cauce del R\u00edo Roc\u00edn con maquinaria pesada.<br \/>\n\u201cTodas las personas est\u00e1n siendo perjudicadas por los trabajos que est\u00e1 efectuando Andes Copper, pero en este caso nosotros especificamos las necesidades de El T\u00e1rtaro y naturalmente ellos definieron el recurso de protecci\u00f3n en un concepto que indica que son 200 familias que est\u00e1n afectadas por las aguas de riego debido a la intervenci\u00f3n del R\u00edo Roc\u00edn\u201d, declar\u00f3 el abogado H\u00e9ctor P\u00e9rez, quien adem\u00e1s sostuvo que con este recurso tambi\u00e9n est\u00e1n pidiendo una orden de no innovar, que se sumar\u00eda a la presentaci\u00f3n realizada por Luis Arancibia para paralizar las faenas de Andes Copper, especificando la intervenci\u00f3n del Roc\u00edn.<br \/>\nEn la opini\u00f3n de Hermosina Lazcano, presidenta de la Junta de Vecinos de El T\u00e1rtaro, la v\u00eda judicial siempre debi\u00f3 ser el camino para evitar el avance de Andes Copper en Putaendo y defender a la comuna \u201cpor lo que esperamos que este recurso sea tomado en cuenta y se adjunte al del empresario Arancibia. Estamos contentos con el paso que estamos dando\u201d, recalc\u00f3 la dirigente, quien cuestion\u00f3 lo que a su juicio es una quietud de la Municipalidad de Putaendo y las autoridades locales \u201cy nos asombra el camino que est\u00e1n tomando, de pasividad ante la urgencia que estamos viviendo\u201d, fustig\u00f3.<br \/>\n<strong>Patricio Gallardo M.<\/strong><\/p>\n","protected":false},"excerpt":{"rendered":"<p>La unidad vecinal se convierte en la primera organizaci\u00f3n que recurre a la justicia para buscar la paralizaci\u00f3n de las faenas de la multinacional canadiense, despu\u00e9s del recurso presentado por el empresario&#8230;<\/p>\n","protected":false},"author":482,"featured_media":65405,"comment_status":"open","ping_status":"open","sticky":false,"template":"","format":"standard","meta":{"advanced_seo_description":"","jetpack_seo_html_title":"","jetpack_seo_noindex":false,"_jetpack_memberships_contains_paid_content":false,"footnotes":""},"categories":[15],"tags":[],"class_list":["post-65404","post","type-post","status-publish","format-standard","has-post-thumbnail","hentry","category-comunidad"],"jetpack_featured_media_url":"https:\/\/i0.wp.com\/eltrabajo.cl\/portal\/wp-content\/uploads\/2016\/01\/Recurso-judicial-El-Tartaro.jpg?fit=530%2C350&ssl=1","jetpack_sharing_enabled":true,"jetpack_likes_enabled":true,"jetpack-related-posts":[],"_links":{"self":[{"href":"https:\/\/eltrabajo.cl\/portal\/wp-json\/wp\/v2\/posts\/65404","targetHints":{"allow":["GET"]}}],"collection":[{"href":"https:\/\/eltrabajo.cl\/portal\/wp-json\/wp\/v2\/posts"}],"about":[{"href":"https:\/\/eltrabajo.cl\/portal\/wp-json\/wp\/v2\/types\/post"}],"author":[{"embeddable":true,"href":"https:\/\/eltrabajo.cl\/portal\/wp-json\/wp\/v2\/users\/482"}],"replies":[{"embeddable":true,"href":"https:\/\/eltrabajo.cl\/portal\/wp-json\/wp\/v2\/comments?post=65404"}],"version-history":[{"count":0,"href":"https:\/\/eltrabajo.cl\/portal\/wp-json\/wp\/v2\/posts\/65404\/revisions"}],"wp:featuredmedia":[{"embeddable":true,"href":"https:\/\/eltrabajo.cl\/portal\/wp-json\/wp\/v2\/media\/65405"}],"wp:attachment":[{"href":"https:\/\/eltrabajo.cl\/portal\/wp-json\/wp\/v2\/media?parent=65404"}],"wp:term":[{"taxonomy":"category","embeddable":true,"href":"https:\/\/eltrabajo.cl\/portal\/wp-json\/wp\/v2\/categories?post=65404"},{"taxonomy":"post_tag","embeddable":true,"href":"https:\/\/eltrabajo.cl\/portal\/wp-json\/wp\/v2\/tags?post=65404"}],"curies":[{"name":"wp","href":"https:\/\/api.w.org\/{rel}","templated":true}]}}