{"id":65407,"date":"2016-01-04T14:36:03","date_gmt":"2016-01-04T17:36:03","guid":{"rendered":"http:\/\/www.eltrabajo.cl\/portal\/?p=65407"},"modified":"2016-01-04T14:36:03","modified_gmt":"2016-01-04T17:36:03","slug":"presidenta-junta-de-vecinos-de-el-tartaro-hay-politicos-defendiendo-a-andes-cooper-y-la-llegada-de-la-gran-mineria-a-putaendo","status":"publish","type":"post","link":"https:\/\/eltrabajo.cl\/portal\/presidenta-junta-de-vecinos-de-el-tartaro-hay-politicos-defendiendo-a-andes-cooper-y-la-llegada-de-la-gran-mineria-a-putaendo\/","title":{"rendered":"Presidenta Junta de Vecinos de El T\u00e1rtaro:\u00a0\u201cHay pol\u00edticos defendiendo a Andes Cooper y la llegada de la gran miner\u00eda a Putaendo\u201d"},"content":{"rendered":"<figure id=\"attachment_65408\" aria-describedby=\"caption-attachment-65408\" style=\"width: 300px\" class=\"wp-caption alignleft\"><img data-recalc-dims=\"1\" loading=\"lazy\" decoding=\"async\" class=\"wp-image-65408 size-medium\" src=\"https:\/\/i0.wp.com\/www.eltrabajo.cl\/portal\/wp-content\/uploads\/2016\/01\/HERMOSINA-LAZCANO-1-300x198.jpg?resize=300%2C198\" alt=\"Hermosina Lazcano, presidenta de la Junta de Vecinos de El T\u00e1rtaro, denunci\u00f3 'red de protecci\u00f3n', para Andes Cooper.\" width=\"300\" height=\"198\" srcset=\"https:\/\/i0.wp.com\/eltrabajo.cl\/portal\/wp-content\/uploads\/2016\/01\/HERMOSINA-LAZCANO-1.jpg?resize=300%2C198&amp;ssl=1 300w, https:\/\/i0.wp.com\/eltrabajo.cl\/portal\/wp-content\/uploads\/2016\/01\/HERMOSINA-LAZCANO-1.jpg?resize=200%2C132&amp;ssl=1 200w, https:\/\/i0.wp.com\/eltrabajo.cl\/portal\/wp-content\/uploads\/2016\/01\/HERMOSINA-LAZCANO-1.jpg?resize=227%2C150&amp;ssl=1 227w, https:\/\/i0.wp.com\/eltrabajo.cl\/portal\/wp-content\/uploads\/2016\/01\/HERMOSINA-LAZCANO-1.jpg?resize=400%2C264&amp;ssl=1 400w, https:\/\/i0.wp.com\/eltrabajo.cl\/portal\/wp-content\/uploads\/2016\/01\/HERMOSINA-LAZCANO-1.jpg?w=530&amp;ssl=1 530w\" sizes=\"auto, (max-width: 300px) 100vw, 300px\" \/><figcaption id=\"caption-attachment-65408\" class=\"wp-caption-text\">Hermosina Lazcano, presidenta de la Junta de Vecinos de El T\u00e1rtaro, denunci\u00f3 &#8216;red de protecci\u00f3n&#8217;, para Andes Cooper.<\/figcaption><\/figure>\n<ul>\n<li><strong>La dirigente Hermosina Lazcano formul\u00f3 estas declaraciones tras la presentaci\u00f3n de un recurso de protecci\u00f3n contra la multinacional en la Corte de Apelaciones de Valpara\u00edso, y acus\u00f3 el involucramiento directo de pol\u00edticos a nivel nacional y un parlamentario de la zona a favor de Andes Cooper.<\/strong><\/li>\n<\/ul>\n<p><strong>PUTAENDO.-<\/strong> La presidenta de la Junta de Vecinos de El T\u00e1rtaro, Hermosina Lazcano, asegur\u00f3 tener antecedentes concretos sobre lo que tild\u00f3 como una \u2018red de protecci\u00f3n\u2019 a favor de la llegada del proyecto minero de Andes Cooper al interior de Los Patos, donde estar\u00eda involucrado un ex ministro de Estado y un parlamentario de Aconcagua en ejercicio, situaci\u00f3n que para la dirigente vecinal es un hecho escandaloso.<br \/>\nLazcano sostuvo que tiene antecedentes que la instituci\u00f3n que est\u00e1 asesorando a la empresa canadiense en el proyecto minero que pretenden implementar en Putaendo, pertenece al ex Ministro Secretario de Gobierno de Patricio Aylwin y ex militante del Partido Socialista, Enrique Correa, quien adem\u00e1s mantendr\u00eda una estrecha amistad con un parlamentario de Aconcagua en ejercicio, el cual tambi\u00e9n est\u00e1 haciendo lobby a favor de Andes Cooper.<br \/>\n\u201cEstamos preocupados, porque hemos visto una pasividad de las autoridades que a\u00fan no han presentado acciones judiciales en contra de Andes Cooper, y ahora nos enteramos que un exministro tambi\u00e9n est\u00e1 apoyando esta minera asesor\u00e1ndolos a trav\u00e9s de una de sus empresas, al igual como lo hace un parlamentario de nuestra zona, que incluso se reuni\u00f3 con algunas autoridades locales para que apoyen el proyecto minero\u201d, apunt\u00f3 la dirigente.<\/p>\n<figure id=\"attachment_65409\" aria-describedby=\"caption-attachment-65409\" style=\"width: 300px\" class=\"wp-caption alignright\"><img data-recalc-dims=\"1\" loading=\"lazy\" decoding=\"async\" class=\"wp-image-65409 size-medium\" src=\"https:\/\/i0.wp.com\/www.eltrabajo.cl\/portal\/wp-content\/uploads\/2016\/01\/Enrique-Correa-300x198.jpg?resize=300%2C198\" alt=\"El exministro de Aylwin, Enrique Correa R\u00edos, entrega asesor\u00edas a la empresa canadiense Andes Cooper.\" width=\"300\" height=\"198\" srcset=\"https:\/\/i0.wp.com\/eltrabajo.cl\/portal\/wp-content\/uploads\/2016\/01\/Enrique-Correa.jpg?resize=300%2C198&amp;ssl=1 300w, https:\/\/i0.wp.com\/eltrabajo.cl\/portal\/wp-content\/uploads\/2016\/01\/Enrique-Correa.jpg?resize=200%2C132&amp;ssl=1 200w, https:\/\/i0.wp.com\/eltrabajo.cl\/portal\/wp-content\/uploads\/2016\/01\/Enrique-Correa.jpg?resize=228%2C150&amp;ssl=1 228w, https:\/\/i0.wp.com\/eltrabajo.cl\/portal\/wp-content\/uploads\/2016\/01\/Enrique-Correa.jpg?resize=400%2C263&amp;ssl=1 400w, https:\/\/i0.wp.com\/eltrabajo.cl\/portal\/wp-content\/uploads\/2016\/01\/Enrique-Correa.jpg?w=530&amp;ssl=1 530w\" sizes=\"auto, (max-width: 300px) 100vw, 300px\" \/><figcaption id=\"caption-attachment-65409\" class=\"wp-caption-text\">El exministro de Aylwin, Enrique Correa R\u00edos, entrega asesor\u00edas a la empresa canadiense Andes Cooper.<\/figcaption><\/figure>\n<p>Consultada respecto a qu\u00e9 parlamentario ser\u00eda el involucrado, la Presidenta de la Junta de Vecinos de El T\u00e1rtaro respondi\u00f3 que por el momento no entregar\u00e1 m\u00e1s detalles, pues siente temor de denunciar a un congresista.<br \/>\nEfectivamente, la empresa Imaginacci\u00f3n, que presta servicios de asesor\u00edas comunicacionales a Andes Cooper, est\u00e1 presidida por Enrique Correa R\u00edos, ex Ministro Secretario General de Gobierno durante la gesti\u00f3n de Patricio Aylwin, quien renunci\u00f3 a su militancia en el PS al crear esta empresa, pero que mantiene un rol activo en la pol\u00edtica nacional. Esta empresa adem\u00e1s ha prestado asesor\u00eda a diversos pol\u00edticos y empresas cuestionadas como Penta y Soquimich.<\/p>\n<p><strong>OFRECIMIENTOS ELECTORALES<\/strong><br \/>\nDe acuerdo a los antecedentes que maneja nuestro medio, el actual presidente de la C\u00e1mara de Diputados, Marco Antonio N\u00fa\u00f1ez, se reuni\u00f3 con el alcalde de Putaendo, Guillermo Reyes el a\u00f1o 2012 antes que comenzaran las elecciones municipales, y le pidi\u00f3 al edil que recibiera a representantes de Andes Cooper o de Imaginacci\u00f3n para conocer el proyecto minero, lo que Reyes habr\u00eda rechazado de plano, situaci\u00f3n que incluso habr\u00eda generado la molestia del parlamentario con la autoridad comunal.<br \/>\nOtro dato no menor es que en ese mismo a\u00f1o, representantes de Andes Cooper ofrecieron apoyo econ\u00f3mico a dirigentes locales y provinciales de la Democracia Cristiana, lo que tambi\u00e9n habr\u00eda sido rechazado, a los cuales a cambio de apoyarles monetariamente se les habr\u00eda pedido \u2018pavimentar el camino\u2019 para el futuro proyecto minero.<br \/>\nEn este sentido, figuran otros antecedentes que sostienen que efectivamente la empresa canadiense realiz\u00f3 aportes econ\u00f3micos en plena campa\u00f1a municipal a otras colectividades, tanto para los procesos eleccionarios de Putaendo y Aconcagua.<br \/>\n<strong>Patricio Gallardo M.<\/strong><\/p>\n","protected":false},"excerpt":{"rendered":"<p>La dirigente Hermosina Lazcano formul\u00f3 estas declaraciones tras la presentaci\u00f3n de un recurso de protecci\u00f3n contra la multinacional en la Corte de Apelaciones de Valpara\u00edso, y acus\u00f3 el involucramiento directo de pol\u00edticos&#8230;<\/p>\n","protected":false},"author":482,"featured_media":65408,"comment_status":"open","ping_status":"open","sticky":false,"template":"","format":"standard","meta":{"advanced_seo_description":"","jetpack_seo_html_title":"","jetpack_seo_noindex":false,"_jetpack_memberships_contains_paid_content":false,"footnotes":""},"categories":[15],"tags":[],"class_list":["post-65407","post","type-post","status-publish","format-standard","has-post-thumbnail","hentry","category-comunidad"],"jetpack_featured_media_url":"https:\/\/i0.wp.com\/eltrabajo.cl\/portal\/wp-content\/uploads\/2016\/01\/HERMOSINA-LAZCANO-1.jpg?fit=530%2C350&ssl=1","jetpack_sharing_enabled":true,"jetpack_likes_enabled":true,"jetpack-related-posts":[],"_links":{"self":[{"href":"https:\/\/eltrabajo.cl\/portal\/wp-json\/wp\/v2\/posts\/65407","targetHints":{"allow":["GET"]}}],"collection":[{"href":"https:\/\/eltrabajo.cl\/portal\/wp-json\/wp\/v2\/posts"}],"about":[{"href":"https:\/\/eltrabajo.cl\/portal\/wp-json\/wp\/v2\/types\/post"}],"author":[{"embeddable":true,"href":"https:\/\/eltrabajo.cl\/portal\/wp-json\/wp\/v2\/users\/482"}],"replies":[{"embeddable":true,"href":"https:\/\/eltrabajo.cl\/portal\/wp-json\/wp\/v2\/comments?post=65407"}],"version-history":[{"count":0,"href":"https:\/\/eltrabajo.cl\/portal\/wp-json\/wp\/v2\/posts\/65407\/revisions"}],"wp:featuredmedia":[{"embeddable":true,"href":"https:\/\/eltrabajo.cl\/portal\/wp-json\/wp\/v2\/media\/65408"}],"wp:attachment":[{"href":"https:\/\/eltrabajo.cl\/portal\/wp-json\/wp\/v2\/media?parent=65407"}],"wp:term":[{"taxonomy":"category","embeddable":true,"href":"https:\/\/eltrabajo.cl\/portal\/wp-json\/wp\/v2\/categories?post=65407"},{"taxonomy":"post_tag","embeddable":true,"href":"https:\/\/eltrabajo.cl\/portal\/wp-json\/wp\/v2\/tags?post=65407"}],"curies":[{"name":"wp","href":"https:\/\/api.w.org\/{rel}","templated":true}]}}