{"id":6541,"date":"2011-11-23T08:14:46","date_gmt":"2011-11-23T12:14:46","guid":{"rendered":"http:\/\/www.eltrabajo.cl\/portal\/?p=6541"},"modified":"2011-11-23T08:14:46","modified_gmt":"2011-11-23T12:14:46","slug":"programa-%e2%80%9chabilidades-para-la-vida%e2%80%9d-beneficia-a-alumnos-del-sistema-municipal","status":"publish","type":"post","link":"https:\/\/eltrabajo.cl\/portal\/programa-%e2%80%9chabilidades-para-la-vida%e2%80%9d-beneficia-a-alumnos-del-sistema-municipal\/","title":{"rendered":"Programa \u201cHabilidades para la Vida\u201d beneficia a alumnos del sistema municipal"},"content":{"rendered":"<figure id=\"attachment_6542\" aria-describedby=\"caption-attachment-6542\" style=\"width: 600px\" class=\"wp-caption alignnone\"><a href=\"http:\/\/www.eltrabajo.cl\/portal\/archives\/6541\/alumnos-beneficiados\" rel=\"attachment wp-att-6542\"><img data-recalc-dims=\"1\" loading=\"lazy\" decoding=\"async\" class=\"size-full wp-image-6542\" title=\"Alumnos beneficiados\" src=\"https:\/\/i0.wp.com\/www.eltrabajo.cl\/portal\/wp-content\/uploads\/2011\/11\/Alumnos-beneficiados.jpg?resize=600%2C480\" alt=\"\" width=\"600\" height=\"480\" srcset=\"https:\/\/i0.wp.com\/eltrabajo.cl\/portal\/wp-content\/uploads\/2011\/11\/Alumnos-beneficiados.jpg?w=600&amp;ssl=1 600w, https:\/\/i0.wp.com\/eltrabajo.cl\/portal\/wp-content\/uploads\/2011\/11\/Alumnos-beneficiados.jpg?resize=187%2C150&amp;ssl=1 187w, https:\/\/i0.wp.com\/eltrabajo.cl\/portal\/wp-content\/uploads\/2011\/11\/Alumnos-beneficiados.jpg?resize=300%2C240&amp;ssl=1 300w, https:\/\/i0.wp.com\/eltrabajo.cl\/portal\/wp-content\/uploads\/2011\/11\/Alumnos-beneficiados.jpg?resize=150%2C120&amp;ssl=1 150w, https:\/\/i0.wp.com\/eltrabajo.cl\/portal\/wp-content\/uploads\/2011\/11\/Alumnos-beneficiados.jpg?resize=400%2C320&amp;ssl=1 400w\" sizes=\"auto, (max-width: 600px) 100vw, 600px\" \/><\/a><figcaption id=\"caption-attachment-6542\" class=\"wp-caption-text\">En un acto realizado en el Teatro del Liceo Roberto Humeres se premi\u00f3 a alumnos de diferentes establecimientos educacionales del sector municipal, quienes fueron favorecidos con el programa.<\/figcaption><\/figure>\n<p>Una muestra del trabajo realizado durante el a\u00f1o y la incorporaci\u00f3n de nuevos establecimientos educacionales, desarroll\u00f3 el programa escolar \u201cHabilidades para la vida\u201d que implementa la Direcci\u00f3n de Educaci\u00f3n Municipal y la Junta Nacional de Auxilio Escolar y Becas.<\/p>\n<p>El acto se realiz\u00f3 en el Teatro del Liceo Roberto Humeres y en la oportunidad se premi\u00f3 a alumnos de diferentes establecimientos educacionales del sector municipal que han sido favorecidos con este programa, cuyo objetivo principal es detectar de manera temprana problemas de adaptaci\u00f3n y sociabilizaci\u00f3n de los alumnos y entregarles apoyo multidisciplinario por parte de profesionales de la Daem de San Felipe.<\/p>\n<p>El alcalde de la comuna Jaime Amar, entreg\u00f3 un saludo a los establecimientos que participan en este programa y especialmente a los alumnos que se ven beneficiados con \u00e9l. \u00abTodos los estudios se\u00f1alan que los problemas de adaptaci\u00f3n comienzan a manifestarse desde los cuatro a\u00f1os de edad y si no se detectan a tiempo, esos ni\u00f1os despu\u00e9s ser\u00e1n j\u00f3venes con problemas. Nosotros le hemos dado mucha importancia a la formaci\u00f3n inicial integral de nuestros alumnos y este programa que parti\u00f3 el 2007 en seis establecimientos, ahora est\u00e1 cubriendo la totalidad de nuestras escuelas y muestra resultados muy exitosos\u00bb, se\u00f1al\u00f3 el alcalde.<\/p>\n<p>Por su parte el director de Educaci\u00f3n Municipal, Jorge Sep\u00falveda, explic\u00f3 que este programa consiste en un apoyo que se brinda a los alumnos en los distintos \u00e1mbitos de su desarrollo. \u00abDe esta forma apostamos a una educaci\u00f3n en que buscamos el crecimiento integral de nuestros alumnos a trav\u00e9s de un equipo de profesionales multidisciplinario\u00bb, explic\u00f3.<\/p>\n<p>Carla Ahumada, jefa del Departamento Social de la Daem de San Felipe, que tiene a su cargo la aplicaci\u00f3n de este programa, explic\u00f3 que \u00abse enfoca a los tres actores principales de la comunidad educativa, que son los ni\u00f1os, los padres y los docentes del sistema. El objetivo es superar problemas de adaptaci\u00f3n de los ni\u00f1os y ser un aporte en su salud mental, cambiar conductas destructivas, desadaptativas y esto se desarrolla a trav\u00e9s de talleres en los establecimientos\u00bb.<\/p>\n","protected":false},"excerpt":{"rendered":"<p>Una muestra del trabajo realizado durante el a\u00f1o y la incorporaci\u00f3n de nuevos establecimientos educacionales, desarroll\u00f3 el programa escolar \u201cHabilidades para la vida\u201d que implementa la Direcci\u00f3n de Educaci\u00f3n Municipal y la&#8230;<\/p>\n","protected":false},"author":482,"featured_media":6542,"comment_status":"open","ping_status":"open","sticky":false,"template":"","format":"standard","meta":{"advanced_seo_description":"","jetpack_seo_html_title":"","jetpack_seo_noindex":false,"_jetpack_memberships_contains_paid_content":false,"footnotes":""},"categories":[17],"tags":[],"class_list":["post-6541","post","type-post","status-publish","format-standard","has-post-thumbnail","hentry","category-educacion"],"jetpack_featured_media_url":"https:\/\/i0.wp.com\/eltrabajo.cl\/portal\/wp-content\/uploads\/2011\/11\/Alumnos-beneficiados.jpg?fit=600%2C480&ssl=1","jetpack_sharing_enabled":true,"jetpack_likes_enabled":true,"jetpack-related-posts":[],"_links":{"self":[{"href":"https:\/\/eltrabajo.cl\/portal\/wp-json\/wp\/v2\/posts\/6541","targetHints":{"allow":["GET"]}}],"collection":[{"href":"https:\/\/eltrabajo.cl\/portal\/wp-json\/wp\/v2\/posts"}],"about":[{"href":"https:\/\/eltrabajo.cl\/portal\/wp-json\/wp\/v2\/types\/post"}],"author":[{"embeddable":true,"href":"https:\/\/eltrabajo.cl\/portal\/wp-json\/wp\/v2\/users\/482"}],"replies":[{"embeddable":true,"href":"https:\/\/eltrabajo.cl\/portal\/wp-json\/wp\/v2\/comments?post=6541"}],"version-history":[{"count":0,"href":"https:\/\/eltrabajo.cl\/portal\/wp-json\/wp\/v2\/posts\/6541\/revisions"}],"wp:featuredmedia":[{"embeddable":true,"href":"https:\/\/eltrabajo.cl\/portal\/wp-json\/wp\/v2\/media\/6542"}],"wp:attachment":[{"href":"https:\/\/eltrabajo.cl\/portal\/wp-json\/wp\/v2\/media?parent=6541"}],"wp:term":[{"taxonomy":"category","embeddable":true,"href":"https:\/\/eltrabajo.cl\/portal\/wp-json\/wp\/v2\/categories?post=6541"},{"taxonomy":"post_tag","embeddable":true,"href":"https:\/\/eltrabajo.cl\/portal\/wp-json\/wp\/v2\/tags?post=6541"}],"curies":[{"name":"wp","href":"https:\/\/api.w.org\/{rel}","templated":true}]}}