{"id":65411,"date":"2016-01-04T14:33:49","date_gmt":"2016-01-04T17:33:49","guid":{"rendered":"http:\/\/www.eltrabajo.cl\/portal\/?p=65411"},"modified":"2016-01-04T14:43:02","modified_gmt":"2016-01-04T17:43:02","slug":"voluntarios-de-greenpeace-disfrazados-como-arrieros-realizan-fotografias-para-conseguir-detencion-de-obras-de-andes-cooper","status":"publish","type":"post","link":"https:\/\/eltrabajo.cl\/portal\/voluntarios-de-greenpeace-disfrazados-como-arrieros-realizan-fotografias-para-conseguir-detencion-de-obras-de-andes-cooper\/","title":{"rendered":"Voluntarios de Greenpeace disfrazados como arrieros realizan fotograf\u00edas para conseguir detenci\u00f3n de obras de Andes Cooper"},"content":{"rendered":"<figure id=\"attachment_65412\" aria-describedby=\"caption-attachment-65412\" style=\"width: 300px\" class=\"wp-caption alignleft\"><img data-recalc-dims=\"1\" loading=\"lazy\" decoding=\"async\" class=\"wp-image-65412 size-medium\" src=\"https:\/\/i0.wp.com\/www.eltrabajo.cl\/portal\/wp-content\/uploads\/2016\/01\/Recurso-Andes-Cooper-2-300x198.jpg?resize=300%2C198\" alt=\"Las fotograf\u00edas que se presentaron a la Corte y permitieron paralizar las faenas, fueron captadas por ambientalistas que fingieron ser arrieros.\" width=\"300\" height=\"198\" srcset=\"https:\/\/i0.wp.com\/eltrabajo.cl\/portal\/wp-content\/uploads\/2016\/01\/Recurso-Andes-Cooper-2.jpg?resize=300%2C198&amp;ssl=1 300w, https:\/\/i0.wp.com\/eltrabajo.cl\/portal\/wp-content\/uploads\/2016\/01\/Recurso-Andes-Cooper-2.jpg?resize=200%2C132&amp;ssl=1 200w, https:\/\/i0.wp.com\/eltrabajo.cl\/portal\/wp-content\/uploads\/2016\/01\/Recurso-Andes-Cooper-2.jpg?resize=228%2C150&amp;ssl=1 228w, https:\/\/i0.wp.com\/eltrabajo.cl\/portal\/wp-content\/uploads\/2016\/01\/Recurso-Andes-Cooper-2.jpg?resize=400%2C263&amp;ssl=1 400w, https:\/\/i0.wp.com\/eltrabajo.cl\/portal\/wp-content\/uploads\/2016\/01\/Recurso-Andes-Cooper-2.jpg?w=530&amp;ssl=1 530w\" sizes=\"auto, (max-width: 300px) 100vw, 300px\" \/><figcaption id=\"caption-attachment-65412\" class=\"wp-caption-text\">Las fotograf\u00edas que se presentaron a la Corte y permitieron paralizar las faenas, fueron captadas por ambientalistas que fingieron ser arrieros.<\/figcaption><\/figure>\n<p>Voluntarios y profesionales de distintas entidades medioambientales, incluido el grupo Greenpeace, subieron a las alturas de Los Patos en Putaendo y descubrieron un poder\u00edo tecnol\u00f3gico de alrededor de 600 prospecciones de la Empresa Andes Cooper, hallazgo que finalmente podr\u00eda decretar la paralizaci\u00f3n definitiva de los sondajes.<br \/>\nAs\u00ed lo inform\u00f3 H\u00e9ctor P\u00e9rez Meneses, abogado del putaendino Luis Arancibia C\u00e1diz, al referirse a la determinaci\u00f3n de la Corte de Apelaciones de acoger el recurso de protecci\u00f3n presentado para paralizar al menos moment\u00e1neamente las obras de Andes Cooper, hecho del cual inform\u00e1ramos en nuestra edici\u00f3n del pasado mi\u00e9rcoles 30 de diciembre.<br \/>\n\u00abEs un notici\u00f3n para nosotros, porque solicita la paralizaci\u00f3n de las faenas de esta empresa\u00bb, adujo, agregando que \u00aba partir de esto y dentro de 8 d\u00edas Andes Cooper tiene que emitir un informe respecto de lo que est\u00e1 haciendo con los sondajes mineros en la cordillera, esa es la orden y nosotros esperamos un nuevo alegato dentro de 10 d\u00edas en la Corte de Apelaciones, para hacer la vista de la causa y resolver de forma definitiva qu\u00e9 ocurre con el recurso de protecci\u00f3n\u00bb, decret\u00f3.<br \/>\nRespecto de c\u00f3mo consiguieron elaborar su denuncia, el letrado cont\u00f3 que \u00abesto es un muy buen augurio porque nosotros emitimos informaci\u00f3n muy grave. Subieron arrieros reales, acompa\u00f1ados de arrieros fantasmas, funcionarios de instituciones ambientales como Greenpeace, que se disfrazaron de arrieros, se metieron al cerro y tomaron fotos de los trabajos y esas im\u00e1genes fueron decidoras porque muestra maquinarias que pueden desmantelar la cordillera en un abrir y cerrar de ojos\u00bb, puntualiz\u00f3.<\/p>\n<figure id=\"attachment_65413\" aria-describedby=\"caption-attachment-65413\" style=\"width: 200px\" class=\"wp-caption alignright\"><img data-recalc-dims=\"1\" loading=\"lazy\" decoding=\"async\" class=\"wp-image-65413 size-thumbnail\" src=\"https:\/\/i0.wp.com\/www.eltrabajo.cl\/portal\/wp-content\/uploads\/2016\/01\/abogado-hector-perez-200x131.jpg?resize=200%2C131\" alt=\"Abogado H\u00e9ctor P\u00e9rez.\" width=\"200\" height=\"131\" srcset=\"https:\/\/i0.wp.com\/eltrabajo.cl\/portal\/wp-content\/uploads\/2016\/01\/abogado-hector-perez.jpg?resize=200%2C131&amp;ssl=1 200w, https:\/\/i0.wp.com\/eltrabajo.cl\/portal\/wp-content\/uploads\/2016\/01\/abogado-hector-perez.jpg?resize=300%2C197&amp;ssl=1 300w, https:\/\/i0.wp.com\/eltrabajo.cl\/portal\/wp-content\/uploads\/2016\/01\/abogado-hector-perez.jpg?resize=228%2C150&amp;ssl=1 228w, https:\/\/i0.wp.com\/eltrabajo.cl\/portal\/wp-content\/uploads\/2016\/01\/abogado-hector-perez.jpg?resize=400%2C263&amp;ssl=1 400w, https:\/\/i0.wp.com\/eltrabajo.cl\/portal\/wp-content\/uploads\/2016\/01\/abogado-hector-perez.jpg?w=530&amp;ssl=1 530w\" sizes=\"auto, (max-width: 200px) 100vw, 200px\" \/><figcaption id=\"caption-attachment-65413\" class=\"wp-caption-text\">Abogado H\u00e9ctor P\u00e9rez.<\/figcaption><\/figure>\n<p>P\u00e9rez manifest\u00f3 que le llama poderosamente la atenci\u00f3n que actualmente otras entidades ambientales no hayan realizado alguna gesti\u00f3n anterior para detener las prospecciones de Andes Cooper, sobre todo, por la existencia de un antecedente del a\u00f1o 2008, cuando la Corporaci\u00f3n Regional de Medio Ambiente, Corema rechaz\u00f3 el proyecto de la empresa Vizcachitas Holding, hecho que para la causa actual podr\u00eda resultar determinante.<br \/>\n\u00abLa actual campa\u00f1a de sondajes es full, creo que son m\u00e1s de 600 sondajes realizados sobre la Cordillera del R\u00edo Roc\u00edn, ellos est\u00e1n reventando las bolsas de agua de los glaciares de roca, considerando que hay dos tipo de glaciares y estos se mantienen como una reserva de vertientes para la \u00e9poca de sequ\u00eda y Andes Cooper los est\u00e1 reventando y eso a la larga va a provocar que nos quedemos sin reserva y sin refrigeraci\u00f3n natural, por lo que nosotros con estos antecedentes pretendemos la paralizaci\u00f3n total y definitiva de estos trabajos\u00bb, expuso el abogado.<br \/>\nJunto con el informe de Andes Cooper, tambi\u00e9n le corresponde pronunciarse respecto de esta situaci\u00f3n a la Direcci\u00f3n de Obras Hidra\u00falicas, DOH y a la Direcci\u00f3n General de Aguas, DGA, quienes deber\u00e1n remitir un informe dentro de los pr\u00f3ximos 8 d\u00edas a la Corte de Apelaciones de Valpara\u00edso.<\/p>\n","protected":false},"excerpt":{"rendered":"<p>Voluntarios y profesionales de distintas entidades medioambientales, incluido el grupo Greenpeace, subieron a las alturas de Los Patos en Putaendo y descubrieron un poder\u00edo tecnol\u00f3gico de alrededor de 600 prospecciones de la&#8230;<\/p>\n","protected":false},"author":482,"featured_media":65412,"comment_status":"open","ping_status":"open","sticky":false,"template":"","format":"standard","meta":{"advanced_seo_description":"","jetpack_seo_html_title":"","jetpack_seo_noindex":false,"_jetpack_memberships_contains_paid_content":false,"footnotes":""},"categories":[1],"tags":[],"class_list":["post-65411","post","type-post","status-publish","format-standard","has-post-thumbnail","hentry","category-cronica"],"jetpack_featured_media_url":"https:\/\/i0.wp.com\/eltrabajo.cl\/portal\/wp-content\/uploads\/2016\/01\/Recurso-Andes-Cooper-2.jpg?fit=530%2C349&ssl=1","jetpack_sharing_enabled":true,"jetpack_likes_enabled":true,"jetpack-related-posts":[],"_links":{"self":[{"href":"https:\/\/eltrabajo.cl\/portal\/wp-json\/wp\/v2\/posts\/65411","targetHints":{"allow":["GET"]}}],"collection":[{"href":"https:\/\/eltrabajo.cl\/portal\/wp-json\/wp\/v2\/posts"}],"about":[{"href":"https:\/\/eltrabajo.cl\/portal\/wp-json\/wp\/v2\/types\/post"}],"author":[{"embeddable":true,"href":"https:\/\/eltrabajo.cl\/portal\/wp-json\/wp\/v2\/users\/482"}],"replies":[{"embeddable":true,"href":"https:\/\/eltrabajo.cl\/portal\/wp-json\/wp\/v2\/comments?post=65411"}],"version-history":[{"count":0,"href":"https:\/\/eltrabajo.cl\/portal\/wp-json\/wp\/v2\/posts\/65411\/revisions"}],"wp:featuredmedia":[{"embeddable":true,"href":"https:\/\/eltrabajo.cl\/portal\/wp-json\/wp\/v2\/media\/65412"}],"wp:attachment":[{"href":"https:\/\/eltrabajo.cl\/portal\/wp-json\/wp\/v2\/media?parent=65411"}],"wp:term":[{"taxonomy":"category","embeddable":true,"href":"https:\/\/eltrabajo.cl\/portal\/wp-json\/wp\/v2\/categories?post=65411"},{"taxonomy":"post_tag","embeddable":true,"href":"https:\/\/eltrabajo.cl\/portal\/wp-json\/wp\/v2\/tags?post=65411"}],"curies":[{"name":"wp","href":"https:\/\/api.w.org\/{rel}","templated":true}]}}