{"id":65417,"date":"2016-01-04T14:53:07","date_gmt":"2016-01-04T17:53:07","guid":{"rendered":"http:\/\/www.eltrabajo.cl\/portal\/?p=65417"},"modified":"2016-01-04T14:55:48","modified_gmt":"2016-01-04T17:55:48","slug":"veinte-detenidos-por-conducir-ebrios-o-con-alcohol-en-largo-fin-de-semana","status":"publish","type":"post","link":"https:\/\/eltrabajo.cl\/portal\/veinte-detenidos-por-conducir-ebrios-o-con-alcohol-en-largo-fin-de-semana\/","title":{"rendered":"Veinte detenidos por conducir ebrios o con alcohol en largo fin de semana"},"content":{"rendered":"<figure id=\"attachment_65418\" aria-describedby=\"caption-attachment-65418\" style=\"width: 300px\" class=\"wp-caption alignleft\"><img data-recalc-dims=\"1\" loading=\"lazy\" decoding=\"async\" class=\"wp-image-65418 size-medium\" src=\"https:\/\/i0.wp.com\/www.eltrabajo.cl\/portal\/wp-content\/uploads\/2016\/01\/FISCALIZACION-CARABINEROS-300x198.jpg?resize=300%2C198\" alt=\"Durante el largo fin de semana de inicio de a\u00f1o, Carabineros detuvo a doce personas ebrias al volante y otras ocho bajo la influencia del alcohol.\" width=\"300\" height=\"198\" srcset=\"https:\/\/i0.wp.com\/eltrabajo.cl\/portal\/wp-content\/uploads\/2016\/01\/FISCALIZACION-CARABINEROS.jpg?resize=300%2C198&amp;ssl=1 300w, https:\/\/i0.wp.com\/eltrabajo.cl\/portal\/wp-content\/uploads\/2016\/01\/FISCALIZACION-CARABINEROS.jpg?resize=200%2C132&amp;ssl=1 200w, https:\/\/i0.wp.com\/eltrabajo.cl\/portal\/wp-content\/uploads\/2016\/01\/FISCALIZACION-CARABINEROS.jpg?resize=227%2C150&amp;ssl=1 227w, https:\/\/i0.wp.com\/eltrabajo.cl\/portal\/wp-content\/uploads\/2016\/01\/FISCALIZACION-CARABINEROS.jpg?resize=400%2C264&amp;ssl=1 400w, https:\/\/i0.wp.com\/eltrabajo.cl\/portal\/wp-content\/uploads\/2016\/01\/FISCALIZACION-CARABINEROS.jpg?w=530&amp;ssl=1 530w\" sizes=\"auto, (max-width: 300px) 100vw, 300px\" \/><figcaption id=\"caption-attachment-65418\" class=\"wp-caption-text\">Durante el largo fin de semana de inicio de a\u00f1o, Carabineros detuvo a doce personas ebrias al volante y otras ocho bajo la influencia del alcohol.<\/figcaption><\/figure>\n<ul>\n<li><strong>Desde v\u00edsperas de a\u00f1o nuevo 2016, la polic\u00eda uniformada despleg\u00f3 intensas fiscalizaciones a conductores de veh\u00edculos en la provincia de San Felipe, deteniendo a un conductor que intent\u00f3 eludir control y golpe\u00f3 a carabinero en su huida.<\/strong><\/li>\n<\/ul>\n<p>Con lesiones leves en su mu\u00f1eca izquierda result\u00f3 un funcionario de Carabineros que fue golpeado por el conductor de un veh\u00edculo que estaba siendo fiscalizado. El sujeto, al eludir el control policial, golpe\u00f3 con el espejo del m\u00f3vil al uniformado, escapando en direcci\u00f3n a Tocornal, lugar donde fue interceptado y detenido.<br \/>\nEl hecho se origin\u00f3 a eso de las 21:00 horas del pasado s\u00e1bado, en medio de las fiscalizaciones vehiculares que efectu\u00f3 Carabineros desde v\u00edsperas e inicio del a\u00f1o 2016, en circunstancias que el efectivo policial intercept\u00f3 al conductor del autom\u00f3vil identificado con las iniciales J.A.D. de 28 a\u00f1os de edad.<br \/>\nSeg\u00fan la versi\u00f3n policial, este ciudadano eludi\u00f3 la fiscalizaci\u00f3n, golpeando con su m\u00f3vil la mano del polic\u00eda que result\u00f3 con una lesi\u00f3n leve. Sin embargo, Carabineros sali\u00f3 en su persecuci\u00f3n por Tocornal, siendo interceptado y sometido a un examen de intoxilyzer que arroj\u00f3 cero presencia de lacohol.<br \/>\nNo obstante, tras eludir el control policial y ser sindicado como autor de cuasidelito de lesiones a un carabinero, se descubri\u00f3 que el conductor del m\u00f3vil no contaba con su licencia respectiva y ten\u00eda el permiso de circulaci\u00f3n vencido, por lo cual fue detenido, incaut\u00e1ndose el veh\u00edculo que conduc\u00eda.<br \/>\nEl imputado, domiciliado en la comuna de Quilpu\u00e9, fue dejado en libertad a la espera de citaci\u00f3n por parte del Ministerio P\u00fablico.<\/p>\n<p><strong>EBRIOS AL VOLANTE<\/strong><br \/>\nLa Comisario de Carabineros, Mayor Maureen Espinoza, inform\u00f3 que durante el fin de semana largo de a\u00f1o nuevo se realizaron 369 controles vehiculares utilizando el equipamiento de intoxilyzer, registr\u00e1ndose 12 conductores en estado de ebriedad y ocho personas que circulaban bajo la influencia del alcohol.<br \/>\nLa oficial policial destac\u00f3 que estas fiscalizaciones impidieron que estos conductores arriesgaran su vida y la de sus tripulantes que eventualmente podr\u00edan haber protagonizado un accidente de tr\u00e1nsito que lamentar durante el inicio de este a\u00f1o.<br \/>\n<strong>Pablo Salinas Sald\u00edas<\/strong><\/p>\n","protected":false},"excerpt":{"rendered":"<p>Desde v\u00edsperas de a\u00f1o nuevo 2016, la polic\u00eda uniformada despleg\u00f3 intensas fiscalizaciones a conductores de veh\u00edculos en la provincia de San Felipe, deteniendo a un conductor que intent\u00f3 eludir control y golpe\u00f3&#8230;<\/p>\n","protected":false},"author":482,"featured_media":65418,"comment_status":"open","ping_status":"open","sticky":false,"template":"","format":"standard","meta":{"advanced_seo_description":"","jetpack_seo_html_title":"","jetpack_seo_noindex":false,"_jetpack_memberships_contains_paid_content":false,"footnotes":""},"categories":[21],"tags":[],"class_list":["post-65417","post","type-post","status-publish","format-standard","has-post-thumbnail","hentry","category-policial"],"jetpack_featured_media_url":"https:\/\/i0.wp.com\/eltrabajo.cl\/portal\/wp-content\/uploads\/2016\/01\/FISCALIZACION-CARABINEROS.jpg?fit=530%2C350&ssl=1","jetpack_sharing_enabled":true,"jetpack_likes_enabled":true,"jetpack-related-posts":[],"_links":{"self":[{"href":"https:\/\/eltrabajo.cl\/portal\/wp-json\/wp\/v2\/posts\/65417","targetHints":{"allow":["GET"]}}],"collection":[{"href":"https:\/\/eltrabajo.cl\/portal\/wp-json\/wp\/v2\/posts"}],"about":[{"href":"https:\/\/eltrabajo.cl\/portal\/wp-json\/wp\/v2\/types\/post"}],"author":[{"embeddable":true,"href":"https:\/\/eltrabajo.cl\/portal\/wp-json\/wp\/v2\/users\/482"}],"replies":[{"embeddable":true,"href":"https:\/\/eltrabajo.cl\/portal\/wp-json\/wp\/v2\/comments?post=65417"}],"version-history":[{"count":0,"href":"https:\/\/eltrabajo.cl\/portal\/wp-json\/wp\/v2\/posts\/65417\/revisions"}],"wp:featuredmedia":[{"embeddable":true,"href":"https:\/\/eltrabajo.cl\/portal\/wp-json\/wp\/v2\/media\/65418"}],"wp:attachment":[{"href":"https:\/\/eltrabajo.cl\/portal\/wp-json\/wp\/v2\/media?parent=65417"}],"wp:term":[{"taxonomy":"category","embeddable":true,"href":"https:\/\/eltrabajo.cl\/portal\/wp-json\/wp\/v2\/categories?post=65417"},{"taxonomy":"post_tag","embeddable":true,"href":"https:\/\/eltrabajo.cl\/portal\/wp-json\/wp\/v2\/tags?post=65417"}],"curies":[{"name":"wp","href":"https:\/\/api.w.org\/{rel}","templated":true}]}}