{"id":65420,"date":"2016-01-04T14:49:59","date_gmt":"2016-01-04T17:49:59","guid":{"rendered":"http:\/\/www.eltrabajo.cl\/portal\/?p=65420"},"modified":"2016-01-04T14:49:59","modified_gmt":"2016-01-04T17:49:59","slug":"locutor-radial-ileso-al-ser-impactado-por-camioneta-que-se-dio-a-la-fuga","status":"publish","type":"post","link":"https:\/\/eltrabajo.cl\/portal\/locutor-radial-ileso-al-ser-impactado-por-camioneta-que-se-dio-a-la-fuga\/","title":{"rendered":"Locutor radial ileso al ser impactado por camioneta que se dio a la fuga"},"content":{"rendered":"<figure id=\"attachment_65421\" aria-describedby=\"caption-attachment-65421\" style=\"width: 300px\" class=\"wp-caption alignleft\"><img data-recalc-dims=\"1\" loading=\"lazy\" decoding=\"async\" class=\"wp-image-65421 size-medium\" src=\"https:\/\/i0.wp.com\/www.eltrabajo.cl\/portal\/wp-content\/uploads\/2016\/01\/Fiat-Italo-300x198.jpg?resize=300%2C198\" alt=\"El autom\u00f3vil fue colisionado en forma lateral por una camioneta que habr\u00eda sobrepasado el eje central del camino, sin que resultaran personas lesionadas.\" width=\"300\" height=\"198\" srcset=\"https:\/\/i0.wp.com\/eltrabajo.cl\/portal\/wp-content\/uploads\/2016\/01\/Fiat-Italo.jpg?resize=300%2C198&amp;ssl=1 300w, https:\/\/i0.wp.com\/eltrabajo.cl\/portal\/wp-content\/uploads\/2016\/01\/Fiat-Italo.jpg?resize=200%2C132&amp;ssl=1 200w, https:\/\/i0.wp.com\/eltrabajo.cl\/portal\/wp-content\/uploads\/2016\/01\/Fiat-Italo.jpg?resize=227%2C150&amp;ssl=1 227w, https:\/\/i0.wp.com\/eltrabajo.cl\/portal\/wp-content\/uploads\/2016\/01\/Fiat-Italo.jpg?resize=400%2C264&amp;ssl=1 400w, https:\/\/i0.wp.com\/eltrabajo.cl\/portal\/wp-content\/uploads\/2016\/01\/Fiat-Italo.jpg?w=530&amp;ssl=1 530w\" sizes=\"auto, (max-width: 300px) 100vw, 300px\" \/><figcaption id=\"caption-attachment-65421\" class=\"wp-caption-text\">El autom\u00f3vil fue colisionado en forma lateral por una camioneta que habr\u00eda sobrepasado el eje central del camino, sin que resultaran personas lesionadas.<\/figcaption><\/figure>\n<ul>\n<li><strong>Se presume que el chofer del veh\u00edculo mayor estaba a lo menos bajo los efectos del alcohol.<\/strong><\/li>\n<\/ul>\n<p>Providencialmente sin lesiones, pero con un susto may\u00fasculo result\u00f3 el conocido locutor de radio Carnaval, \u00cdtalo Valdivia, luego que el autom\u00f3vil que conduc\u00eda fuera impactado por una camioneta que tras el accidente se dio a la fuga, presumi\u00e9ndose que su chofer estaba ebrio.<br \/>\nEl accidente ocurri\u00f3 pasada la una de la madrugada de este s\u00e1bado 2 de enero en la comuna de Santa Mar\u00eda, cuando el profesional de las comunicaciones guiaba su autom\u00f3vil Fiat modelo Uno por calle Autonom\u00eda, momento en el cual fue colisionado en forma lateral por una camioneta Chevrolet Luv placa patente DN-4823, color rojo, que habr\u00eda sobrepasado el eje central del camino, ocasionando da\u00f1os al autom\u00f3vil.<br \/>\nAfortunadamente el locutor pudo advertir al otro m\u00f3vil y realizar una maniobra para esquivarlo y evitar as\u00ed una colisi\u00f3n frontal que pudo tener graves consecuencias.<br \/>\nEl chofer de la camioneta, presumiblemente en estado de ebriedad, escap\u00f3 del lugar, mientras que el locutor y sus otros tres acompa\u00f1antes, tras reponerse del gran susto vivido, comenzaron una persecuci\u00f3n que terminar\u00eda en Callej\u00f3n Mendocita con Manuel Rodr\u00edguez de la misma comuna.<br \/>\nEl propio locutor se\u00f1al\u00f3 a nuestro medio que para evitar otro tipo de conflictos, acudi\u00f3 raudo a hacer la denuncia correspondiente en Carabineros de Santa Mar\u00eda. Acompa\u00f1ados por los uniformados se dirigieron hasta el lugar donde se vio guardada por \u00faltima vez la camioneta, percat\u00e1ndose que no estaba ni su conductor ni menos el veh\u00edculo involucrado en el accidente de tr\u00e1nsito.<br \/>\nValdivia manifest\u00f3 que si bien los da\u00f1os en su veh\u00edculo fueron avaluados en la suma de 400 mil pesos, Carabinero solo curs\u00f3 la citaci\u00f3n al juzgado de polic\u00eda local.<br \/>\nAun cuando la placa patente correspond\u00eda al domicilio donde fue vista la camioneta, no se pudo llegar m\u00e1s all\u00e1 al no estar el m\u00f3vil, lo cual produjo la natural desaz\u00f3n en el comunicador que qued\u00f3 con medio de transporte da\u00f1ado considerablemente.<br \/>\n\u00abMe retir\u00e9 de la comisar\u00eda a casi a las 3 am, con una impotencia por toda la situaci\u00f3n vivida. Un conductor irresponsable y sin criterio alguno que no puede quedar impune por ning\u00fan motivo. Esto sin \u00e1nimo de ofender la tremenda labor de Carabineros\u201d, coment\u00f3 \u00cdtalo Valdivia.<br \/>\nPor ello, pidi\u00f3 ayuda a sus fieles auditores en la radio a fin de poder ubicar esta camioneta y fotografiar los da\u00f1os antes que la reparen, para que as\u00ed al menos responda quien figura como due\u00f1a o quien la manejaba presumiblemente borracho.<\/p>\n","protected":false},"excerpt":{"rendered":"<p>Se presume que el chofer del veh\u00edculo mayor estaba a lo menos bajo los efectos del alcohol. Providencialmente sin lesiones, pero con un susto may\u00fasculo result\u00f3 el conocido locutor de radio Carnaval,&#8230;<\/p>\n","protected":false},"author":482,"featured_media":65421,"comment_status":"open","ping_status":"open","sticky":false,"template":"","format":"standard","meta":{"advanced_seo_description":"","jetpack_seo_html_title":"","jetpack_seo_noindex":false,"_jetpack_memberships_contains_paid_content":false,"footnotes":""},"categories":[21],"tags":[],"class_list":["post-65420","post","type-post","status-publish","format-standard","has-post-thumbnail","hentry","category-policial"],"jetpack_featured_media_url":"https:\/\/i0.wp.com\/eltrabajo.cl\/portal\/wp-content\/uploads\/2016\/01\/Fiat-Italo.jpg?fit=530%2C350&ssl=1","jetpack_sharing_enabled":true,"jetpack_likes_enabled":true,"jetpack-related-posts":[],"_links":{"self":[{"href":"https:\/\/eltrabajo.cl\/portal\/wp-json\/wp\/v2\/posts\/65420","targetHints":{"allow":["GET"]}}],"collection":[{"href":"https:\/\/eltrabajo.cl\/portal\/wp-json\/wp\/v2\/posts"}],"about":[{"href":"https:\/\/eltrabajo.cl\/portal\/wp-json\/wp\/v2\/types\/post"}],"author":[{"embeddable":true,"href":"https:\/\/eltrabajo.cl\/portal\/wp-json\/wp\/v2\/users\/482"}],"replies":[{"embeddable":true,"href":"https:\/\/eltrabajo.cl\/portal\/wp-json\/wp\/v2\/comments?post=65420"}],"version-history":[{"count":0,"href":"https:\/\/eltrabajo.cl\/portal\/wp-json\/wp\/v2\/posts\/65420\/revisions"}],"wp:featuredmedia":[{"embeddable":true,"href":"https:\/\/eltrabajo.cl\/portal\/wp-json\/wp\/v2\/media\/65421"}],"wp:attachment":[{"href":"https:\/\/eltrabajo.cl\/portal\/wp-json\/wp\/v2\/media?parent=65420"}],"wp:term":[{"taxonomy":"category","embeddable":true,"href":"https:\/\/eltrabajo.cl\/portal\/wp-json\/wp\/v2\/categories?post=65420"},{"taxonomy":"post_tag","embeddable":true,"href":"https:\/\/eltrabajo.cl\/portal\/wp-json\/wp\/v2\/tags?post=65420"}],"curies":[{"name":"wp","href":"https:\/\/api.w.org\/{rel}","templated":true}]}}