{"id":65423,"date":"2016-01-04T14:52:07","date_gmt":"2016-01-04T17:52:07","guid":{"rendered":"http:\/\/www.eltrabajo.cl\/portal\/?p=65423"},"modified":"2016-01-04T14:52:07","modified_gmt":"2016-01-04T17:52:07","slug":"hallan-hombre-sin-vida-al-interior-de-su-piscina-en-villa-el-encuentro","status":"publish","type":"post","link":"https:\/\/eltrabajo.cl\/portal\/hallan-hombre-sin-vida-al-interior-de-su-piscina-en-villa-el-encuentro\/","title":{"rendered":"Hallan hombre sin vida al interior de su piscina en villa El Encuentro"},"content":{"rendered":"<figure id=\"attachment_65424\" aria-describedby=\"caption-attachment-65424\" style=\"width: 300px\" class=\"wp-caption alignleft\"><img data-recalc-dims=\"1\" loading=\"lazy\" decoding=\"async\" class=\"wp-image-65424 size-medium\" src=\"https:\/\/i0.wp.com\/www.eltrabajo.cl\/portal\/wp-content\/uploads\/2016\/01\/SML-300x199.jpg?resize=300%2C199\" alt=\"El cuerpo fue retirado por personal del Servicio M\u00e9dico Legal. (Foto archivo).\" width=\"300\" height=\"199\" srcset=\"https:\/\/i0.wp.com\/eltrabajo.cl\/portal\/wp-content\/uploads\/2016\/01\/SML.jpg?resize=300%2C199&amp;ssl=1 300w, https:\/\/i0.wp.com\/eltrabajo.cl\/portal\/wp-content\/uploads\/2016\/01\/SML.jpg?resize=200%2C133&amp;ssl=1 200w, https:\/\/i0.wp.com\/eltrabajo.cl\/portal\/wp-content\/uploads\/2016\/01\/SML.jpg?resize=226%2C150&amp;ssl=1 226w, https:\/\/i0.wp.com\/eltrabajo.cl\/portal\/wp-content\/uploads\/2016\/01\/SML.jpg?resize=400%2C265&amp;ssl=1 400w, https:\/\/i0.wp.com\/eltrabajo.cl\/portal\/wp-content\/uploads\/2016\/01\/SML.jpg?w=528&amp;ssl=1 528w\" sizes=\"auto, (max-width: 300px) 100vw, 300px\" \/><figcaption id=\"caption-attachment-65424\" class=\"wp-caption-text\">El cuerpo fue retirado por personal del Servicio M\u00e9dico Legal. (Foto archivo).<\/figcaption><\/figure>\n<ul>\n<li><strong>El cuerpo sin vida del hombre fue encontrado por su esposa durante la ma\u00f1ana del jueves, al interior de una piscina.<\/strong><\/li>\n<\/ul>\n<p><strong>LOS ANDES<\/strong>.- Una verdadera tragedia de fin de a\u00f1o afect\u00f3 a una familia de la villa El Encuentro, luego que en horas de la ma\u00f1ana del pasado jueves el due\u00f1o de casa fuera encontrado sin vida al interior de la piscina del inmueble.<br \/>\nSeg\u00fan inform\u00f3 el Subcomisario de los Servicios de Carabineros, Capit\u00e1n Fernando Jara, el hallazgo del cuerpo sin vida de Leonardo Cristian Mondaca Aybar, de 47 a\u00f1os, fue realizado alrededor de las 9 de la ma\u00f1ana por su esposa, quien lo encontr\u00f3 flotando en la piscina del inmueble ubicado en calle Jos\u00e9 Pantoja N\u00ba 1818.<br \/>\nEl oficial dijo que la esposa pudo sacar el cuerpo del agua, llamando a personal de Samu que constaron su deceso, presentando adem\u00e1s el cuerpo un golpe en la cabeza.<br \/>\nPor instrucciones del fiscal de turno se constituy\u00f3 personal de la Brigada de Homicidios de la PDI.<br \/>\nEl Subjefe de esa unidad especializada, Subcomisario Hern\u00e1n Garc\u00eda Silva, indic\u00f3 que una vez realizados los peritajes de rigor el cuerpo se constat\u00f3 que no hab\u00eda intervenci\u00f3n de terceras personas, \u201cy que esto corresponder\u00eda a una muerte por enfermedad, pudiendo deducir que pod\u00eda haber sido un aneurisma la que sufri\u00f3 cuando \u00e9l se encontraba a un costado de la piscina, cayendo posteriormente al agua\u201d.<br \/>\nEl Subcomisario puntualiz\u00f3 que en el examen externo del cad\u00e1ver se pudo determinar que \u00e9l no falleci\u00f3 por sumersi\u00f3n, \u201csino que habr\u00eda sido antes de caer a la piscina por el ataque cerebral que habr\u00eda sufrido\u201d.<br \/>\nAgreg\u00f3 que aparentemente la v\u00edctima sufri\u00f3 la ruptura de un vaso capilar del cerebro que le produjo un sangramiento nasal y posteriormente una vez fallecido cay\u00f3 a la piscina, estableciendo una data de muerte de cuatro o cinco horas, \u201ces decir estamos hablando de entre las 6:30 y 7 de la ma\u00f1ana\u201d.<br \/>\nEl oficial se\u00f1al\u00f3 que conforme a la entrevista con su esposa, \u00e9l occiso estuvo compartiendo con la familia alrededor de la piscina la noche del mi\u00e9rcoles, \u201csin embargo como ya eran horas avanzadas la noche su se\u00f1ora se retir\u00f3 junto a sus hijos a dormir y el qued\u00f3 solo a un costado de la piscina\u201d.<br \/>\nAclar\u00f3 que esta persona no ten\u00eda enfermedades previas diagnosticadas, \u201caparentemente se trataba de una persona sana, pero conforme a entrevistas si sufr\u00eda de taquicardias en algunas ocasiones\u201d.<br \/>\nEl cuerpo del vecino fue remitido al Servicio M\u00e9dico Legal de San Felipe para realizarle la autopsia correspondiente y establecer cient\u00edficamente la causa de muerte.<\/p>\n","protected":false},"excerpt":{"rendered":"<p>El cuerpo sin vida del hombre fue encontrado por su esposa durante la ma\u00f1ana del jueves, al interior de una piscina. LOS ANDES.- Una verdadera tragedia de fin de a\u00f1o afect\u00f3 a&#8230;<\/p>\n","protected":false},"author":482,"featured_media":65424,"comment_status":"open","ping_status":"open","sticky":false,"template":"","format":"standard","meta":{"advanced_seo_description":"","jetpack_seo_html_title":"","jetpack_seo_noindex":false,"_jetpack_memberships_contains_paid_content":false,"footnotes":""},"categories":[21],"tags":[],"class_list":["post-65423","post","type-post","status-publish","format-standard","has-post-thumbnail","hentry","category-policial"],"jetpack_featured_media_url":"https:\/\/i0.wp.com\/eltrabajo.cl\/portal\/wp-content\/uploads\/2016\/01\/SML.jpg?fit=528%2C350&ssl=1","jetpack_sharing_enabled":true,"jetpack_likes_enabled":true,"jetpack-related-posts":[],"_links":{"self":[{"href":"https:\/\/eltrabajo.cl\/portal\/wp-json\/wp\/v2\/posts\/65423","targetHints":{"allow":["GET"]}}],"collection":[{"href":"https:\/\/eltrabajo.cl\/portal\/wp-json\/wp\/v2\/posts"}],"about":[{"href":"https:\/\/eltrabajo.cl\/portal\/wp-json\/wp\/v2\/types\/post"}],"author":[{"embeddable":true,"href":"https:\/\/eltrabajo.cl\/portal\/wp-json\/wp\/v2\/users\/482"}],"replies":[{"embeddable":true,"href":"https:\/\/eltrabajo.cl\/portal\/wp-json\/wp\/v2\/comments?post=65423"}],"version-history":[{"count":0,"href":"https:\/\/eltrabajo.cl\/portal\/wp-json\/wp\/v2\/posts\/65423\/revisions"}],"wp:featuredmedia":[{"embeddable":true,"href":"https:\/\/eltrabajo.cl\/portal\/wp-json\/wp\/v2\/media\/65424"}],"wp:attachment":[{"href":"https:\/\/eltrabajo.cl\/portal\/wp-json\/wp\/v2\/media?parent=65423"}],"wp:term":[{"taxonomy":"category","embeddable":true,"href":"https:\/\/eltrabajo.cl\/portal\/wp-json\/wp\/v2\/categories?post=65423"},{"taxonomy":"post_tag","embeddable":true,"href":"https:\/\/eltrabajo.cl\/portal\/wp-json\/wp\/v2\/tags?post=65423"}],"curies":[{"name":"wp","href":"https:\/\/api.w.org\/{rel}","templated":true}]}}