{"id":65426,"date":"2016-01-04T15:03:47","date_gmt":"2016-01-04T18:03:47","guid":{"rendered":"http:\/\/www.eltrabajo.cl\/portal\/?p=65426"},"modified":"2016-01-04T15:24:08","modified_gmt":"2016-01-04T18:24:08","slug":"en-menos-de-tres-horas-roban-auto-golpean-a-transeunte-y-roban-casa","status":"publish","type":"post","link":"https:\/\/eltrabajo.cl\/portal\/en-menos-de-tres-horas-roban-auto-golpean-a-transeunte-y-roban-casa\/","title":{"rendered":"En menos de tres horas roban auto, golpean a transe\u00fante y roban casa"},"content":{"rendered":"<figure id=\"attachment_65427\" aria-describedby=\"caption-attachment-65427\" style=\"width: 300px\" class=\"wp-caption alignleft\"><img data-recalc-dims=\"1\" loading=\"lazy\" decoding=\"async\" class=\"wp-image-65427 size-medium\" src=\"https:\/\/i0.wp.com\/www.eltrabajo.cl\/portal\/wp-content\/uploads\/2016\/01\/LUIS-Y-CAMILO-copia-300x198.jpg?resize=300%2C198\" alt=\"Luis Lobos Arancibia (18) qued\u00f3 sujeto a la cautelar de prisi\u00f3n preventiva y Camilo L\u00f3pez Contreras (19) el d\u00eda anterior qued\u00f3 en libertad por otro delito.\" width=\"300\" height=\"198\" srcset=\"https:\/\/i0.wp.com\/eltrabajo.cl\/portal\/wp-content\/uploads\/2016\/01\/LUIS-Y-CAMILO-copia.jpg?resize=300%2C198&amp;ssl=1 300w, https:\/\/i0.wp.com\/eltrabajo.cl\/portal\/wp-content\/uploads\/2016\/01\/LUIS-Y-CAMILO-copia.jpg?resize=200%2C132&amp;ssl=1 200w, https:\/\/i0.wp.com\/eltrabajo.cl\/portal\/wp-content\/uploads\/2016\/01\/LUIS-Y-CAMILO-copia.jpg?resize=228%2C150&amp;ssl=1 228w, https:\/\/i0.wp.com\/eltrabajo.cl\/portal\/wp-content\/uploads\/2016\/01\/LUIS-Y-CAMILO-copia.jpg?resize=400%2C263&amp;ssl=1 400w, https:\/\/i0.wp.com\/eltrabajo.cl\/portal\/wp-content\/uploads\/2016\/01\/LUIS-Y-CAMILO-copia.jpg?w=530&amp;ssl=1 530w\" sizes=\"auto, (max-width: 300px) 100vw, 300px\" \/><figcaption id=\"caption-attachment-65427\" class=\"wp-caption-text\">Luis Lobos Arancibia (18) qued\u00f3 sujeto a la cautelar de prisi\u00f3n preventiva y Camilo L\u00f3pez Contreras (19) el d\u00eda anterior qued\u00f3 en libertad por otro delito.<\/figcaption><\/figure>\n<ul>\n<li><strong>Antisociales cometieron fechor\u00edas dejando como consecuencia tres v\u00edctimas de robo, uno de ellos fue enca\u00f1onado con arma hechiza y golpeado desmedidamente. Uno de estos delincuentes el d\u00eda anterior hab\u00eda cometido otro delito obteniendo su libertad desde Tribunales.<\/strong><\/li>\n<\/ul>\n<p>Por los delitos de robo con violencia e intimidaci\u00f3n, y receptaci\u00f3n, fueron formalizados por la Fiscal\u00eda de San Felipe dos antisociales capturados por Carabineros tras la comisi\u00f3n de tres episodios delictuales en menos de tres horas, quedando esta vez tras las rejas por ser considerados un peligro para la sociedad.<br \/>\nLos delincuentes, a eso de la medianoche del pasado jueves 31 de diciembre, robaron un veh\u00edculo marca Toyota Tercel de color azul, que se encontraba estacionado en calle Pantale\u00f3n Cort\u00e9s de la Poblaci\u00f3n Puente en San Felipe. Luego de este hecho, los antisociales iniciaron una seguidilla de delitos a bordo de este m\u00f3vil.<\/p>\n<p><strong>ASALTO Y GOLPIZA <\/strong><br \/>\n<strong>A TRANSE\u00daNTE<\/strong><br \/>\nLos sujetos empoderados en el veh\u00edculo robado, se desplazaron hasta la calle Ambrosio Santelices donde interceptaron a un joven de 27 a\u00f1os que caminaba por la v\u00eda p\u00fablica. Este joven se\u00f1al\u00f3 a Carabineros que sorpresivamente un autom\u00f3vil de color azul detuvo su marcha y unos sujetos le consultaron sobre el domicilio de una persona a quien individualizaron por su apodo.<br \/>\nLa v\u00edctima al desconocer esa informaci\u00f3n, provoc\u00f3 que los delincuentes descendieran del m\u00f3vil y armados con una escopeta hechiza lo enca\u00f1onaron directamente sobre el cuerpo, para luego golpearlo desmedidamente con un fierro, arrebat\u00e1ndole una gargantilla de plata, quedando tendido.<br \/>\nSus lesiones fueron catalogadas posteriormente como leves en el servicio de urgencias del Hospital San Camilo.<\/p>\n<p><strong>ROBO A UNA VIVIENDA<\/strong><br \/>\nLas fechor\u00edas de estos delincuentes continuaron cuando se dirigieron hasta la poblaci\u00f3n Hacienda de Quilpu\u00e9 de San Felipe y estacionaron el veh\u00edculo en las afueras de una vivienda, a la cual irrumpieron forzando la reja met\u00e1lica del frontis del inmueble. De ah\u00ed sustrajeron un televisor Led Sony de 42 pulgadas, una consola de Play Station, tres videos juegos y dinero en efectivo. Especies que fueron alojadas al interior del veh\u00edculo.<br \/>\nPosteriormente, Carabineros consolid\u00f3 la uni\u00f3n de todos estos delitos tras la primera denuncia hecha por el propietario del veh\u00edculo que report\u00f3 su robo. La v\u00edctima acompa\u00f1\u00f3 a los oficiales en su b\u00fasqueda por distintas arterias de la ciudad de San Felipe hasta dar con su paradero a eso de las 02:45 horas de la madrugada en el sector Los Molles de la Hacienda de Quilpu\u00e9. Los efectivos policiales sorprendieron a los antisociales en flagrancia, logrando la detenci\u00f3n de dos de los tres individuos que fueron arrestados.<br \/>\nLas diligencias policiales lograron establecer que la v\u00edctima del robo de la vivienda se trataba de una mujer de 22 a\u00f1os a quien se le logr\u00f3 devolver las especies robadas por estos sujetos, quienes portaban herramientas para cometer este tipo de il\u00edcitos. En tanto, el joven asaltado y golpeado fue ubicado por Carabineros en el servicio de urgencias en los momentos que constataba sus lesiones, reconociendo a los sujetos como los autores del robo, devolvi\u00e9ndole su gargantilla de plata.<br \/>\nFue as\u00ed que Camilo Andr\u00e9s L\u00f3pez Contreras de 19 a\u00f1os de edad, domiciliado en villa La Estancia y Luis Camilo Lobos Arancibia, de 18 a\u00f1os, de la villa Renacer de San Felipe, enfrentar\u00e1n cargos por los delitos de robo con violencia e intimidaci\u00f3n y receptaci\u00f3n.<br \/>\nAmbos sujetos fueron sometidos a control de detenci\u00f3n en el Juzgado de Garant\u00eda de San Felipe, quedando sujetos a la m\u00e1xima cautelar de prisi\u00f3n preventiva por un plazo de 50 d\u00edas que deber\u00e1 investigar la Fiscal\u00eda para llegar a juicio por estos casos.<br \/>\nCabe se\u00f1alar que el imputado Camilo L\u00f3pez Contreras, el d\u00eda anterior a estos hechos, hab\u00eda sido capturado por Carabineros tras haber sido sorprendido junto a otro delincuente al interior de un veh\u00edculo estacionado en calle Molina, apoder\u00e1ndose de una radio musical. Tras su paso por Tribunales, ambos sujetos quedaron con m\u00ednimas cautelares recuperando su libertad.<br \/>\n<strong>Pablo Salinas Sald\u00edas<\/strong><\/p>\n<div class=\"tiled-gallery type-rectangular tiled-gallery-unresized\" data-original-width=\"640\" data-carousel-extra='null' itemscope itemtype=\"http:\/\/schema.org\/ImageGallery\" > <div class=\"gallery-row\" style=\"width: 640px; height: 213px;\" data-original-width=\"640\" data-original-height=\"213\" > <div class=\"gallery-group images-1\" style=\"width: 320px; height: 213px;\" data-original-width=\"320\" data-original-height=\"213\" > <div class=\"tiled-gallery-item tiled-gallery-item-large\" itemprop=\"associatedMedia\" itemscope itemtype=\"http:\/\/schema.org\/ImageObject\"> <a href=\"https:\/\/eltrabajo.cl\/portal\/en-menos-de-tres-horas-roban-auto-golpean-a-transeunte-y-roban-casa\/herramientas-3\/\" border=\"0\" itemprop=\"url\"> <meta itemprop=\"width\" content=\"316\"> <meta itemprop=\"height\" content=\"209\"> <img decoding=\"async\" class=\"\" data-attachment-id=\"65430\" data-orig-file=\"https:\/\/eltrabajo.cl\/portal\/wp-content\/uploads\/2016\/01\/HERRAMIENTAS.jpg\" data-orig-size=\"530,350\" data-comments-opened=\"1\" data-image-meta=\"{&quot;aperture&quot;:&quot;0&quot;,&quot;credit&quot;:&quot;&quot;,&quot;camera&quot;:&quot;&quot;,&quot;caption&quot;:&quot;&quot;,&quot;created_timestamp&quot;:&quot;0&quot;,&quot;copyright&quot;:&quot;&quot;,&quot;focal_length&quot;:&quot;0&quot;,&quot;iso&quot;:&quot;0&quot;,&quot;shutter_speed&quot;:&quot;0&quot;,&quot;title&quot;:&quot;&quot;,&quot;orientation&quot;:&quot;0&quot;}\" data-image-title=\"HERRAMIENTAS\" data-image-description=\"&lt;p&gt;HERRAMIENTAS: Los detenidos portaban estas herramientas para cometer otros delitos, pertenecientes al propietario del autom\u00f3vil robado. &lt;\/p&gt; \" data-medium-file=\"https:\/\/i0.wp.com\/eltrabajo.cl\/portal\/wp-content\/uploads\/2016\/01\/HERRAMIENTAS.jpg?fit=300%2C198&#038;ssl=1\" data-large-file=\"https:\/\/i0.wp.com\/eltrabajo.cl\/portal\/wp-content\/uploads\/2016\/01\/HERRAMIENTAS.jpg?fit=530%2C350&#038;ssl=1\" src=\"https:\/\/i0.wp.com\/eltrabajo.cl\/portal\/wp-content\/uploads\/2016\/01\/HERRAMIENTAS.jpg?w=316&#038;h=209&#038;ssl=1\" srcset=\"https:\/\/i0.wp.com\/eltrabajo.cl\/portal\/wp-content\/uploads\/2016\/01\/HERRAMIENTAS.jpg?w=530&amp;ssl=1 530w, https:\/\/i0.wp.com\/eltrabajo.cl\/portal\/wp-content\/uploads\/2016\/01\/HERRAMIENTAS.jpg?resize=200%2C132&amp;ssl=1 200w, https:\/\/i0.wp.com\/eltrabajo.cl\/portal\/wp-content\/uploads\/2016\/01\/HERRAMIENTAS.jpg?resize=300%2C198&amp;ssl=1 300w, https:\/\/i0.wp.com\/eltrabajo.cl\/portal\/wp-content\/uploads\/2016\/01\/HERRAMIENTAS.jpg?resize=227%2C150&amp;ssl=1 227w, https:\/\/i0.wp.com\/eltrabajo.cl\/portal\/wp-content\/uploads\/2016\/01\/HERRAMIENTAS.jpg?resize=400%2C264&amp;ssl=1 400w\" width=\"316\" height=\"209\" loading=\"lazy\" data-original-width=\"316\" data-original-height=\"209\" itemprop=\"http:\/\/schema.org\/image\" title=\"HERRAMIENTAS\" alt=\"HERRAMIENTAS: Los detenidos portaban estas herramientas para cometer otros delitos, pertenecientes al propietario del autom\u00f3vil robado.\" style=\"width: 316px; height: 209px;\" \/> <\/a> <div class=\"tiled-gallery-caption\" itemprop=\"caption description\"> HERRAMIENTAS: Los detenidos portaban estas herramientas para cometer otros delitos, pertenecientes al propietario del autom\u00f3vil robado. <\/div> <\/div> <\/div> <!-- close group --> <div class=\"gallery-group images-1\" style=\"width: 320px; height: 213px;\" data-original-width=\"320\" data-original-height=\"213\" > <div class=\"tiled-gallery-item tiled-gallery-item-large\" itemprop=\"associatedMedia\" itemscope itemtype=\"http:\/\/schema.org\/ImageObject\"> <a href=\"https:\/\/eltrabajo.cl\/portal\/en-menos-de-tres-horas-roban-auto-golpean-a-transeunte-y-roban-casa\/vehiculo-robado\/\" border=\"0\" itemprop=\"url\"> <meta itemprop=\"width\" content=\"316\"> <meta itemprop=\"height\" content=\"209\"> <img decoding=\"async\" class=\"\" data-attachment-id=\"65431\" data-orig-file=\"https:\/\/eltrabajo.cl\/portal\/wp-content\/uploads\/2016\/01\/VEHICULO-ROBADO.jpg\" data-orig-size=\"530,350\" data-comments-opened=\"1\" data-image-meta=\"{&quot;aperture&quot;:&quot;0&quot;,&quot;credit&quot;:&quot;&quot;,&quot;camera&quot;:&quot;&quot;,&quot;caption&quot;:&quot;&quot;,&quot;created_timestamp&quot;:&quot;0&quot;,&quot;copyright&quot;:&quot;&quot;,&quot;focal_length&quot;:&quot;0&quot;,&quot;iso&quot;:&quot;0&quot;,&quot;shutter_speed&quot;:&quot;0&quot;,&quot;title&quot;:&quot;&quot;,&quot;orientation&quot;:&quot;0&quot;}\" data-image-title=\"VEHICULO ROBADO\" data-image-description=\"&lt;p&gt;AUTO ROBADO: Los antisociales robaron este veh\u00edculo marca Toyota desde el frontis de una vivienda en la poblaci\u00f3n Puente de San Felipe para cometer sus fechor\u00edas.&lt;\/p&gt; \" data-medium-file=\"https:\/\/i0.wp.com\/eltrabajo.cl\/portal\/wp-content\/uploads\/2016\/01\/VEHICULO-ROBADO.jpg?fit=300%2C198&#038;ssl=1\" data-large-file=\"https:\/\/i0.wp.com\/eltrabajo.cl\/portal\/wp-content\/uploads\/2016\/01\/VEHICULO-ROBADO.jpg?fit=530%2C350&#038;ssl=1\" src=\"https:\/\/i0.wp.com\/eltrabajo.cl\/portal\/wp-content\/uploads\/2016\/01\/VEHICULO-ROBADO.jpg?w=316&#038;h=209&#038;ssl=1\" srcset=\"https:\/\/i0.wp.com\/eltrabajo.cl\/portal\/wp-content\/uploads\/2016\/01\/VEHICULO-ROBADO.jpg?w=530&amp;ssl=1 530w, https:\/\/i0.wp.com\/eltrabajo.cl\/portal\/wp-content\/uploads\/2016\/01\/VEHICULO-ROBADO.jpg?resize=200%2C132&amp;ssl=1 200w, https:\/\/i0.wp.com\/eltrabajo.cl\/portal\/wp-content\/uploads\/2016\/01\/VEHICULO-ROBADO.jpg?resize=300%2C198&amp;ssl=1 300w, https:\/\/i0.wp.com\/eltrabajo.cl\/portal\/wp-content\/uploads\/2016\/01\/VEHICULO-ROBADO.jpg?resize=227%2C150&amp;ssl=1 227w, https:\/\/i0.wp.com\/eltrabajo.cl\/portal\/wp-content\/uploads\/2016\/01\/VEHICULO-ROBADO.jpg?resize=400%2C264&amp;ssl=1 400w\" width=\"316\" height=\"209\" loading=\"lazy\" data-original-width=\"316\" data-original-height=\"209\" itemprop=\"http:\/\/schema.org\/image\" title=\"VEHICULO ROBADO\" alt=\"AUTO ROBADO: Los antisociales robaron este veh\u00edculo marca Toyota desde el frontis de una vivienda en la poblaci\u00f3n Puente de San Felipe para cometer sus fechor\u00edas.\" style=\"width: 316px; height: 209px;\" \/> <\/a> <div class=\"tiled-gallery-caption\" itemprop=\"caption description\"> AUTO ROBADO: Los antisociales robaron este veh\u00edculo marca Toyota desde el frontis de una vivienda en la poblaci\u00f3n Puente de San Felipe para cometer sus fechor\u00edas. <\/div> <\/div> <\/div> <!-- close group --> <\/div> <!-- close row --> <\/div>\n","protected":false},"excerpt":{"rendered":"<p>Antisociales cometieron fechor\u00edas dejando como consecuencia tres v\u00edctimas de robo, uno de ellos fue enca\u00f1onado con arma hechiza y golpeado desmedidamente. Uno de estos delincuentes el d\u00eda anterior hab\u00eda cometido otro delito&#8230;<\/p>\n","protected":false},"author":482,"featured_media":65427,"comment_status":"open","ping_status":"open","sticky":false,"template":"","format":"standard","meta":{"advanced_seo_description":"","jetpack_seo_html_title":"","jetpack_seo_noindex":false,"_jetpack_memberships_contains_paid_content":false,"footnotes":""},"categories":[21],"tags":[],"class_list":["post-65426","post","type-post","status-publish","format-standard","has-post-thumbnail","hentry","category-policial"],"jetpack_featured_media_url":"https:\/\/i0.wp.com\/eltrabajo.cl\/portal\/wp-content\/uploads\/2016\/01\/LUIS-Y-CAMILO-copia.jpg?fit=530%2C349&ssl=1","jetpack_sharing_enabled":true,"jetpack_likes_enabled":true,"jetpack-related-posts":[],"_links":{"self":[{"href":"https:\/\/eltrabajo.cl\/portal\/wp-json\/wp\/v2\/posts\/65426","targetHints":{"allow":["GET"]}}],"collection":[{"href":"https:\/\/eltrabajo.cl\/portal\/wp-json\/wp\/v2\/posts"}],"about":[{"href":"https:\/\/eltrabajo.cl\/portal\/wp-json\/wp\/v2\/types\/post"}],"author":[{"embeddable":true,"href":"https:\/\/eltrabajo.cl\/portal\/wp-json\/wp\/v2\/users\/482"}],"replies":[{"embeddable":true,"href":"https:\/\/eltrabajo.cl\/portal\/wp-json\/wp\/v2\/comments?post=65426"}],"version-history":[{"count":0,"href":"https:\/\/eltrabajo.cl\/portal\/wp-json\/wp\/v2\/posts\/65426\/revisions"}],"wp:featuredmedia":[{"embeddable":true,"href":"https:\/\/eltrabajo.cl\/portal\/wp-json\/wp\/v2\/media\/65427"}],"wp:attachment":[{"href":"https:\/\/eltrabajo.cl\/portal\/wp-json\/wp\/v2\/media?parent=65426"}],"wp:term":[{"taxonomy":"category","embeddable":true,"href":"https:\/\/eltrabajo.cl\/portal\/wp-json\/wp\/v2\/categories?post=65426"},{"taxonomy":"post_tag","embeddable":true,"href":"https:\/\/eltrabajo.cl\/portal\/wp-json\/wp\/v2\/tags?post=65426"}],"curies":[{"name":"wp","href":"https:\/\/api.w.org\/{rel}","templated":true}]}}