{"id":65434,"date":"2016-01-05T14:29:30","date_gmt":"2016-01-05T17:29:30","guid":{"rendered":"http:\/\/www.eltrabajo.cl\/portal\/?p=65434"},"modified":"2016-01-05T14:29:30","modified_gmt":"2016-01-05T17:29:30","slug":"union-san-felipe-sumo-un-nuevo-delantero","status":"publish","type":"post","link":"https:\/\/eltrabajo.cl\/portal\/union-san-felipe-sumo-un-nuevo-delantero\/","title":{"rendered":"Uni\u00f3n San Felipe sum\u00f3 un nuevo delantero"},"content":{"rendered":"<figure id=\"attachment_65435\" aria-describedby=\"caption-attachment-65435\" style=\"width: 300px\" class=\"wp-caption alignleft\"><img data-recalc-dims=\"1\" loading=\"lazy\" decoding=\"async\" class=\"wp-image-65435 size-medium\" src=\"https:\/\/i0.wp.com\/www.eltrabajo.cl\/portal\/wp-content\/uploads\/2016\/01\/gaston-corado-300x197.jpg?resize=300%2C197\" alt=\"Gast\u00f3n Corado tiene un recorrido extenso en el f\u00fatbol del ascenso argentino.\" width=\"300\" height=\"197\" srcset=\"https:\/\/i0.wp.com\/eltrabajo.cl\/portal\/wp-content\/uploads\/2016\/01\/gaston-corado.jpg?resize=300%2C197&amp;ssl=1 300w, https:\/\/i0.wp.com\/eltrabajo.cl\/portal\/wp-content\/uploads\/2016\/01\/gaston-corado.jpg?resize=200%2C131&amp;ssl=1 200w, https:\/\/i0.wp.com\/eltrabajo.cl\/portal\/wp-content\/uploads\/2016\/01\/gaston-corado.jpg?resize=228%2C150&amp;ssl=1 228w, https:\/\/i0.wp.com\/eltrabajo.cl\/portal\/wp-content\/uploads\/2016\/01\/gaston-corado.jpg?resize=400%2C263&amp;ssl=1 400w, https:\/\/i0.wp.com\/eltrabajo.cl\/portal\/wp-content\/uploads\/2016\/01\/gaston-corado.jpg?w=530&amp;ssl=1 530w\" sizes=\"auto, (max-width: 300px) 100vw, 300px\" \/><figcaption id=\"caption-attachment-65435\" class=\"wp-caption-text\">Gast\u00f3n Corado tiene un recorrido extenso en el f\u00fatbol del ascenso argentino.<\/figcaption><\/figure>\n<p>Con la ilusi\u00f3n y convicci\u00f3n que sabr\u00e1 aprovechar esta oportunidad y nueva experiencia en su carrera deportiva, se incorpor\u00f3 a Uni\u00f3n San Felipe el delantero de nacionalidad Argentina, Gast\u00f3n Corado.<br \/>\nEl nuevo elemento de 26 a\u00f1os de edad que llega al Valle de Aconcagua para reforzar la ofensiva de los albirrojos, hizo su formaci\u00f3n como jugador en Banfield, desde donde parti\u00f3 a Lan\u00fas, club en el cual tuvo su primer contrato como profesional.<br \/>\nLuego de eso, Corado comenz\u00f3 un deambular por las series de ascenso del balompi\u00e9 trasandino, en el cual logr\u00f3 ser goleador de la C, con el club Talleres de Remedios de Escalada, instituci\u00f3n que ascendi\u00f3 a la B Metropolitana.<br \/>\nEl Trabajo Deportivo estuvo presente en el Complejo Deportivo del Un\u00ed, para conocer al jugador quien afirm\u00f3. \u201cSoy un centrodelantero que me puedo mover por todo el frente del ataque; llegar a San Felipe es una experiencia nueva para mi, estoy muy motivado e ilusionado\u201d.<br \/>\nEl domingo pasado Gast\u00f3n Corado, actu\u00f3 algunos minutos en el duelo amistoso con la Universidad de Chile, y su balance fue positivo. \u201cMe sent\u00ed muy bien y c\u00f3modo, es obvio que me faltan minutos de juego para poder conocer a todos los compa\u00f1eros, as\u00ed que d\u00e9 a poquito nos iremos conociendo\u201d.<br \/>\nRespecto a la dif\u00edcil tarea que el Un\u00ed tiene por delante, Corado es optimista. \u201cHay un buen plantel, es verdad que Temuco tiene una gran ventaja (12 puntos), pero hay expectativas de hacer algo importante; me gustan los desaf\u00edos y no tengo dudas que podemos pelear, lo importante es que tengamos la motivaci\u00f3n para hacerlo\u201d.<\/p>\n","protected":false},"excerpt":{"rendered":"<p>Con la ilusi\u00f3n y convicci\u00f3n que sabr\u00e1 aprovechar esta oportunidad y nueva experiencia en su carrera deportiva, se incorpor\u00f3 a Uni\u00f3n San Felipe el delantero de nacionalidad Argentina, Gast\u00f3n Corado. El nuevo&#8230;<\/p>\n","protected":false},"author":482,"featured_media":65435,"comment_status":"open","ping_status":"open","sticky":false,"template":"","format":"standard","meta":{"advanced_seo_description":"","jetpack_seo_html_title":"","jetpack_seo_noindex":false,"_jetpack_memberships_contains_paid_content":false,"footnotes":""},"categories":[19],"tags":[],"class_list":["post-65434","post","type-post","status-publish","format-standard","has-post-thumbnail","hentry","category-deportes"],"jetpack_featured_media_url":"https:\/\/i0.wp.com\/eltrabajo.cl\/portal\/wp-content\/uploads\/2016\/01\/gaston-corado.jpg?fit=530%2C348&ssl=1","jetpack_sharing_enabled":true,"jetpack_likes_enabled":true,"jetpack-related-posts":[],"_links":{"self":[{"href":"https:\/\/eltrabajo.cl\/portal\/wp-json\/wp\/v2\/posts\/65434","targetHints":{"allow":["GET"]}}],"collection":[{"href":"https:\/\/eltrabajo.cl\/portal\/wp-json\/wp\/v2\/posts"}],"about":[{"href":"https:\/\/eltrabajo.cl\/portal\/wp-json\/wp\/v2\/types\/post"}],"author":[{"embeddable":true,"href":"https:\/\/eltrabajo.cl\/portal\/wp-json\/wp\/v2\/users\/482"}],"replies":[{"embeddable":true,"href":"https:\/\/eltrabajo.cl\/portal\/wp-json\/wp\/v2\/comments?post=65434"}],"version-history":[{"count":0,"href":"https:\/\/eltrabajo.cl\/portal\/wp-json\/wp\/v2\/posts\/65434\/revisions"}],"wp:featuredmedia":[{"embeddable":true,"href":"https:\/\/eltrabajo.cl\/portal\/wp-json\/wp\/v2\/media\/65435"}],"wp:attachment":[{"href":"https:\/\/eltrabajo.cl\/portal\/wp-json\/wp\/v2\/media?parent=65434"}],"wp:term":[{"taxonomy":"category","embeddable":true,"href":"https:\/\/eltrabajo.cl\/portal\/wp-json\/wp\/v2\/categories?post=65434"},{"taxonomy":"post_tag","embeddable":true,"href":"https:\/\/eltrabajo.cl\/portal\/wp-json\/wp\/v2\/tags?post=65434"}],"curies":[{"name":"wp","href":"https:\/\/api.w.org\/{rel}","templated":true}]}}