{"id":65437,"date":"2016-01-05T14:31:05","date_gmt":"2016-01-05T17:31:05","guid":{"rendered":"http:\/\/www.eltrabajo.cl\/portal\/?p=65437"},"modified":"2016-01-05T14:31:05","modified_gmt":"2016-01-05T17:31:05","slug":"autoridades-firman-convenio-con-empresa-privada-para-impulsar-cuidado-al-medioambiente","status":"publish","type":"post","link":"https:\/\/eltrabajo.cl\/portal\/autoridades-firman-convenio-con-empresa-privada-para-impulsar-cuidado-al-medioambiente\/","title":{"rendered":"Autoridades firman convenio con empresa privada para impulsar cuidado al medioambiente"},"content":{"rendered":"<figure id=\"attachment_65438\" aria-describedby=\"caption-attachment-65438\" style=\"width: 300px\" class=\"wp-caption alignleft\"><img data-recalc-dims=\"1\" loading=\"lazy\" decoding=\"async\" class=\"wp-image-65438 size-medium\" src=\"https:\/\/i0.wp.com\/www.eltrabajo.cl\/portal\/wp-content\/uploads\/2016\/01\/REUNION-DE-CRISTALERIAS-CHILE-300x198.jpg?resize=300%2C198\" alt=\"Durante una reuni\u00f3n de trabajo, el alcalde Marillanca firm\u00f3 un convenio de cooperaci\u00f3n con la empresa privada para fomentar el desarrollo ambiental y cultural de la ciudad. \" width=\"300\" height=\"198\" srcset=\"https:\/\/i0.wp.com\/eltrabajo.cl\/portal\/wp-content\/uploads\/2016\/01\/REUNION-DE-CRISTALERIAS-CHILE.jpg?resize=300%2C198&amp;ssl=1 300w, https:\/\/i0.wp.com\/eltrabajo.cl\/portal\/wp-content\/uploads\/2016\/01\/REUNION-DE-CRISTALERIAS-CHILE.jpg?resize=200%2C132&amp;ssl=1 200w, https:\/\/i0.wp.com\/eltrabajo.cl\/portal\/wp-content\/uploads\/2016\/01\/REUNION-DE-CRISTALERIAS-CHILE.jpg?resize=228%2C150&amp;ssl=1 228w, https:\/\/i0.wp.com\/eltrabajo.cl\/portal\/wp-content\/uploads\/2016\/01\/REUNION-DE-CRISTALERIAS-CHILE.jpg?resize=400%2C263&amp;ssl=1 400w, https:\/\/i0.wp.com\/eltrabajo.cl\/portal\/wp-content\/uploads\/2016\/01\/REUNION-DE-CRISTALERIAS-CHILE.jpg?w=530&amp;ssl=1 530w\" sizes=\"auto, (max-width: 300px) 100vw, 300px\" \/><figcaption id=\"caption-attachment-65438\" class=\"wp-caption-text\">Durante una reuni\u00f3n de trabajo, el alcalde Marillanca firm\u00f3 un convenio de cooperaci\u00f3n con la empresa privada para fomentar el desarrollo ambiental y cultural de la ciudad.<\/figcaption><\/figure>\n<p><strong>LLAY LLAY.-<\/strong> En el marco de una reuni\u00f3n de trabajo, el alcalde Mario Marillanca firm\u00f3 un convenio de cooperaci\u00f3n con la empresa Critaler\u00edas Chile, por medio del cual formalizan el trabajo de cooperaci\u00f3n mutua que vienen desarrollando ambas instituciones.<br \/>\nLa intervenci\u00f3n ser\u00e1 multidisciplinaria y se enfoca a potenciar y reforzar el desarrollo comunal en \u00e1reas de cultura, medioambiente, educaci\u00f3n, deporte y sociedad.<br \/>\nEl alcalde Mario Marillanca detall\u00f3 alguno de los par\u00e1metros del convenio al se\u00f1alar que la empresa \u201chace un aporte al municipio de 7 millones de pesos, cuya finalidad es realizar un proyecto de reciclaje en la poblaci\u00f3n Juan Cort\u00e9s, donde participan vecinos del sector, Servicio Pa\u00eds y la Municipalidad\u201d.<br \/>\nEl Alcalde tambi\u00e9n manifest\u00f3 que se realizar\u00e1n algunas actividades deportivas y recreativas en el estadio y la piscina municipal; y se mejorar\u00e1n las dependencias del estadio: \u201cUn convenio altamente provechoso por medio del cual se mejorar\u00e1 substancialmente\u201d, concluy\u00f3 la autoridad.<br \/>\nLa implementaci\u00f3n del programa de cooperaci\u00f3n se realizar\u00e1 por medio de un taller de hidroterapia y el mejoramiento al estadio municipal, y la gesti\u00f3n y potenciaci\u00f3n del reciclaje en la poblaci\u00f3n Juan Cort\u00e9s.<br \/>\nEl taller de hidroterapia va ligado fuertemente a ayudar a las personas que padecen problemas articulares y musculares. Se realizar\u00e1 en la piscina municipal durante los meses de verano. Por otra parte, \u201cen el estadio municipal se realizar\u00e1 un mejoramiento de pintura en galer\u00edas, cambio de tablones, modernizaci\u00f3n del marcador, iluminaci\u00f3n, arreglo de ba\u00f1os, el cual finalizar\u00e1 con un campeonato de atletismo en el recinto, ya que es una de las ramas deportivas con mayor logro en nuestra comuna\u201d, dice textualmente el convenio de cooperaci\u00f3n.<br \/>\nPor su parte la ingeniero Patricia Mart\u00ednez, responsable del \u00e1rea de medioambiente de Servicio Pa\u00eds, expres\u00f3 que la finalidad del proyecto medioambiental busca \u201cpotenciar el tema del reciclaje, trabajar y gestionar residuos org\u00e1nicos. Capacitar a la comunidad para que puedan realizar emprendimientos como lombricultura o compostaje\u201d.<br \/>\n<strong>Marianela Quevedo<\/strong><\/p>\n","protected":false},"excerpt":{"rendered":"<p>LLAY LLAY.- En el marco de una reuni\u00f3n de trabajo, el alcalde Mario Marillanca firm\u00f3 un convenio de cooperaci\u00f3n con la empresa Critaler\u00edas Chile, por medio del cual formalizan el trabajo de&#8230;<\/p>\n","protected":false},"author":482,"featured_media":65438,"comment_status":"open","ping_status":"open","sticky":false,"template":"","format":"standard","meta":{"advanced_seo_description":"","jetpack_seo_html_title":"","jetpack_seo_noindex":false,"_jetpack_memberships_contains_paid_content":false,"footnotes":""},"categories":[15],"tags":[],"class_list":["post-65437","post","type-post","status-publish","format-standard","has-post-thumbnail","hentry","category-comunidad"],"jetpack_featured_media_url":"https:\/\/i0.wp.com\/eltrabajo.cl\/portal\/wp-content\/uploads\/2016\/01\/REUNION-DE-CRISTALERIAS-CHILE.jpg?fit=530%2C349&ssl=1","jetpack_sharing_enabled":true,"jetpack_likes_enabled":true,"jetpack-related-posts":[],"_links":{"self":[{"href":"https:\/\/eltrabajo.cl\/portal\/wp-json\/wp\/v2\/posts\/65437","targetHints":{"allow":["GET"]}}],"collection":[{"href":"https:\/\/eltrabajo.cl\/portal\/wp-json\/wp\/v2\/posts"}],"about":[{"href":"https:\/\/eltrabajo.cl\/portal\/wp-json\/wp\/v2\/types\/post"}],"author":[{"embeddable":true,"href":"https:\/\/eltrabajo.cl\/portal\/wp-json\/wp\/v2\/users\/482"}],"replies":[{"embeddable":true,"href":"https:\/\/eltrabajo.cl\/portal\/wp-json\/wp\/v2\/comments?post=65437"}],"version-history":[{"count":0,"href":"https:\/\/eltrabajo.cl\/portal\/wp-json\/wp\/v2\/posts\/65437\/revisions"}],"wp:featuredmedia":[{"embeddable":true,"href":"https:\/\/eltrabajo.cl\/portal\/wp-json\/wp\/v2\/media\/65438"}],"wp:attachment":[{"href":"https:\/\/eltrabajo.cl\/portal\/wp-json\/wp\/v2\/media?parent=65437"}],"wp:term":[{"taxonomy":"category","embeddable":true,"href":"https:\/\/eltrabajo.cl\/portal\/wp-json\/wp\/v2\/categories?post=65437"},{"taxonomy":"post_tag","embeddable":true,"href":"https:\/\/eltrabajo.cl\/portal\/wp-json\/wp\/v2\/tags?post=65437"}],"curies":[{"name":"wp","href":"https:\/\/api.w.org\/{rel}","templated":true}]}}